{"id":92500,"date":"2022-07-17T11:51:10","date_gmt":"2022-07-17T09:51:10","guid":{"rendered":"https:\/\/ffcv.es\/wp\/?p=92500"},"modified":"2022-07-17T12:22:45","modified_gmt":"2022-07-17T10:22:45","slug":"historico-tercer-puesto-de-la-seleccio-valenciana-masculina-sub19-en-el-campeonato-nacional-de-selecciones-autonomicas-de-futbol-playa-%f0%9f%a5%89%f0%9f%92%aa","status":"publish","type":"post","link":"https:\/\/ffcv.es\/wp\/blog\/2022\/07\/historico-tercer-puesto-de-la-seleccio-valenciana-masculina-sub19-en-el-campeonato-nacional-de-selecciones-autonomicas-de-futbol-playa-%f0%9f%a5%89%f0%9f%92%aa\/","title":{"rendered":"Hist\u00f3rico tercer puesto de la Selecci\u00f3 Valenciana masculina sub19 en el Campeonato Nacional de Selecciones Auton\u00f3micas de f\u00fatbol playa \ud83e\udd49\ud83d\udcaa"},"content":{"rendered":"\n<p>La <strong>Selecci\u00f3 Valenciana masculina sub19 <\/strong>de f\u00fatbol playa consigui\u00f3 un hist\u00f3rico tercer puesto en el <strong>Campeonato Nacional de Selecciones Auton\u00f3micas<\/strong> celebrado esta semana en <strong>C\u00e1diz<\/strong>.<\/p>\n\n\n\n<p>La <strong>Selecci\u00f3<\/strong> dirigida por <strong>V\u00edctor Viala<\/strong>, que se impuso por cinco goles a tres a <strong>Andaluc\u00eda<\/strong> en el partido por la tercera plaza, logr\u00f3 el mejor puesto de una selecci\u00f3n masculina de la <strong>Comunitat Valenciana<\/strong> en todas las ediciones de los campeonatos de <strong>Espa\u00f1a<\/strong> de f\u00fatbol playa disputadas hasta el momento, algo solo igualado por la <strong>Selecci\u00f3<\/strong> absoluta en esta misma edici\u00f3n del <strong>CNSA<\/strong>.<\/p>\n\n\n\n<figure class=\"wp-block-image size-large\"><img loading=\"lazy\" decoding=\"async\" width=\"1024\" height=\"682\" data-src=\"https:\/\/ffcv.es\/wp\/wp-content\/uploads\/2022\/07\/WhatsApp-Image-2022-07-17-at-11.44.42-AM-1024x682.jpeg\" alt=\"\" class=\"wp-image-92523 lazyload\" data-srcset=\"https:\/\/ffcv.es\/wp\/wp-content\/uploads\/2022\/07\/WhatsApp-Image-2022-07-17-at-11.44.42-AM-1024x682.jpeg 1024w, https:\/\/ffcv.es\/wp\/wp-content\/uploads\/2022\/07\/WhatsApp-Image-2022-07-17-at-11.44.42-AM-300x200.jpeg 300w, https:\/\/ffcv.es\/wp\/wp-content\/uploads\/2022\/07\/WhatsApp-Image-2022-07-17-at-11.44.42-AM-768x512.jpeg 768w, https:\/\/ffcv.es\/wp\/wp-content\/uploads\/2022\/07\/WhatsApp-Image-2022-07-17-at-11.44.42-AM-1536x1023.jpeg 1536w, https:\/\/ffcv.es\/wp\/wp-content\/uploads\/2022\/07\/WhatsApp-Image-2022-07-17-at-11.44.42-AM-280x187.jpeg 280w, https:\/\/ffcv.es\/wp\/wp-content\/uploads\/2022\/07\/WhatsApp-Image-2022-07-17-at-11.44.42-AM-1170x780.jpeg 1170w, https:\/\/ffcv.es\/wp\/wp-content\/uploads\/2022\/07\/WhatsApp-Image-2022-07-17-at-11.44.42-AM.jpeg 1600w\" data-sizes=\"(max-width: 1024px) 100vw, 1024px\" src=\"data:image\/gif;base64,R0lGODlhAQABAAAAACH5BAEKAAEALAAAAAABAAEAAAICTAEAOw==\" style=\"--smush-placeholder-width: 1024px; --smush-placeholder-aspect-ratio: 1024\/682;\" \/><noscript><img loading=\"lazy\" decoding=\"async\" width=\"1024\" height=\"682\" src=\"https:\/\/ffcv.es\/wp\/wp-content\/uploads\/2022\/07\/WhatsApp-Image-2022-07-17-at-11.44.42-AM-1024x682.jpeg\" alt=\"\" class=\"wp-image-92523\" srcset=\"https:\/\/ffcv.es\/wp\/wp-content\/uploads\/2022\/07\/WhatsApp-Image-2022-07-17-at-11.44.42-AM-1024x682.jpeg 1024w, https:\/\/ffcv.es\/wp\/wp-content\/uploads\/2022\/07\/WhatsApp-Image-2022-07-17-at-11.44.42-AM-300x200.jpeg 300w, https:\/\/ffcv.es\/wp\/wp-content\/uploads\/2022\/07\/WhatsApp-Image-2022-07-17-at-11.44.42-AM-768x512.jpeg 768w, https:\/\/ffcv.es\/wp\/wp-content\/uploads\/2022\/07\/WhatsApp-Image-2022-07-17-at-11.44.42-AM-1536x1023.jpeg 1536w, https:\/\/ffcv.es\/wp\/wp-content\/uploads\/2022\/07\/WhatsApp-Image-2022-07-17-at-11.44.42-AM-280x187.jpeg 280w, https:\/\/ffcv.es\/wp\/wp-content\/uploads\/2022\/07\/WhatsApp-Image-2022-07-17-at-11.44.42-AM-1170x780.jpeg 1170w, https:\/\/ffcv.es\/wp\/wp-content\/uploads\/2022\/07\/WhatsApp-Image-2022-07-17-at-11.44.42-AM.jpeg 1600w\" sizes=\"(max-width: 1024px) 100vw, 1024px\" \/><\/noscript><\/figure>\n\n\n\n<p>La sub19 masculina ha ido de menos a m\u00e1s en el torneo y ha demostrado ser un grupo compacto que ha superado muchas adversidades y que solo ha ca\u00eddo frente a otras selecciones que han demostrado un gran nivel, como es el caso de la semifinal frente a <strong>Melilla<\/strong>.<\/p>\n\n\n\n<figure class=\"wp-block-embed is-type-rich is-provider-instagram wp-block-embed-instagram\"><div class=\"wp-block-embed__wrapper\">\nhttps:\/\/www.instagram.com\/tv\/CgHB2ZfFPHZ\/?utm_source=ig_web_copy_link\n<\/div><\/figure>\n\n\n\n<figure class=\"wp-block-image size-large\"><img loading=\"lazy\" decoding=\"async\" width=\"913\" height=\"1024\" data-src=\"https:\/\/ffcv.es\/wp\/wp-content\/uploads\/2022\/07\/WhatsApp-Image-2022-07-16-at-6.24.30-PM-913x1024.jpeg\" alt=\"\" class=\"wp-image-92503 lazyload\" data-srcset=\"https:\/\/ffcv.es\/wp\/wp-content\/uploads\/2022\/07\/WhatsApp-Image-2022-07-16-at-6.24.30-PM-913x1024.jpeg 913w, https:\/\/ffcv.es\/wp\/wp-content\/uploads\/2022\/07\/WhatsApp-Image-2022-07-16-at-6.24.30-PM-268x300.jpeg 268w, https:\/\/ffcv.es\/wp\/wp-content\/uploads\/2022\/07\/WhatsApp-Image-2022-07-16-at-6.24.30-PM-768x861.jpeg 768w, https:\/\/ffcv.es\/wp\/wp-content\/uploads\/2022\/07\/WhatsApp-Image-2022-07-16-at-6.24.30-PM-1370x1536.jpeg 1370w, https:\/\/ffcv.es\/wp\/wp-content\/uploads\/2022\/07\/WhatsApp-Image-2022-07-16-at-6.24.30-PM-167x187.jpeg 167w, https:\/\/ffcv.es\/wp\/wp-content\/uploads\/2022\/07\/WhatsApp-Image-2022-07-16-at-6.24.30-PM-1170x1312.jpeg 1170w, https:\/\/ffcv.es\/wp\/wp-content\/uploads\/2022\/07\/WhatsApp-Image-2022-07-16-at-6.24.30-PM.jpeg 963w\" data-sizes=\"(max-width: 913px) 100vw, 913px\" src=\"data:image\/gif;base64,R0lGODlhAQABAAAAACH5BAEKAAEALAAAAAABAAEAAAICTAEAOw==\" style=\"--smush-placeholder-width: 913px; --smush-placeholder-aspect-ratio: 913\/1024;\" \/><noscript><img loading=\"lazy\" decoding=\"async\" width=\"913\" height=\"1024\" src=\"https:\/\/ffcv.es\/wp\/wp-content\/uploads\/2022\/07\/WhatsApp-Image-2022-07-16-at-6.24.30-PM-913x1024.jpeg\" alt=\"\" class=\"wp-image-92503\" srcset=\"https:\/\/ffcv.es\/wp\/wp-content\/uploads\/2022\/07\/WhatsApp-Image-2022-07-16-at-6.24.30-PM-913x1024.jpeg 913w, https:\/\/ffcv.es\/wp\/wp-content\/uploads\/2022\/07\/WhatsApp-Image-2022-07-16-at-6.24.30-PM-268x300.jpeg 268w, https:\/\/ffcv.es\/wp\/wp-content\/uploads\/2022\/07\/WhatsApp-Image-2022-07-16-at-6.24.30-PM-768x861.jpeg 768w, https:\/\/ffcv.es\/wp\/wp-content\/uploads\/2022\/07\/WhatsApp-Image-2022-07-16-at-6.24.30-PM-1370x1536.jpeg 1370w, https:\/\/ffcv.es\/wp\/wp-content\/uploads\/2022\/07\/WhatsApp-Image-2022-07-16-at-6.24.30-PM-167x187.jpeg 167w, https:\/\/ffcv.es\/wp\/wp-content\/uploads\/2022\/07\/WhatsApp-Image-2022-07-16-at-6.24.30-PM-1170x1312.jpeg 1170w, https:\/\/ffcv.es\/wp\/wp-content\/uploads\/2022\/07\/WhatsApp-Image-2022-07-16-at-6.24.30-PM.jpeg 963w\" sizes=\"(max-width: 913px) 100vw, 913px\" \/><\/noscript><\/figure>\n\n\n\n<h2 class=\"wp-block-heading\">Resultados del campeonato<\/h2>\n\n\n\n<h3 class=\"wp-block-heading\">Fase de grupos<\/h3>\n\n\n\n<figure class=\"wp-block-gallery has-nested-images columns-default is-cropped wp-block-gallery-1 is-layout-flex wp-block-gallery-is-layout-flex\">\n<figure class=\"wp-block-image size-large\"><img loading=\"lazy\" decoding=\"async\" width=\"1080\" height=\"1080\" data-id=\"92504\" data-src=\"https:\/\/ffcv.es\/wp\/wp-content\/uploads\/2022\/07\/TW-5.png\" alt=\"\" class=\"wp-image-92504 lazyload\" data-srcset=\"https:\/\/ffcv.es\/wp\/wp-content\/uploads\/2022\/07\/TW-5.png 1080w, https:\/\/ffcv.es\/wp\/wp-content\/uploads\/2022\/07\/TW-5-300x300.png 300w, https:\/\/ffcv.es\/wp\/wp-content\/uploads\/2022\/07\/TW-5-1024x1024.png 1024w, https:\/\/ffcv.es\/wp\/wp-content\/uploads\/2022\/07\/TW-5-150x150.png 150w, https:\/\/ffcv.es\/wp\/wp-content\/uploads\/2022\/07\/TW-5-768x768.png 768w, https:\/\/ffcv.es\/wp\/wp-content\/uploads\/2022\/07\/TW-5-1536x1536.png 1536w, https:\/\/ffcv.es\/wp\/wp-content\/uploads\/2022\/07\/TW-5-187x187.png 187w, https:\/\/ffcv.es\/wp\/wp-content\/uploads\/2022\/07\/TW-5-1170x1170.png 1170w\" data-sizes=\"(max-width: 1080px) 100vw, 1080px\" src=\"data:image\/gif;base64,R0lGODlhAQABAAAAACH5BAEKAAEALAAAAAABAAEAAAICTAEAOw==\" style=\"--smush-placeholder-width: 1080px; --smush-placeholder-aspect-ratio: 1080\/1080;\" \/><noscript><img loading=\"lazy\" decoding=\"async\" width=\"1080\" height=\"1080\" data-id=\"92504\" src=\"https:\/\/ffcv.es\/wp\/wp-content\/uploads\/2022\/07\/TW-5.png\" alt=\"\" class=\"wp-image-92504\" srcset=\"https:\/\/ffcv.es\/wp\/wp-content\/uploads\/2022\/07\/TW-5.png 1080w, https:\/\/ffcv.es\/wp\/wp-content\/uploads\/2022\/07\/TW-5-300x300.png 300w, https:\/\/ffcv.es\/wp\/wp-content\/uploads\/2022\/07\/TW-5-1024x1024.png 1024w, https:\/\/ffcv.es\/wp\/wp-content\/uploads\/2022\/07\/TW-5-150x150.png 150w, https:\/\/ffcv.es\/wp\/wp-content\/uploads\/2022\/07\/TW-5-768x768.png 768w, https:\/\/ffcv.es\/wp\/wp-content\/uploads\/2022\/07\/TW-5-1536x1536.png 1536w, https:\/\/ffcv.es\/wp\/wp-content\/uploads\/2022\/07\/TW-5-187x187.png 187w, https:\/\/ffcv.es\/wp\/wp-content\/uploads\/2022\/07\/TW-5-1170x1170.png 1170w\" sizes=\"(max-width: 1080px) 100vw, 1080px\" \/><\/noscript><\/figure>\n\n\n\n<figure class=\"wp-block-image size-large\"><img loading=\"lazy\" decoding=\"async\" width=\"1080\" height=\"1080\" data-id=\"92505\" data-src=\"https:\/\/ffcv.es\/wp\/wp-content\/uploads\/2022\/07\/TW-6.png\" alt=\"\" class=\"wp-image-92505 lazyload\" data-srcset=\"https:\/\/ffcv.es\/wp\/wp-content\/uploads\/2022\/07\/TW-6.png 1080w, https:\/\/ffcv.es\/wp\/wp-content\/uploads\/2022\/07\/TW-6-300x300.png 300w, https:\/\/ffcv.es\/wp\/wp-content\/uploads\/2022\/07\/TW-6-1024x1024.png 1024w, https:\/\/ffcv.es\/wp\/wp-content\/uploads\/2022\/07\/TW-6-150x150.png 150w, https:\/\/ffcv.es\/wp\/wp-content\/uploads\/2022\/07\/TW-6-768x768.png 768w, https:\/\/ffcv.es\/wp\/wp-content\/uploads\/2022\/07\/TW-6-1536x1536.png 1536w, https:\/\/ffcv.es\/wp\/wp-content\/uploads\/2022\/07\/TW-6-187x187.png 187w, https:\/\/ffcv.es\/wp\/wp-content\/uploads\/2022\/07\/TW-6-1170x1170.png 1170w\" data-sizes=\"(max-width: 1080px) 100vw, 1080px\" src=\"data:image\/gif;base64,R0lGODlhAQABAAAAACH5BAEKAAEALAAAAAABAAEAAAICTAEAOw==\" style=\"--smush-placeholder-width: 1080px; --smush-placeholder-aspect-ratio: 1080\/1080;\" \/><noscript><img loading=\"lazy\" decoding=\"async\" width=\"1080\" height=\"1080\" data-id=\"92505\" src=\"https:\/\/ffcv.es\/wp\/wp-content\/uploads\/2022\/07\/TW-6.png\" alt=\"\" class=\"wp-image-92505\" srcset=\"https:\/\/ffcv.es\/wp\/wp-content\/uploads\/2022\/07\/TW-6.png 1080w, https:\/\/ffcv.es\/wp\/wp-content\/uploads\/2022\/07\/TW-6-300x300.png 300w, https:\/\/ffcv.es\/wp\/wp-content\/uploads\/2022\/07\/TW-6-1024x1024.png 1024w, https:\/\/ffcv.es\/wp\/wp-content\/uploads\/2022\/07\/TW-6-150x150.png 150w, https:\/\/ffcv.es\/wp\/wp-content\/uploads\/2022\/07\/TW-6-768x768.png 768w, https:\/\/ffcv.es\/wp\/wp-content\/uploads\/2022\/07\/TW-6-1536x1536.png 1536w, https:\/\/ffcv.es\/wp\/wp-content\/uploads\/2022\/07\/TW-6-187x187.png 187w, https:\/\/ffcv.es\/wp\/wp-content\/uploads\/2022\/07\/TW-6-1170x1170.png 1170w\" sizes=\"(max-width: 1080px) 100vw, 1080px\" \/><\/noscript><\/figure>\n<\/figure>\n\n\n\n<h3 class=\"wp-block-heading\">Semifinal<\/h3>\n\n\n\n<figure class=\"wp-block-image size-large\"><img loading=\"lazy\" decoding=\"async\" width=\"1024\" height=\"1024\" data-src=\"https:\/\/ffcv.es\/wp\/wp-content\/uploads\/2022\/07\/TW-7-1024x1024.png\" alt=\"\" class=\"wp-image-92506 lazyload\" data-srcset=\"https:\/\/ffcv.es\/wp\/wp-content\/uploads\/2022\/07\/TW-7-1024x1024.png 1024w, https:\/\/ffcv.es\/wp\/wp-content\/uploads\/2022\/07\/TW-7-300x300.png 300w, https:\/\/ffcv.es\/wp\/wp-content\/uploads\/2022\/07\/TW-7-150x150.png 150w, https:\/\/ffcv.es\/wp\/wp-content\/uploads\/2022\/07\/TW-7-768x768.png 768w, https:\/\/ffcv.es\/wp\/wp-content\/uploads\/2022\/07\/TW-7-1536x1536.png 1536w, https:\/\/ffcv.es\/wp\/wp-content\/uploads\/2022\/07\/TW-7-187x187.png 187w, https:\/\/ffcv.es\/wp\/wp-content\/uploads\/2022\/07\/TW-7-1170x1170.png 1170w, https:\/\/ffcv.es\/wp\/wp-content\/uploads\/2022\/07\/TW-7.png 1080w\" data-sizes=\"(max-width: 1024px) 100vw, 1024px\" src=\"data:image\/gif;base64,R0lGODlhAQABAAAAACH5BAEKAAEALAAAAAABAAEAAAICTAEAOw==\" style=\"--smush-placeholder-width: 1024px; --smush-placeholder-aspect-ratio: 1024\/1024;\" \/><noscript><img loading=\"lazy\" decoding=\"async\" width=\"1024\" height=\"1024\" src=\"https:\/\/ffcv.es\/wp\/wp-content\/uploads\/2022\/07\/TW-7-1024x1024.png\" alt=\"\" class=\"wp-image-92506\" srcset=\"https:\/\/ffcv.es\/wp\/wp-content\/uploads\/2022\/07\/TW-7-1024x1024.png 1024w, https:\/\/ffcv.es\/wp\/wp-content\/uploads\/2022\/07\/TW-7-300x300.png 300w, https:\/\/ffcv.es\/wp\/wp-content\/uploads\/2022\/07\/TW-7-150x150.png 150w, https:\/\/ffcv.es\/wp\/wp-content\/uploads\/2022\/07\/TW-7-768x768.png 768w, https:\/\/ffcv.es\/wp\/wp-content\/uploads\/2022\/07\/TW-7-1536x1536.png 1536w, https:\/\/ffcv.es\/wp\/wp-content\/uploads\/2022\/07\/TW-7-187x187.png 187w, https:\/\/ffcv.es\/wp\/wp-content\/uploads\/2022\/07\/TW-7-1170x1170.png 1170w, https:\/\/ffcv.es\/wp\/wp-content\/uploads\/2022\/07\/TW-7.png 1080w\" sizes=\"(max-width: 1024px) 100vw, 1024px\" \/><\/noscript><\/figure>\n\n\n\n<h3 class=\"wp-block-heading\">Tercer y cuarto puesto<\/h3>\n\n\n\n<figure class=\"wp-block-image size-large\"><img loading=\"lazy\" decoding=\"async\" width=\"1024\" height=\"1024\" data-src=\"https:\/\/ffcv.es\/wp\/wp-content\/uploads\/2022\/07\/TW-8-1024x1024.png\" alt=\"\" class=\"wp-image-92507 lazyload\" data-srcset=\"https:\/\/ffcv.es\/wp\/wp-content\/uploads\/2022\/07\/TW-8-1024x1024.png 1024w, https:\/\/ffcv.es\/wp\/wp-content\/uploads\/2022\/07\/TW-8-300x300.png 300w, https:\/\/ffcv.es\/wp\/wp-content\/uploads\/2022\/07\/TW-8-150x150.png 150w, https:\/\/ffcv.es\/wp\/wp-content\/uploads\/2022\/07\/TW-8-768x768.png 768w, https:\/\/ffcv.es\/wp\/wp-content\/uploads\/2022\/07\/TW-8-1536x1536.png 1536w, https:\/\/ffcv.es\/wp\/wp-content\/uploads\/2022\/07\/TW-8-187x187.png 187w, https:\/\/ffcv.es\/wp\/wp-content\/uploads\/2022\/07\/TW-8-1170x1170.png 1170w, https:\/\/ffcv.es\/wp\/wp-content\/uploads\/2022\/07\/TW-8.png 1080w\" data-sizes=\"(max-width: 1024px) 100vw, 1024px\" src=\"data:image\/gif;base64,R0lGODlhAQABAAAAACH5BAEKAAEALAAAAAABAAEAAAICTAEAOw==\" style=\"--smush-placeholder-width: 1024px; --smush-placeholder-aspect-ratio: 1024\/1024;\" \/><noscript><img loading=\"lazy\" decoding=\"async\" width=\"1024\" height=\"1024\" src=\"https:\/\/ffcv.es\/wp\/wp-content\/uploads\/2022\/07\/TW-8-1024x1024.png\" alt=\"\" class=\"wp-image-92507\" srcset=\"https:\/\/ffcv.es\/wp\/wp-content\/uploads\/2022\/07\/TW-8-1024x1024.png 1024w, https:\/\/ffcv.es\/wp\/wp-content\/uploads\/2022\/07\/TW-8-300x300.png 300w, https:\/\/ffcv.es\/wp\/wp-content\/uploads\/2022\/07\/TW-8-150x150.png 150w, https:\/\/ffcv.es\/wp\/wp-content\/uploads\/2022\/07\/TW-8-768x768.png 768w, https:\/\/ffcv.es\/wp\/wp-content\/uploads\/2022\/07\/TW-8-1536x1536.png 1536w, https:\/\/ffcv.es\/wp\/wp-content\/uploads\/2022\/07\/TW-8-187x187.png 187w, https:\/\/ffcv.es\/wp\/wp-content\/uploads\/2022\/07\/TW-8-1170x1170.png 1170w, https:\/\/ffcv.es\/wp\/wp-content\/uploads\/2022\/07\/TW-8.png 1080w\" sizes=\"(max-width: 1024px) 100vw, 1024px\" \/><\/noscript><\/figure>\n\n\n\n<h2 class=\"wp-block-heading\">Convocatoria<\/h2>\n\n\n\n<figure class=\"wp-block-image size-large\"><img loading=\"lazy\" decoding=\"async\" width=\"1024\" height=\"1024\" data-src=\"https:\/\/ffcv.es\/wp\/wp-content\/uploads\/2022\/07\/14-jul-IG-Viala-1024x1024.png\" alt=\"\" class=\"wp-image-92501 lazyload\" data-srcset=\"https:\/\/ffcv.es\/wp\/wp-content\/uploads\/2022\/07\/14-jul-IG-Viala-1024x1024.png 1024w, https:\/\/ffcv.es\/wp\/wp-content\/uploads\/2022\/07\/14-jul-IG-Viala-300x300.png 300w, https:\/\/ffcv.es\/wp\/wp-content\/uploads\/2022\/07\/14-jul-IG-Viala-150x150.png 150w, https:\/\/ffcv.es\/wp\/wp-content\/uploads\/2022\/07\/14-jul-IG-Viala-768x768.png 768w, https:\/\/ffcv.es\/wp\/wp-content\/uploads\/2022\/07\/14-jul-IG-Viala-187x187.png 187w, https:\/\/ffcv.es\/wp\/wp-content\/uploads\/2022\/07\/14-jul-IG-Viala.png 1080w\" data-sizes=\"(max-width: 1024px) 100vw, 1024px\" src=\"data:image\/gif;base64,R0lGODlhAQABAAAAACH5BAEKAAEALAAAAAABAAEAAAICTAEAOw==\" style=\"--smush-placeholder-width: 1024px; --smush-placeholder-aspect-ratio: 1024\/1024;\" \/><noscript><img loading=\"lazy\" decoding=\"async\" width=\"1024\" height=\"1024\" src=\"https:\/\/ffcv.es\/wp\/wp-content\/uploads\/2022\/07\/14-jul-IG-Viala-1024x1024.png\" alt=\"\" class=\"wp-image-92501\" srcset=\"https:\/\/ffcv.es\/wp\/wp-content\/uploads\/2022\/07\/14-jul-IG-Viala-1024x1024.png 1024w, https:\/\/ffcv.es\/wp\/wp-content\/uploads\/2022\/07\/14-jul-IG-Viala-300x300.png 300w, https:\/\/ffcv.es\/wp\/wp-content\/uploads\/2022\/07\/14-jul-IG-Viala-150x150.png 150w, https:\/\/ffcv.es\/wp\/wp-content\/uploads\/2022\/07\/14-jul-IG-Viala-768x768.png 768w, https:\/\/ffcv.es\/wp\/wp-content\/uploads\/2022\/07\/14-jul-IG-Viala-187x187.png 187w, https:\/\/ffcv.es\/wp\/wp-content\/uploads\/2022\/07\/14-jul-IG-Viala.png 1080w\" sizes=\"(max-width: 1024px) 100vw, 1024px\" \/><\/noscript><\/figure>\n\n\n\n<figure class=\"wp-block-image size-large\"><img loading=\"lazy\" decoding=\"async\" width=\"1024\" height=\"682\" data-src=\"https:\/\/ffcv.es\/wp\/wp-content\/uploads\/2022\/07\/WhatsApp-Image-2022-07-16-at-6.24.31-PM-1024x682.jpeg\" alt=\"\" class=\"wp-image-92502 lazyload\" data-srcset=\"https:\/\/ffcv.es\/wp\/wp-content\/uploads\/2022\/07\/WhatsApp-Image-2022-07-16-at-6.24.31-PM-1024x682.jpeg 1024w, https:\/\/ffcv.es\/wp\/wp-content\/uploads\/2022\/07\/WhatsApp-Image-2022-07-16-at-6.24.31-PM-300x200.jpeg 300w, https:\/\/ffcv.es\/wp\/wp-content\/uploads\/2022\/07\/WhatsApp-Image-2022-07-16-at-6.24.31-PM-768x512.jpeg 768w, https:\/\/ffcv.es\/wp\/wp-content\/uploads\/2022\/07\/WhatsApp-Image-2022-07-16-at-6.24.31-PM-1536x1023.jpeg 1536w, https:\/\/ffcv.es\/wp\/wp-content\/uploads\/2022\/07\/WhatsApp-Image-2022-07-16-at-6.24.31-PM-280x187.jpeg 280w, https:\/\/ffcv.es\/wp\/wp-content\/uploads\/2022\/07\/WhatsApp-Image-2022-07-16-at-6.24.31-PM-1170x780.jpeg 1170w, https:\/\/ffcv.es\/wp\/wp-content\/uploads\/2022\/07\/WhatsApp-Image-2022-07-16-at-6.24.31-PM.jpeg 1600w\" data-sizes=\"(max-width: 1024px) 100vw, 1024px\" src=\"data:image\/gif;base64,R0lGODlhAQABAAAAACH5BAEKAAEALAAAAAABAAEAAAICTAEAOw==\" style=\"--smush-placeholder-width: 1024px; --smush-placeholder-aspect-ratio: 1024\/682;\" \/><noscript><img loading=\"lazy\" decoding=\"async\" width=\"1024\" height=\"682\" src=\"https:\/\/ffcv.es\/wp\/wp-content\/uploads\/2022\/07\/WhatsApp-Image-2022-07-16-at-6.24.31-PM-1024x682.jpeg\" alt=\"\" class=\"wp-image-92502\" srcset=\"https:\/\/ffcv.es\/wp\/wp-content\/uploads\/2022\/07\/WhatsApp-Image-2022-07-16-at-6.24.31-PM-1024x682.jpeg 1024w, https:\/\/ffcv.es\/wp\/wp-content\/uploads\/2022\/07\/WhatsApp-Image-2022-07-16-at-6.24.31-PM-300x200.jpeg 300w, https:\/\/ffcv.es\/wp\/wp-content\/uploads\/2022\/07\/WhatsApp-Image-2022-07-16-at-6.24.31-PM-768x512.jpeg 768w, https:\/\/ffcv.es\/wp\/wp-content\/uploads\/2022\/07\/WhatsApp-Image-2022-07-16-at-6.24.31-PM-1536x1023.jpeg 1536w, https:\/\/ffcv.es\/wp\/wp-content\/uploads\/2022\/07\/WhatsApp-Image-2022-07-16-at-6.24.31-PM-280x187.jpeg 280w, https:\/\/ffcv.es\/wp\/wp-content\/uploads\/2022\/07\/WhatsApp-Image-2022-07-16-at-6.24.31-PM-1170x780.jpeg 1170w, https:\/\/ffcv.es\/wp\/wp-content\/uploads\/2022\/07\/WhatsApp-Image-2022-07-16-at-6.24.31-PM.jpeg 1600w\" sizes=\"(max-width: 1024px) 100vw, 1024px\" \/><\/noscript><\/figure>\n","protected":false},"excerpt":{"rendered":"<p>La Selecci\u00f3 Valenciana masculina sub19 de f\u00fatbol playa consigui\u00f3 un hist\u00f3rico tercer puesto en el Campeonato Nacional de Selecciones Auton\u00f3micas celebrado esta semana en C\u00e1diz. La Selecci\u00f3 dirigida por V\u00edctor Viala, que se impuso por cinco goles a tres a Andaluc\u00eda en el partido por la tercera plaza, logr\u00f3 el mejor puesto de una selecci\u00f3n<\/p>\n","protected":false},"author":15,"featured_media":92524,"comment_status":"closed","ping_status":"closed","sticky":false,"template":"","format":"standard","meta":{"om_disable_all_campaigns":false,"footnotes":""},"categories":[3894,1307,1282],"tags":[189,1506,1464],"class_list":["post-92500","post","type-post","status-publish","format-standard","has-post-thumbnail","hentry","category-seleccio-valenciana-sub19-futbol-playa","category-noticias-futbol-playa","category-portada","tag-campeonato-de-espana","tag-seleccio-valenciana-futbol-playa","tag-sub19"],"aioseo_notices":[],"_links":{"self":[{"href":"https:\/\/ffcv.es\/wp\/wp-json\/wp\/v2\/posts\/92500"}],"collection":[{"href":"https:\/\/ffcv.es\/wp\/wp-json\/wp\/v2\/posts"}],"about":[{"href":"https:\/\/ffcv.es\/wp\/wp-json\/wp\/v2\/types\/post"}],"author":[{"embeddable":true,"href":"https:\/\/ffcv.es\/wp\/wp-json\/wp\/v2\/users\/15"}],"replies":[{"embeddable":true,"href":"https:\/\/ffcv.es\/wp\/wp-json\/wp\/v2\/comments?post=92500"}],"version-history":[{"count":4,"href":"https:\/\/ffcv.es\/wp\/wp-json\/wp\/v2\/posts\/92500\/revisions"}],"predecessor-version":[{"id":92528,"href":"https:\/\/ffcv.es\/wp\/wp-json\/wp\/v2\/posts\/92500\/revisions\/92528"}],"wp:featuredmedia":[{"embeddable":true,"href":"https:\/\/ffcv.es\/wp\/wp-json\/wp\/v2\/media\/92524"}],"wp:attachment":[{"href":"https:\/\/ffcv.es\/wp\/wp-json\/wp\/v2\/media?parent=92500"}],"wp:term":[{"taxonomy":"category","embeddable":true,"href":"https:\/\/ffcv.es\/wp\/wp-json\/wp\/v2\/categories?post=92500"},{"taxonomy":"post_tag","embeddable":true,"href":"https:\/\/ffcv.es\/wp\/wp-json\/wp\/v2\/tags?post=92500"}],"curies":[{"name":"wp","href":"https:\/\/api.w.org\/{rel}","templated":true}]}}