{"id":91644,"date":"2022-06-25T16:51:27","date_gmt":"2022-06-25T14:51:27","guid":{"rendered":"https:\/\/ffcv.es\/wp\/?p=91644"},"modified":"2022-06-25T16:51:32","modified_gmt":"2022-06-25T14:51:32","slug":"seleccio-valenciana-sub12-vs-castilla-la-mancha-campeonato-nacional-de-selecciones-autonomicas-directo","status":"publish","type":"post","link":"https:\/\/ffcv.es\/wp\/blog\/2022\/06\/seleccio-valenciana-sub12-vs-castilla-la-mancha-campeonato-nacional-de-selecciones-autonomicas-directo\/","title":{"rendered":"Selecci\u00f3 Valenciana sub12 vs Madrid \/ Euskadi (Campeonato Nacional de Selecciones Auton\u00f3micas \ud83d\udd34 DIRECTO)"},"content":{"rendered":"\n<p>Sigue aqu\u00ed por streaming de la&nbsp;<strong>RFEF<\/strong>&nbsp;los partidos de cuartos de final del&nbsp;<strong>Campeonato Nacional de Selecciones Auton\u00f3micas<\/strong> masculino y femenino sub12, el s\u00e1bado 25 de junio de 2022 desde el estadio <strong>Ernesto Cotorruelo <\/strong>de <strong>Madrid<\/strong>.<\/p>\n\n\n\n<p>A las 19h se enfrentan la\u00a0<strong>Selecci\u00f3 Valenciana masculina y Valenta sub12<\/strong> frente a <strong>Euskadi<\/strong> y <strong>Madrid<\/strong> respecivamente.<\/p>\n\n\n\n<h3 class=\"wp-block-heading\">Valenta \u2013 19h Comunitat Valenciana sub12 \ud83c\udd9a Madrid sub12<\/h3>\n\n\n\n<iframe id='flumotion_iframe_player' name='flumotion_iframe_player' data-src='https:\/\/rfef-backend.flumotion.com\/api\/v1\/player_site\/?asset=1346697&#038;player=164'\n scrolling='no' frameborder=0 width='640px' height='360px' \nallowFullScreen webkitallowfullscreen mozallowfullscreen src='data:image\/gif;base64,R0lGODlhAQABAAAAACH5BAEKAAEALAAAAAABAAEAAAICTAEAOw==' class='lazyload' data-load-mode='1'><\/iframe>\n\n\n\n<h3 class=\"wp-block-heading\">Masculino \u2013 19h Comunitat Valenciana sub12 \ud83c\udd9a Euskadi sub12<\/h3>\n\n\n\n<iframe id='flumotion_iframe_player' name='flumotion_iframe_player' data-src='https:\/\/rfef-backend.flumotion.com\/api\/v1\/player_site\/?asset=734970&#038;player=164' \nscrolling='no' frameborder=0 width='640px' height='360px'\n allowFullScreen webkitallowfullscreen mozallowfullscreen src='data:image\/gif;base64,R0lGODlhAQABAAAAACH5BAEKAAEALAAAAAABAAEAAAICTAEAOw==' class='lazyload' data-load-mode='1'><\/iframe>\n","protected":false},"excerpt":{"rendered":"<p>Sigue aqu\u00ed por streaming de la&nbsp;RFEF&nbsp;los partidos de cuartos de final del&nbsp;Campeonato Nacional de Selecciones Auton\u00f3micas masculino y femenino sub12, el s\u00e1bado 25 de junio de 2022 desde el estadio Ernesto Cotorruelo de Madrid. A las 19h se enfrentan la\u00a0Selecci\u00f3 Valenciana masculina y Valenta sub12 frente a Euskadi y Madrid respecivamente. Valenta \u2013 19h Comunitat<\/p>\n","protected":false},"author":15,"featured_media":91650,"comment_status":"closed","ping_status":"closed","sticky":false,"template":"","format":"standard","meta":{"om_disable_all_campaigns":false,"footnotes":""},"categories":[3452,3442,72,1282],"tags":[1332,1264,3587,401],"class_list":["post-91644","post","type-post","status-publish","format-standard","has-post-thumbnail","hentry","category-seleccio-valenciana-sub12","category-noticias-seleccio-valenta-sub12","category-noticias-selecciones","category-portada","tag-campeonato-espana","tag-campeonato-espana-sub12","tag-seleccio-valenciana-sub12","tag-seleccion-valenciana"],"aioseo_notices":[],"_links":{"self":[{"href":"https:\/\/ffcv.es\/wp\/wp-json\/wp\/v2\/posts\/91644"}],"collection":[{"href":"https:\/\/ffcv.es\/wp\/wp-json\/wp\/v2\/posts"}],"about":[{"href":"https:\/\/ffcv.es\/wp\/wp-json\/wp\/v2\/types\/post"}],"author":[{"embeddable":true,"href":"https:\/\/ffcv.es\/wp\/wp-json\/wp\/v2\/users\/15"}],"replies":[{"embeddable":true,"href":"https:\/\/ffcv.es\/wp\/wp-json\/wp\/v2\/comments?post=91644"}],"version-history":[{"count":2,"href":"https:\/\/ffcv.es\/wp\/wp-json\/wp\/v2\/posts\/91644\/revisions"}],"predecessor-version":[{"id":91651,"href":"https:\/\/ffcv.es\/wp\/wp-json\/wp\/v2\/posts\/91644\/revisions\/91651"}],"wp:featuredmedia":[{"embeddable":true,"href":"https:\/\/ffcv.es\/wp\/wp-json\/wp\/v2\/media\/91650"}],"wp:attachment":[{"href":"https:\/\/ffcv.es\/wp\/wp-json\/wp\/v2\/media?parent=91644"}],"wp:term":[{"taxonomy":"category","embeddable":true,"href":"https:\/\/ffcv.es\/wp\/wp-json\/wp\/v2\/categories?post=91644"},{"taxonomy":"post_tag","embeddable":true,"href":"https:\/\/ffcv.es\/wp\/wp-json\/wp\/v2\/tags?post=91644"}],"curies":[{"name":"wp","href":"https:\/\/api.w.org\/{rel}","templated":true}]}}