{"id":90029,"date":"2022-06-05T21:09:05","date_gmt":"2022-06-05T19:09:05","guid":{"rendered":"https:\/\/ffcv.es\/wp\/?p=90029"},"modified":"2022-06-07T23:40:53","modified_gmt":"2022-06-07T21:40:53","slug":"convocatoria-amistoso-de-la-seleccio-valenciana-masculina-sub12-de-oscar-lopez-ante-el-elche-cf-infantil-en-algorfa","status":"publish","type":"post","link":"https:\/\/ffcv.es\/wp\/blog\/2022\/06\/convocatoria-amistoso-de-la-seleccio-valenciana-masculina-sub12-de-oscar-lopez-ante-el-elche-cf-infantil-en-algorfa\/","title":{"rendered":"CONVOCATORIA: Amistoso de la Selecci\u00f3 Valenciana masculina sub12 de \u00d3scar L\u00f3pez ante el Elche CF infantil en Algorfa"},"content":{"rendered":"\n<p>La&nbsp;<strong>Federaci\u00f3 de Futbol de la Comunitat Valenciana&nbsp;<\/strong>ha hecho p\u00fablica la duod\u00e9cima convocatoria de la temporada de la&nbsp;<strong>Selecci\u00f3 Valenciana masculina sub12<\/strong>.<\/p>\n\n\n\n<p>Los  jugadores convocados por el seleccionador\u00a0<strong>\u00d3scar L\u00f3pez\u00a0<\/strong>se enfrentar\u00e1n el martes 7 de junio al <strong>Elche CF<\/strong> infantil en el Polideportivo Municipal Juan Carlos I de <strong>Algorfa<\/strong> (Alicante). <\/p>\n\n\n\n<p>Estos son los convocados:<\/p>\n\n\n\n<div data-wp-interactive=\"core\/file\" class=\"wp-block-file\"><object data-wp-bind--hidden=\"!state.hasPdfPreview\"  class=\"wp-block-file__embed\" data=\"https:\/\/ffcv.es\/wp\/wp-content\/uploads\/2022\/06\/CONV.-SUB-12-MASC.-ALGORFA-2.pdf\" type=\"application\/pdf\" style=\"width:100%;height:600px\" aria-label=\"Incrustado de Incrustado de CONV.-SUB-12-MASC.-ALGORFA-2..\"><\/object><a id=\"wp-block-file--media-a3340c98-02ce-43bb-a3ee-cc8170bc67f2\" href=\"https:\/\/ffcv.es\/wp\/wp-content\/uploads\/2022\/06\/CONV.-SUB-12-MASC.-ALGORFA-2.pdf\">CONV.-SUB-12-MASC.-ALGORFA-2<\/a><a href=\"https:\/\/ffcv.es\/wp\/wp-content\/uploads\/2022\/06\/CONV.-SUB-12-MASC.-ALGORFA-2.pdf\" class=\"wp-block-file__button\" download aria-describedby=\"wp-block-file--media-a3340c98-02ce-43bb-a3ee-cc8170bc67f2\">Descarga<\/a><\/div>\n\n\n\n<figure class=\"wp-block-image size-large\"><img loading=\"lazy\" decoding=\"async\" width=\"1024\" height=\"571\" data-src=\"https:\/\/ffcv.es\/wp\/wp-content\/uploads\/2022\/03\/IMG_8701-1024x571.jpg\" alt=\"\" class=\"wp-image-83295 lazyload\" data-srcset=\"https:\/\/ffcv.es\/wp\/wp-content\/uploads\/2022\/03\/IMG_8701-1024x571.jpg 1024w, https:\/\/ffcv.es\/wp\/wp-content\/uploads\/2022\/03\/IMG_8701-300x167.jpg 300w, https:\/\/ffcv.es\/wp\/wp-content\/uploads\/2022\/03\/IMG_8701-768x428.jpg 768w, https:\/\/ffcv.es\/wp\/wp-content\/uploads\/2022\/03\/IMG_8701-1536x856.jpg 1536w, https:\/\/ffcv.es\/wp\/wp-content\/uploads\/2022\/03\/IMG_8701-2048x1142.jpg 2048w, https:\/\/ffcv.es\/wp\/wp-content\/uploads\/2022\/03\/IMG_8701-280x156.jpg 280w, https:\/\/ffcv.es\/wp\/wp-content\/uploads\/2022\/03\/IMG_8701-1170x652.jpg 1170w, https:\/\/ffcv.es\/wp\/wp-content\/uploads\/2022\/03\/IMG_8701-scaled.jpg 1920w\" data-sizes=\"(max-width: 1024px) 100vw, 1024px\" src=\"data:image\/gif;base64,R0lGODlhAQABAAAAACH5BAEKAAEALAAAAAABAAEAAAICTAEAOw==\" style=\"--smush-placeholder-width: 1024px; --smush-placeholder-aspect-ratio: 1024\/571;\" \/><noscript><img loading=\"lazy\" decoding=\"async\" width=\"1024\" height=\"571\" src=\"https:\/\/ffcv.es\/wp\/wp-content\/uploads\/2022\/03\/IMG_8701-1024x571.jpg\" alt=\"\" class=\"wp-image-83295\" srcset=\"https:\/\/ffcv.es\/wp\/wp-content\/uploads\/2022\/03\/IMG_8701-1024x571.jpg 1024w, https:\/\/ffcv.es\/wp\/wp-content\/uploads\/2022\/03\/IMG_8701-300x167.jpg 300w, https:\/\/ffcv.es\/wp\/wp-content\/uploads\/2022\/03\/IMG_8701-768x428.jpg 768w, https:\/\/ffcv.es\/wp\/wp-content\/uploads\/2022\/03\/IMG_8701-1536x856.jpg 1536w, https:\/\/ffcv.es\/wp\/wp-content\/uploads\/2022\/03\/IMG_8701-2048x1142.jpg 2048w, https:\/\/ffcv.es\/wp\/wp-content\/uploads\/2022\/03\/IMG_8701-280x156.jpg 280w, https:\/\/ffcv.es\/wp\/wp-content\/uploads\/2022\/03\/IMG_8701-1170x652.jpg 1170w, https:\/\/ffcv.es\/wp\/wp-content\/uploads\/2022\/03\/IMG_8701-scaled.jpg 1920w\" sizes=\"(max-width: 1024px) 100vw, 1024px\" \/><\/noscript><\/figure>\n","protected":false},"excerpt":{"rendered":"<p>La&nbsp;Federaci\u00f3 de Futbol de la Comunitat Valenciana&nbsp;ha hecho p\u00fablica la duod\u00e9cima convocatoria de la temporada de la&nbsp;Selecci\u00f3 Valenciana masculina sub12. Los jugadores convocados por el seleccionador\u00a0\u00d3scar L\u00f3pez\u00a0se enfrentar\u00e1n el martes 7 de junio al Elche CF infantil en el Polideportivo Municipal Juan Carlos I de Algorfa (Alicante). Estos son los convocados:<\/p>\n","protected":false},"author":16,"featured_media":90056,"comment_status":"closed","ping_status":"closed","sticky":false,"template":"","format":"standard","meta":{"om_disable_all_campaigns":false,"footnotes":""},"categories":[3452],"tags":[90,121,192,401,1368],"class_list":["post-90029","post","type-post","status-publish","format-standard","has-post-thumbnail","hentry","category-seleccio-valenciana-sub12","tag-alevin","tag-amistoso","tag-picassent","tag-seleccion-valenciana","tag-sub12"],"aioseo_notices":[],"_links":{"self":[{"href":"https:\/\/ffcv.es\/wp\/wp-json\/wp\/v2\/posts\/90029"}],"collection":[{"href":"https:\/\/ffcv.es\/wp\/wp-json\/wp\/v2\/posts"}],"about":[{"href":"https:\/\/ffcv.es\/wp\/wp-json\/wp\/v2\/types\/post"}],"author":[{"embeddable":true,"href":"https:\/\/ffcv.es\/wp\/wp-json\/wp\/v2\/users\/16"}],"replies":[{"embeddable":true,"href":"https:\/\/ffcv.es\/wp\/wp-json\/wp\/v2\/comments?post=90029"}],"version-history":[{"count":5,"href":"https:\/\/ffcv.es\/wp\/wp-json\/wp\/v2\/posts\/90029\/revisions"}],"predecessor-version":[{"id":90320,"href":"https:\/\/ffcv.es\/wp\/wp-json\/wp\/v2\/posts\/90029\/revisions\/90320"}],"wp:featuredmedia":[{"embeddable":true,"href":"https:\/\/ffcv.es\/wp\/wp-json\/wp\/v2\/media\/90056"}],"wp:attachment":[{"href":"https:\/\/ffcv.es\/wp\/wp-json\/wp\/v2\/media?parent=90029"}],"wp:term":[{"taxonomy":"category","embeddable":true,"href":"https:\/\/ffcv.es\/wp\/wp-json\/wp\/v2\/categories?post=90029"},{"taxonomy":"post_tag","embeddable":true,"href":"https:\/\/ffcv.es\/wp\/wp-json\/wp\/v2\/tags?post=90029"}],"curies":[{"name":"wp","href":"https:\/\/api.w.org\/{rel}","templated":true}]}}