{"id":88017,"date":"2022-05-17T10:54:35","date_gmt":"2022-05-17T08:54:35","guid":{"rendered":"https:\/\/ffcv.es\/wp\/?p=88017"},"modified":"2022-05-17T10:55:29","modified_gmt":"2022-05-17T08:55:29","slug":"juan-carlos-garrido-proximo-ponente-de-las-jornadas-de-actualizacion-del-comite-dentrenadors-de-la-ffcv","status":"publish","type":"post","link":"https:\/\/ffcv.es\/wp\/blog\/2022\/05\/juan-carlos-garrido-proximo-ponente-de-las-jornadas-de-actualizacion-del-comite-dentrenadors-de-la-ffcv\/","title":{"rendered":"Juan Carlos Garrido, pr\u00f3ximo ponente de las Jornadas de Actualizaci\u00f3n del Comit\u00e9 d&#8217;Entrenadors de la FFCV"},"content":{"rendered":"\n<p>El entrenador de f\u00fatbol <strong>Juan Carlos Garrido<\/strong> ser\u00e1 el pr\u00f3ximo ponente de las Jornadas de Actualizaci\u00f3n que organiza el\u00a0<strong>Comit\u00e9 T\u00e8cnic d\u2019Entrenadors de la Federaci\u00f3 de Futbol de la Comunitat Valenciana<\/strong>.<\/p>\n\n\n\n<p>La sede de Santa \u00darsula de la <strong>Universidad Cat\u00f3lica de Val\u00e8ncia<\/strong>, en la Calle Guillem de Castro 96, acoger\u00e1 esta conferencia del t\u00e9cnico valenciano el pr\u00f3ximo 23 de mayo.<\/p>\n\n\n\n<p>\u00ab<em>Experiencia profesional en la \u00e9lite y ejemplo pr\u00e1ctico de trabajo semanal<\/em>\u00bb es el t\u00edtulo de la charla de <strong>Garrido<\/strong>, que ha dirigido al <strong>Villarreal CF<\/strong>, <strong>CD Castell\u00f3n<\/strong>, <strong>Real Betis<\/strong>, <strong>Club Brujas KV<\/strong>, <strong>Raja Casablanca<\/strong>, <strong>Al-Ain Football Club<\/strong>, <strong>Wydad Ath. Club <\/strong>y <strong>\u00c9toile du Sahel<\/strong>, entre otros clubes.<\/p>\n\n\n\n<p>La charla tendr\u00e1 un aforo limitado y en este\u00a0<a href=\"https:\/\/ffcv.es\/wp\/ponencias\/\" target=\"_blank\" rel=\"noreferrer noopener\">ENLACE<\/a>\u00a0puedes inscribirte para asistir.<\/p>\n\n\n\n<figure class=\"wp-block-image size-large\"><img loading=\"lazy\" decoding=\"async\" width=\"1024\" height=\"683\" data-src=\"https:\/\/ffcv.es\/wp\/wp-content\/uploads\/2021\/06\/garrido-1024x683.jpeg\" alt=\"\" class=\"wp-image-62217 lazyload\" data-srcset=\"https:\/\/ffcv.es\/wp\/wp-content\/uploads\/2021\/06\/garrido-1024x683.jpeg 1024w, https:\/\/ffcv.es\/wp\/wp-content\/uploads\/2021\/06\/garrido-300x200.jpeg 300w, https:\/\/ffcv.es\/wp\/wp-content\/uploads\/2021\/06\/garrido-768x512.jpeg 768w, https:\/\/ffcv.es\/wp\/wp-content\/uploads\/2021\/06\/garrido-1536x1024.jpeg 1536w, https:\/\/ffcv.es\/wp\/wp-content\/uploads\/2021\/06\/garrido-2048x1365.jpeg 2048w, https:\/\/ffcv.es\/wp\/wp-content\/uploads\/2021\/06\/garrido-280x187.jpeg 280w, https:\/\/ffcv.es\/wp\/wp-content\/uploads\/2021\/06\/garrido-1170x780.jpeg 1170w, https:\/\/ffcv.es\/wp\/wp-content\/uploads\/2021\/06\/garrido-scaled.jpeg 1620w\" data-sizes=\"(max-width: 1024px) 100vw, 1024px\" src=\"data:image\/gif;base64,R0lGODlhAQABAAAAACH5BAEKAAEALAAAAAABAAEAAAICTAEAOw==\" style=\"--smush-placeholder-width: 1024px; --smush-placeholder-aspect-ratio: 1024\/683;\" \/><noscript><img loading=\"lazy\" decoding=\"async\" width=\"1024\" height=\"683\" src=\"https:\/\/ffcv.es\/wp\/wp-content\/uploads\/2021\/06\/garrido-1024x683.jpeg\" alt=\"\" class=\"wp-image-62217\" srcset=\"https:\/\/ffcv.es\/wp\/wp-content\/uploads\/2021\/06\/garrido-1024x683.jpeg 1024w, https:\/\/ffcv.es\/wp\/wp-content\/uploads\/2021\/06\/garrido-300x200.jpeg 300w, https:\/\/ffcv.es\/wp\/wp-content\/uploads\/2021\/06\/garrido-768x512.jpeg 768w, https:\/\/ffcv.es\/wp\/wp-content\/uploads\/2021\/06\/garrido-1536x1024.jpeg 1536w, https:\/\/ffcv.es\/wp\/wp-content\/uploads\/2021\/06\/garrido-2048x1365.jpeg 2048w, https:\/\/ffcv.es\/wp\/wp-content\/uploads\/2021\/06\/garrido-280x187.jpeg 280w, https:\/\/ffcv.es\/wp\/wp-content\/uploads\/2021\/06\/garrido-1170x780.jpeg 1170w, https:\/\/ffcv.es\/wp\/wp-content\/uploads\/2021\/06\/garrido-scaled.jpeg 1620w\" sizes=\"(max-width: 1024px) 100vw, 1024px\" \/><\/noscript><\/figure>\n","protected":false},"excerpt":{"rendered":"<p>El entrenador de f\u00fatbol Juan Carlos Garrido ser\u00e1 el pr\u00f3ximo ponente de las Jornadas de Actualizaci\u00f3n que organiza el\u00a0Comit\u00e9 T\u00e8cnic d\u2019Entrenadors de la Federaci\u00f3 de Futbol de la Comunitat Valenciana. La sede de Santa \u00darsula de la Universidad Cat\u00f3lica de Val\u00e8ncia, en la Calle Guillem de Castro 96, acoger\u00e1 esta conferencia del t\u00e9cnico valenciano el<\/p>\n","protected":false},"author":16,"featured_media":88019,"comment_status":"closed","ping_status":"closed","sticky":false,"template":"","format":"standard","meta":{"om_disable_all_campaigns":false,"footnotes":""},"categories":[70,1098,1282],"tags":[],"class_list":["post-88017","post","type-post","status-publish","format-standard","has-post-thumbnail","hentry","category-noticias-entrenadores-noticias-arbitros","category-noticia-escuela-entrenadores","category-portada"],"aioseo_notices":[],"_links":{"self":[{"href":"https:\/\/ffcv.es\/wp\/wp-json\/wp\/v2\/posts\/88017"}],"collection":[{"href":"https:\/\/ffcv.es\/wp\/wp-json\/wp\/v2\/posts"}],"about":[{"href":"https:\/\/ffcv.es\/wp\/wp-json\/wp\/v2\/types\/post"}],"author":[{"embeddable":true,"href":"https:\/\/ffcv.es\/wp\/wp-json\/wp\/v2\/users\/16"}],"replies":[{"embeddable":true,"href":"https:\/\/ffcv.es\/wp\/wp-json\/wp\/v2\/comments?post=88017"}],"version-history":[{"count":1,"href":"https:\/\/ffcv.es\/wp\/wp-json\/wp\/v2\/posts\/88017\/revisions"}],"predecessor-version":[{"id":88020,"href":"https:\/\/ffcv.es\/wp\/wp-json\/wp\/v2\/posts\/88017\/revisions\/88020"}],"wp:featuredmedia":[{"embeddable":true,"href":"https:\/\/ffcv.es\/wp\/wp-json\/wp\/v2\/media\/88019"}],"wp:attachment":[{"href":"https:\/\/ffcv.es\/wp\/wp-json\/wp\/v2\/media?parent=88017"}],"wp:term":[{"taxonomy":"category","embeddable":true,"href":"https:\/\/ffcv.es\/wp\/wp-json\/wp\/v2\/categories?post=88017"},{"taxonomy":"post_tag","embeddable":true,"href":"https:\/\/ffcv.es\/wp\/wp-json\/wp\/v2\/tags?post=88017"}],"curies":[{"name":"wp","href":"https:\/\/api.w.org\/{rel}","templated":true}]}}