{"id":85563,"date":"2022-04-21T20:30:43","date_gmt":"2022-04-21T18:30:43","guid":{"rendered":"https:\/\/ffcv.es\/wp\/?p=85563"},"modified":"2022-04-21T20:49:14","modified_gmt":"2022-04-21T18:49:14","slug":"pleno-de-triunfos-y-a-por-los-cuartos-la-rioja-vs-seleccio-valenciana-masculina-sub19-2-8","status":"publish","type":"post","link":"https:\/\/ffcv.es\/wp\/blog\/2022\/04\/pleno-de-triunfos-y-a-por-los-cuartos-la-rioja-vs-seleccio-valenciana-masculina-sub19-2-8\/","title":{"rendered":"Pleno de triunfos y a por los cuartos &#8211; La Rioja vs Selecci\u00f3 Valenciana masculina sub19 (2-8)"},"content":{"rendered":"\n<p>La <strong>Selecci\u00f3 Valenciana masculina sub19<\/strong> de f\u00fatbol sala venci\u00f3, no sin sufrir, a <strong>La Rioja<\/strong>, en la tercera jornada del <strong>Campeonato de Espa\u00f1a<\/strong> en <strong>Chiclana de la Frontera<\/strong>.<\/p>\n\n\n\n<p>El combinado que dirige <strong>Patxi Aguilar <\/strong>hace pleno de victorias y jugar\u00e1 ma\u00f1ana los cuartos de final ante <strong>Navarra<\/strong>.<\/p>\n\n\n\n<figure class=\"wp-block-image size-large\"><img loading=\"lazy\" decoding=\"async\" width=\"1024\" height=\"682\" data-src=\"https:\/\/ffcv.es\/wp\/wp-content\/uploads\/2022\/04\/grupo-_final-1024x682.jpeg\" alt=\"\" class=\"wp-image-85662 lazyload\" data-srcset=\"https:\/\/ffcv.es\/wp\/wp-content\/uploads\/2022\/04\/grupo-_final-1024x682.jpeg 1024w, https:\/\/ffcv.es\/wp\/wp-content\/uploads\/2022\/04\/grupo-_final-300x200.jpeg 300w, https:\/\/ffcv.es\/wp\/wp-content\/uploads\/2022\/04\/grupo-_final-768x512.jpeg 768w, https:\/\/ffcv.es\/wp\/wp-content\/uploads\/2022\/04\/grupo-_final-1536x1023.jpeg 1536w, https:\/\/ffcv.es\/wp\/wp-content\/uploads\/2022\/04\/grupo-_final-280x187.jpeg 280w, https:\/\/ffcv.es\/wp\/wp-content\/uploads\/2022\/04\/grupo-_final-1170x780.jpeg 1170w, https:\/\/ffcv.es\/wp\/wp-content\/uploads\/2022\/04\/grupo-_final.jpeg 1600w\" data-sizes=\"(max-width: 1024px) 100vw, 1024px\" src=\"data:image\/gif;base64,R0lGODlhAQABAAAAACH5BAEKAAEALAAAAAABAAEAAAICTAEAOw==\" style=\"--smush-placeholder-width: 1024px; --smush-placeholder-aspect-ratio: 1024\/682;\" \/><noscript><img loading=\"lazy\" decoding=\"async\" width=\"1024\" height=\"682\" src=\"https:\/\/ffcv.es\/wp\/wp-content\/uploads\/2022\/04\/grupo-_final-1024x682.jpeg\" alt=\"\" class=\"wp-image-85662\" srcset=\"https:\/\/ffcv.es\/wp\/wp-content\/uploads\/2022\/04\/grupo-_final-1024x682.jpeg 1024w, https:\/\/ffcv.es\/wp\/wp-content\/uploads\/2022\/04\/grupo-_final-300x200.jpeg 300w, https:\/\/ffcv.es\/wp\/wp-content\/uploads\/2022\/04\/grupo-_final-768x512.jpeg 768w, https:\/\/ffcv.es\/wp\/wp-content\/uploads\/2022\/04\/grupo-_final-1536x1023.jpeg 1536w, https:\/\/ffcv.es\/wp\/wp-content\/uploads\/2022\/04\/grupo-_final-280x187.jpeg 280w, https:\/\/ffcv.es\/wp\/wp-content\/uploads\/2022\/04\/grupo-_final-1170x780.jpeg 1170w, https:\/\/ffcv.es\/wp\/wp-content\/uploads\/2022\/04\/grupo-_final.jpeg 1600w\" sizes=\"(max-width: 1024px) 100vw, 1024px\" \/><\/noscript><\/figure>\n\n\n\n<h3 class=\"wp-block-heading\">Inicio el\u00e9ctrico <\/h3>\n\n\n\n<p>Los primeros minutos fueron el\u00e9ctricos. En una acci\u00f3n a bal\u00f3n parado, <strong>Jos\u00e9 Lozano<\/strong> adelant\u00f3 a la <strong>Selecci\u00f3<\/strong> en el Ciudad de Chiclana.<\/p>\n\n\n\n<p>Pero <strong>La Rioja<\/strong>, con opciones de cuartos, no se amilan\u00f3 y con intensidad y empuje logr\u00f3 la igualada por mediaci\u00f3n de <strong>Bryan<\/strong>. \u00a1Qu\u00e9 manera de celebrar ese empate en el banquillo rival!<\/p>\n\n\n\n<figure class=\"wp-block-image size-large\"><img loading=\"lazy\" decoding=\"async\" width=\"1024\" height=\"683\" data-src=\"https:\/\/ffcv.es\/wp\/wp-content\/uploads\/2022\/04\/pau-peiro-1024x683.jpeg\" alt=\"\" class=\"wp-image-85657 lazyload\" data-srcset=\"https:\/\/ffcv.es\/wp\/wp-content\/uploads\/2022\/04\/pau-peiro-1024x683.jpeg 1024w, https:\/\/ffcv.es\/wp\/wp-content\/uploads\/2022\/04\/pau-peiro-300x200.jpeg 300w, https:\/\/ffcv.es\/wp\/wp-content\/uploads\/2022\/04\/pau-peiro-768x512.jpeg 768w, https:\/\/ffcv.es\/wp\/wp-content\/uploads\/2022\/04\/pau-peiro-1536x1024.jpeg 1536w, https:\/\/ffcv.es\/wp\/wp-content\/uploads\/2022\/04\/pau-peiro-2048x1365.jpeg 2048w, https:\/\/ffcv.es\/wp\/wp-content\/uploads\/2022\/04\/pau-peiro-280x187.jpeg 280w, https:\/\/ffcv.es\/wp\/wp-content\/uploads\/2022\/04\/pau-peiro-1170x780.jpeg 1170w, https:\/\/ffcv.es\/wp\/wp-content\/uploads\/2022\/04\/pau-peiro-scaled.jpeg 1620w\" data-sizes=\"(max-width: 1024px) 100vw, 1024px\" src=\"data:image\/gif;base64,R0lGODlhAQABAAAAACH5BAEKAAEALAAAAAABAAEAAAICTAEAOw==\" style=\"--smush-placeholder-width: 1024px; --smush-placeholder-aspect-ratio: 1024\/683;\" \/><noscript><img loading=\"lazy\" decoding=\"async\" width=\"1024\" height=\"683\" src=\"https:\/\/ffcv.es\/wp\/wp-content\/uploads\/2022\/04\/pau-peiro-1024x683.jpeg\" alt=\"\" class=\"wp-image-85657\" srcset=\"https:\/\/ffcv.es\/wp\/wp-content\/uploads\/2022\/04\/pau-peiro-1024x683.jpeg 1024w, https:\/\/ffcv.es\/wp\/wp-content\/uploads\/2022\/04\/pau-peiro-300x200.jpeg 300w, https:\/\/ffcv.es\/wp\/wp-content\/uploads\/2022\/04\/pau-peiro-768x512.jpeg 768w, https:\/\/ffcv.es\/wp\/wp-content\/uploads\/2022\/04\/pau-peiro-1536x1024.jpeg 1536w, https:\/\/ffcv.es\/wp\/wp-content\/uploads\/2022\/04\/pau-peiro-2048x1365.jpeg 2048w, https:\/\/ffcv.es\/wp\/wp-content\/uploads\/2022\/04\/pau-peiro-280x187.jpeg 280w, https:\/\/ffcv.es\/wp\/wp-content\/uploads\/2022\/04\/pau-peiro-1170x780.jpeg 1170w, https:\/\/ffcv.es\/wp\/wp-content\/uploads\/2022\/04\/pau-peiro-scaled.jpeg 1620w\" sizes=\"(max-width: 1024px) 100vw, 1024px\" \/><\/noscript><\/figure>\n\n\n\n<p>Incluso los riojanos pudieron adelantarse, pero el portero de <strong>CD Maristas Pau Peir\u00f3<\/strong> estuvo inmenso en sendas intervenciones. <\/p>\n\n\n\n<p>Al seleccionador <strong>Patxi<\/strong> <strong>Aguilar<\/strong> no le gustaba el panorama. Tiemblen. <\/p>\n\n\n\n<h3 class=\"wp-block-heading\">Lozano al volante<\/h3>\n\n\n\n<p>La quinta falta del rival a 10 minutos del descanso atemper\u00f3 los \u00e1nimos. Y <em>La Patxineta<\/em> comenz\u00f3 a carburar con el jugador del <strong>CD Maristas Valencia Jos\u00e9 \u00c1ngel Lozano <\/strong>al mando.<\/p>\n\n\n\n<figure class=\"wp-block-image size-large\"><img loading=\"lazy\" decoding=\"async\" width=\"1024\" height=\"683\" data-src=\"https:\/\/ffcv.es\/wp\/wp-content\/uploads\/2022\/04\/lozano1-1024x683.jpeg\" alt=\"\" class=\"wp-image-85656 lazyload\" data-srcset=\"https:\/\/ffcv.es\/wp\/wp-content\/uploads\/2022\/04\/lozano1-1024x683.jpeg 1024w, https:\/\/ffcv.es\/wp\/wp-content\/uploads\/2022\/04\/lozano1-300x200.jpeg 300w, https:\/\/ffcv.es\/wp\/wp-content\/uploads\/2022\/04\/lozano1-768x512.jpeg 768w, https:\/\/ffcv.es\/wp\/wp-content\/uploads\/2022\/04\/lozano1-1536x1024.jpeg 1536w, https:\/\/ffcv.es\/wp\/wp-content\/uploads\/2022\/04\/lozano1-2048x1365.jpeg 2048w, https:\/\/ffcv.es\/wp\/wp-content\/uploads\/2022\/04\/lozano1-280x187.jpeg 280w, https:\/\/ffcv.es\/wp\/wp-content\/uploads\/2022\/04\/lozano1-1170x780.jpeg 1170w, https:\/\/ffcv.es\/wp\/wp-content\/uploads\/2022\/04\/lozano1-scaled.jpeg 1620w\" data-sizes=\"(max-width: 1024px) 100vw, 1024px\" src=\"data:image\/gif;base64,R0lGODlhAQABAAAAACH5BAEKAAEALAAAAAABAAEAAAICTAEAOw==\" style=\"--smush-placeholder-width: 1024px; --smush-placeholder-aspect-ratio: 1024\/683;\" \/><noscript><img loading=\"lazy\" decoding=\"async\" width=\"1024\" height=\"683\" src=\"https:\/\/ffcv.es\/wp\/wp-content\/uploads\/2022\/04\/lozano1-1024x683.jpeg\" alt=\"\" class=\"wp-image-85656\" srcset=\"https:\/\/ffcv.es\/wp\/wp-content\/uploads\/2022\/04\/lozano1-1024x683.jpeg 1024w, https:\/\/ffcv.es\/wp\/wp-content\/uploads\/2022\/04\/lozano1-300x200.jpeg 300w, https:\/\/ffcv.es\/wp\/wp-content\/uploads\/2022\/04\/lozano1-768x512.jpeg 768w, https:\/\/ffcv.es\/wp\/wp-content\/uploads\/2022\/04\/lozano1-1536x1024.jpeg 1536w, https:\/\/ffcv.es\/wp\/wp-content\/uploads\/2022\/04\/lozano1-2048x1365.jpeg 2048w, https:\/\/ffcv.es\/wp\/wp-content\/uploads\/2022\/04\/lozano1-280x187.jpeg 280w, https:\/\/ffcv.es\/wp\/wp-content\/uploads\/2022\/04\/lozano1-1170x780.jpeg 1170w, https:\/\/ffcv.es\/wp\/wp-content\/uploads\/2022\/04\/lozano1-scaled.jpeg 1620w\" sizes=\"(max-width: 1024px) 100vw, 1024px\" \/><\/noscript><\/figure>\n\n\n\n<p>Algo tuvo que ver la charla con tintes amenazantes de <strong>Patxi<\/strong> en el tiempo muerto. \u00a1C\u00f3mo para no reaccionar!<\/p>\n\n\n\n<p>Un doblete del peque\u00f1o de la saga <strong>Lozano<\/strong> -el primero de doble penalti- permiti\u00f3 a la <strong>Selecci\u00f3<\/strong> retirarse al descanso con ventaja de dos goles ante una selecci\u00f3n de <strong>La Rioja<\/strong> muy combativa.     <\/p>\n\n\n\n<h3 class=\"wp-block-heading\">Dudas<\/h3>\n\n\n\n<p>El portero de <strong>Carcaixent<\/strong> <strong>Adri\u00e1n Maseres<\/strong> (<strong>Alzira FS<\/strong>), que debut\u00f3 en la reanudaci\u00f3n, poco pudo hacer en el 2-3 de <strong>La Rioja<\/strong>.<\/p>\n\n\n\n<p>Una p\u00e9rdida absurda la aprovech\u00f3 <strong>Rub\u00e9n Gil<\/strong> para acercarse en el marcador  y sembrar m\u00e1s dudas si cabe en la <strong>Selecci\u00f3<\/strong>.<\/p>\n\n\n\n<p>El equipo estuvo bloqueado durante algunos minutos, hasta que <strong>Patxi<\/strong> dio con la f\u00f3rmula definitiva para certificar el pleno de puntos.<\/p>\n\n\n\n<h3 class=\"wp-block-heading\">Faly estelar<\/h3>\n\n\n\n<p>La entrada a pista del jugador de <strong>Nueva Elda FS Rafael Teruel &#8216;Faly&#8217;<\/strong> fue clave. Apenas estuvo sobre el parqu\u00e9 tres minutos. Los suficientes para firmar un triplete y poner el 2-6 en el luminoso.<\/p>\n\n\n\n<p>El primero a pase de <strong>Murillo<\/strong>. El segundo de volea tras controlar con el pecho una aut\u00e9ntica piedra. El tercero, ni me acuerdo. \u00a1Fue una locura de hat-trick!<\/p>\n\n\n\n<h3 class=\"wp-block-heading\">El futsal control<\/h3>\n\n\n\n<p>Como ante <strong>Castilla-La Mancha<\/strong>, la sub19 mat\u00f3 el tramo final del partido con oficio. Y as\u00ed llegaron dos goles m\u00e1s de <strong>Hugo Cogollos<\/strong> -qu\u00e9 tramo final de partido hizo el de Maristas- y del jugador de <strong>Nueva<\/strong> <strong>Elda Murillo Augusto <\/strong>sobre la bocina.<\/p>\n\n\n\n<p>La faena estaba hecha. Pleno de victorias y a jugar los cuartos como primeros clasificados. \u00a1Equipazo!<\/p>\n\n\n\n<p><strong>FICHA T\u00c9CNICA<\/strong><\/p>\n\n\n\n<p><strong>La Rioja (2):<\/strong>\u00a0 Adri\u00e1n Pardo (p), Pablo Rada, Rub\u00e9n Gil, Bilal Bouhail y Bryan Marmolejos -cinco inicial.; tambi\u00e9n jugaron V\u00edctor P\u00e9rez, Iker Santa Adelaida, Carlos Fern\u00e1ndez, \u00c1lvaro Jim\u00e9nez, Iv\u00e1n Solana, Mill\u00e1n Villanueva, David Benito, Ander Mart\u00edn y Daniel P\u00e9rez.<\/p>\n\n\n\n<p><strong>Selecci\u00f3 Valenciana sub19 (8):<\/strong>\u00a0Pau Peir\u00f3 (p), V\u00edctor Naranjo, J. Lozano, Pol Garc\u00eda (c) y Hugo Cogollos -cinco inicial-; tambi\u00e9n jugaron Juan Delgado, Ra\u00fal, Faly, Cabello, Javi Orts, Murillo, Wassim, Maseres (p) e Ivan Cant\u00f3 (p). <\/p>\n\n\n\n<p><strong>Goles:<\/strong>\u00a00-1 (J. Lozano, m. 1), 1-1 (Bryan, m.4), 1-2 (J. Lozano, m.16), 1-3 (J. Lozano, m.17), 2-3 (Rub\u00e9n Gil, m.24), 2-4 (Faly, m.27), 2-5 (Faly, m.27), 2-6 (Faly, m.28).<\/p>\n\n\n\n<p><strong>\u00c1rbitros:<\/strong>\u00a0 Juan Jos\u00e9 Cordero (1), Ildefonso Rodr\u00edguez (2) e Ivo Rinc\u00f3n (mesa), del Comit\u00e9 andaluz. Amonestaron a Mill\u00e1n Villanueva y al seleccionador de La Rioja. Tambi\u00e9n a Javi Orts.<\/p>\n\n\n\n<figure class=\"wp-block-image size-large\"><img loading=\"lazy\" decoding=\"async\" width=\"1024\" height=\"683\" data-src=\"https:\/\/ffcv.es\/wp\/wp-content\/uploads\/2022\/04\/IMG_6756-1024x683.jpeg\" alt=\"\" class=\"wp-image-85661 lazyload\" data-srcset=\"https:\/\/ffcv.es\/wp\/wp-content\/uploads\/2022\/04\/IMG_6756-1024x683.jpeg 1024w, https:\/\/ffcv.es\/wp\/wp-content\/uploads\/2022\/04\/IMG_6756-300x200.jpeg 300w, https:\/\/ffcv.es\/wp\/wp-content\/uploads\/2022\/04\/IMG_6756-768x512.jpeg 768w, https:\/\/ffcv.es\/wp\/wp-content\/uploads\/2022\/04\/IMG_6756-1536x1024.jpeg 1536w, https:\/\/ffcv.es\/wp\/wp-content\/uploads\/2022\/04\/IMG_6756-2048x1365.jpeg 2048w, https:\/\/ffcv.es\/wp\/wp-content\/uploads\/2022\/04\/IMG_6756-280x187.jpeg 280w, https:\/\/ffcv.es\/wp\/wp-content\/uploads\/2022\/04\/IMG_6756-1170x780.jpeg 1170w, https:\/\/ffcv.es\/wp\/wp-content\/uploads\/2022\/04\/IMG_6756-scaled.jpeg 1620w\" data-sizes=\"(max-width: 1024px) 100vw, 1024px\" src=\"data:image\/gif;base64,R0lGODlhAQABAAAAACH5BAEKAAEALAAAAAABAAEAAAICTAEAOw==\" style=\"--smush-placeholder-width: 1024px; --smush-placeholder-aspect-ratio: 1024\/683;\" \/><noscript><img loading=\"lazy\" decoding=\"async\" width=\"1024\" height=\"683\" src=\"https:\/\/ffcv.es\/wp\/wp-content\/uploads\/2022\/04\/IMG_6756-1024x683.jpeg\" alt=\"\" class=\"wp-image-85661\" srcset=\"https:\/\/ffcv.es\/wp\/wp-content\/uploads\/2022\/04\/IMG_6756-1024x683.jpeg 1024w, https:\/\/ffcv.es\/wp\/wp-content\/uploads\/2022\/04\/IMG_6756-300x200.jpeg 300w, https:\/\/ffcv.es\/wp\/wp-content\/uploads\/2022\/04\/IMG_6756-768x512.jpeg 768w, https:\/\/ffcv.es\/wp\/wp-content\/uploads\/2022\/04\/IMG_6756-1536x1024.jpeg 1536w, https:\/\/ffcv.es\/wp\/wp-content\/uploads\/2022\/04\/IMG_6756-2048x1365.jpeg 2048w, https:\/\/ffcv.es\/wp\/wp-content\/uploads\/2022\/04\/IMG_6756-280x187.jpeg 280w, https:\/\/ffcv.es\/wp\/wp-content\/uploads\/2022\/04\/IMG_6756-1170x780.jpeg 1170w, https:\/\/ffcv.es\/wp\/wp-content\/uploads\/2022\/04\/IMG_6756-scaled.jpeg 1620w\" sizes=\"(max-width: 1024px) 100vw, 1024px\" \/><\/noscript><\/figure>\n\n\n\n<p>Partido disputado en el Pabell\u00f3n Ciudad de Chiclana, de Chiclana de la Frontera (C\u00e1diz) ante m\u00e1s de 150 espectadores. Numerosa presencia de aficionados de la <strong>Comunitat<\/strong> en la grada. <\/p>\n","protected":false},"excerpt":{"rendered":"<p>La Selecci\u00f3 Valenciana masculina sub19 de f\u00fatbol sala venci\u00f3, no sin sufrir, a La Rioja, en la tercera jornada del Campeonato de Espa\u00f1a en Chiclana de la Frontera. El combinado que dirige Patxi Aguilar hace pleno de victorias y jugar\u00e1 ma\u00f1ana los cuartos de final ante Navarra. Inicio el\u00e9ctrico Los primeros minutos fueron el\u00e9ctricos. En<\/p>\n","protected":false},"author":16,"featured_media":85660,"comment_status":"closed","ping_status":"closed","sticky":false,"template":"","format":"standard","meta":{"om_disable_all_campaigns":false,"footnotes":""},"categories":[3454,72,1282],"tags":[1638,189,1117,51,656,3423,3611],"class_list":["post-85563","post","type-post","status-publish","format-standard","has-post-thumbnail","hentry","category-seleccio-valenciana-futsal-sub19","category-noticias-selecciones","category-portada","tag-cadiz-2","tag-campeonato-de-espana","tag-cnsa","tag-futbol-sala","tag-la-rioja","tag-patxi-aguilar","tag-seleccio-valenciana-sub19"],"aioseo_notices":[],"_links":{"self":[{"href":"https:\/\/ffcv.es\/wp\/wp-json\/wp\/v2\/posts\/85563"}],"collection":[{"href":"https:\/\/ffcv.es\/wp\/wp-json\/wp\/v2\/posts"}],"about":[{"href":"https:\/\/ffcv.es\/wp\/wp-json\/wp\/v2\/types\/post"}],"author":[{"embeddable":true,"href":"https:\/\/ffcv.es\/wp\/wp-json\/wp\/v2\/users\/16"}],"replies":[{"embeddable":true,"href":"https:\/\/ffcv.es\/wp\/wp-json\/wp\/v2\/comments?post=85563"}],"version-history":[{"count":5,"href":"https:\/\/ffcv.es\/wp\/wp-json\/wp\/v2\/posts\/85563\/revisions"}],"predecessor-version":[{"id":85668,"href":"https:\/\/ffcv.es\/wp\/wp-json\/wp\/v2\/posts\/85563\/revisions\/85668"}],"wp:featuredmedia":[{"embeddable":true,"href":"https:\/\/ffcv.es\/wp\/wp-json\/wp\/v2\/media\/85660"}],"wp:attachment":[{"href":"https:\/\/ffcv.es\/wp\/wp-json\/wp\/v2\/media?parent=85563"}],"wp:term":[{"taxonomy":"category","embeddable":true,"href":"https:\/\/ffcv.es\/wp\/wp-json\/wp\/v2\/categories?post=85563"},{"taxonomy":"post_tag","embeddable":true,"href":"https:\/\/ffcv.es\/wp\/wp-json\/wp\/v2\/tags?post=85563"}],"curies":[{"name":"wp","href":"https:\/\/api.w.org\/{rel}","templated":true}]}}