{"id":84930,"date":"2022-04-15T13:24:49","date_gmt":"2022-04-15T11:24:49","guid":{"rendered":"https:\/\/ffcv.es\/wp\/?p=84930"},"modified":"2022-04-15T13:24:54","modified_gmt":"2022-04-15T11:24:54","slug":"convocatoria-entrenamiento-de-la-seleccio-valenciana-masculina-sub12-de-oscar-lopez","status":"publish","type":"post","link":"https:\/\/ffcv.es\/wp\/blog\/2022\/04\/convocatoria-entrenamiento-de-la-seleccio-valenciana-masculina-sub12-de-oscar-lopez\/","title":{"rendered":"CONVOCATORIA: Entrenamiento de la Selecci\u00f3 Valenciana masculina sub12 de \u00d3scar L\u00f3pez"},"content":{"rendered":"\n<p>La\u00a0<strong>Federaci\u00f3 de Futbol de la Comunitat Valenciana\u00a0<\/strong>ha hecho p\u00fablica la novena convocatoria de la temporada de la\u00a0<strong>Selecci\u00f3 Valenciana masculina sub12<\/strong>.<\/p>\n\n\n\n<p>Los 23 jugadores convocados por el seleccionador\u00a0<strong>\u00d3scar L\u00f3pez\u00a0<\/strong>se entrenar\u00e1n el martes 19 de abril en el Miguel Monle\u00f3n de <strong>Picassent<\/strong>. <\/p>\n\n\n\n<p>Estos son los convocados:<\/p>\n\n\n\n<div data-wp-interactive=\"core\/file\" class=\"wp-block-file\"><object data-wp-bind--hidden=\"!state.hasPdfPreview\"  class=\"wp-block-file__embed\" data=\"https:\/\/ffcv.es\/wp\/wp-content\/uploads\/2022\/04\/CONV.-SUB-12-MASC.-PICASSENT.pdf\" type=\"application\/pdf\" style=\"width:100%;height:600px\" aria-label=\"Incrustado de Incrustado de CONV.-SUB-12-MASC.-PICASSENT..\"><\/object><a id=\"wp-block-file--media-0e9e07ac-2ee8-45a9-9c83-90d4bfb4f920\" href=\"https:\/\/ffcv.es\/wp\/wp-content\/uploads\/2022\/04\/CONV.-SUB-12-MASC.-PICASSENT.pdf\">CONV.-SUB-12-MASC.-PICASSENT<\/a><a href=\"https:\/\/ffcv.es\/wp\/wp-content\/uploads\/2022\/04\/CONV.-SUB-12-MASC.-PICASSENT.pdf\" class=\"wp-block-file__button\" download aria-describedby=\"wp-block-file--media-0e9e07ac-2ee8-45a9-9c83-90d4bfb4f920\">Descarga<\/a><\/div>\n\n\n\n<figure class=\"wp-block-image size-large\"><img loading=\"lazy\" decoding=\"async\" width=\"1024\" height=\"571\" data-src=\"https:\/\/ffcv.es\/wp\/wp-content\/uploads\/2022\/03\/IMG_8701-1024x571.jpg\" alt=\"\" class=\"wp-image-83295 lazyload\" data-srcset=\"https:\/\/ffcv.es\/wp\/wp-content\/uploads\/2022\/03\/IMG_8701-1024x571.jpg 1024w, https:\/\/ffcv.es\/wp\/wp-content\/uploads\/2022\/03\/IMG_8701-300x167.jpg 300w, https:\/\/ffcv.es\/wp\/wp-content\/uploads\/2022\/03\/IMG_8701-768x428.jpg 768w, https:\/\/ffcv.es\/wp\/wp-content\/uploads\/2022\/03\/IMG_8701-1536x856.jpg 1536w, https:\/\/ffcv.es\/wp\/wp-content\/uploads\/2022\/03\/IMG_8701-2048x1142.jpg 2048w, https:\/\/ffcv.es\/wp\/wp-content\/uploads\/2022\/03\/IMG_8701-280x156.jpg 280w, https:\/\/ffcv.es\/wp\/wp-content\/uploads\/2022\/03\/IMG_8701-1170x652.jpg 1170w, https:\/\/ffcv.es\/wp\/wp-content\/uploads\/2022\/03\/IMG_8701-scaled.jpg 1920w\" data-sizes=\"(max-width: 1024px) 100vw, 1024px\" src=\"data:image\/gif;base64,R0lGODlhAQABAAAAACH5BAEKAAEALAAAAAABAAEAAAICTAEAOw==\" style=\"--smush-placeholder-width: 1024px; --smush-placeholder-aspect-ratio: 1024\/571;\" \/><noscript><img loading=\"lazy\" decoding=\"async\" width=\"1024\" height=\"571\" src=\"https:\/\/ffcv.es\/wp\/wp-content\/uploads\/2022\/03\/IMG_8701-1024x571.jpg\" alt=\"\" class=\"wp-image-83295\" srcset=\"https:\/\/ffcv.es\/wp\/wp-content\/uploads\/2022\/03\/IMG_8701-1024x571.jpg 1024w, https:\/\/ffcv.es\/wp\/wp-content\/uploads\/2022\/03\/IMG_8701-300x167.jpg 300w, https:\/\/ffcv.es\/wp\/wp-content\/uploads\/2022\/03\/IMG_8701-768x428.jpg 768w, https:\/\/ffcv.es\/wp\/wp-content\/uploads\/2022\/03\/IMG_8701-1536x856.jpg 1536w, https:\/\/ffcv.es\/wp\/wp-content\/uploads\/2022\/03\/IMG_8701-2048x1142.jpg 2048w, https:\/\/ffcv.es\/wp\/wp-content\/uploads\/2022\/03\/IMG_8701-280x156.jpg 280w, https:\/\/ffcv.es\/wp\/wp-content\/uploads\/2022\/03\/IMG_8701-1170x652.jpg 1170w, https:\/\/ffcv.es\/wp\/wp-content\/uploads\/2022\/03\/IMG_8701-scaled.jpg 1920w\" sizes=\"(max-width: 1024px) 100vw, 1024px\" \/><\/noscript><\/figure>\n","protected":false},"excerpt":{"rendered":"<p>La\u00a0Federaci\u00f3 de Futbol de la Comunitat Valenciana\u00a0ha hecho p\u00fablica la novena convocatoria de la temporada de la\u00a0Selecci\u00f3 Valenciana masculina sub12. Los 23 jugadores convocados por el seleccionador\u00a0\u00d3scar L\u00f3pez\u00a0se entrenar\u00e1n el martes 19 de abril en el Miguel Monle\u00f3n de Picassent. Estos son los convocados:<\/p>\n","protected":false},"author":16,"featured_media":84934,"comment_status":"closed","ping_status":"closed","sticky":false,"template":"","format":"standard","meta":{"om_disable_all_campaigns":false,"footnotes":""},"categories":[3452],"tags":[90,192,401,1368],"class_list":["post-84930","post","type-post","status-publish","format-standard","has-post-thumbnail","hentry","category-seleccio-valenciana-sub12","tag-alevin","tag-picassent","tag-seleccion-valenciana","tag-sub12"],"aioseo_notices":[],"_links":{"self":[{"href":"https:\/\/ffcv.es\/wp\/wp-json\/wp\/v2\/posts\/84930"}],"collection":[{"href":"https:\/\/ffcv.es\/wp\/wp-json\/wp\/v2\/posts"}],"about":[{"href":"https:\/\/ffcv.es\/wp\/wp-json\/wp\/v2\/types\/post"}],"author":[{"embeddable":true,"href":"https:\/\/ffcv.es\/wp\/wp-json\/wp\/v2\/users\/16"}],"replies":[{"embeddable":true,"href":"https:\/\/ffcv.es\/wp\/wp-json\/wp\/v2\/comments?post=84930"}],"version-history":[{"count":2,"href":"https:\/\/ffcv.es\/wp\/wp-json\/wp\/v2\/posts\/84930\/revisions"}],"predecessor-version":[{"id":84979,"href":"https:\/\/ffcv.es\/wp\/wp-json\/wp\/v2\/posts\/84930\/revisions\/84979"}],"wp:featuredmedia":[{"embeddable":true,"href":"https:\/\/ffcv.es\/wp\/wp-json\/wp\/v2\/media\/84934"}],"wp:attachment":[{"href":"https:\/\/ffcv.es\/wp\/wp-json\/wp\/v2\/media?parent=84930"}],"wp:term":[{"taxonomy":"category","embeddable":true,"href":"https:\/\/ffcv.es\/wp\/wp-json\/wp\/v2\/categories?post=84930"},{"taxonomy":"post_tag","embeddable":true,"href":"https:\/\/ffcv.es\/wp\/wp-json\/wp\/v2\/tags?post=84930"}],"curies":[{"name":"wp","href":"https:\/\/api.w.org\/{rel}","templated":true}]}}