{"id":84685,"date":"2022-04-12T19:05:57","date_gmt":"2022-04-12T17:05:57","guid":{"rendered":"https:\/\/ffcv.es\/wp\/?p=84685"},"modified":"2022-04-19T10:40:51","modified_gmt":"2022-04-19T08:40:51","slug":"convocatoria-oficial-los-14-jugadores-elegidos-por-patxi-aguilar-para-disputar-con-la-seleccio-valenciana-masculina-sub19-el-cnsa-de-futbol-sala","status":"publish","type":"post","link":"https:\/\/ffcv.es\/wp\/blog\/2022\/04\/convocatoria-oficial-los-14-jugadores-elegidos-por-patxi-aguilar-para-disputar-con-la-seleccio-valenciana-masculina-sub19-el-cnsa-de-futbol-sala\/","title":{"rendered":"CONVOCATORIA OFICIAL: Los 14 jugadores elegidos por Patxi Aguilar para disputar con la Selecci\u00f3 Valenciana masculina sub19 el CNSA de f\u00fatbol sala"},"content":{"rendered":"\n<p>La<strong> Federaci\u00f3 de Futbol de la Comunitat Valenciana<\/strong> ha hecho p\u00fablica la lista oficial de 14 jugadores convocados para disputar el <strong>Campeonato Nacional de Selecciones Auton\u00f3micas<\/strong> con la <strong>Selecci\u00f3 Valenciana masculina sub1<\/strong>9 de f\u00fatbol sala.<\/p>\n\n\n\n<p>El seleccionador&nbsp;<strong>Patxi Aguilar<\/strong> ha citado a estos jugadores que defender\u00e1n la el\u00e1stica de la <strong>Comunitat Valenciana<\/strong> en la provincia de <strong>C\u00e1diz:<\/strong><\/p>\n\n\n\n<figure class=\"wp-block-embed is-type-rich is-provider-instagram wp-block-embed-instagram\"><div class=\"wp-block-embed__wrapper\">\nhttps:\/\/www.instagram.com\/tv\/CcQjc53FAps\/?utm_source=ig_web_copy_link\n<\/div><\/figure>\n\n\n\n<div data-wp-interactive=\"core\/file\" class=\"wp-block-file\"><object data-wp-bind--hidden=\"!state.hasPdfPreview\"  class=\"wp-block-file__embed\" data=\"https:\/\/ffcv.es\/wp\/wp-content\/uploads\/2022\/04\/CONVOCATORIA-CAMPEONATO-DE-ESPAN\u0303A-SUB-19-MASC.-FS.pdf\" type=\"application\/pdf\" style=\"width:100%;height:600px\" aria-label=\"Incrustado de Incrustado de CONVOCATORIA-CAMPEONATO-DE-ESPAN\u0303A-SUB-19-MASC.-FS..\"><\/object><a id=\"wp-block-file--media-aeeab42e-55dd-4333-b249-190afddd394a\" href=\"https:\/\/ffcv.es\/wp\/wp-content\/uploads\/2022\/04\/CONVOCATORIA-CAMPEONATO-DE-ESPAN\u0303A-SUB-19-MASC.-FS.pdf\">CONVOCATORIA-CAMPEONATO-DE-ESPAN\u0303A-SUB-19-MASC.-FS<\/a><a href=\"https:\/\/ffcv.es\/wp\/wp-content\/uploads\/2022\/04\/CONVOCATORIA-CAMPEONATO-DE-ESPAN\u0303A-SUB-19-MASC.-FS.pdf\" class=\"wp-block-file__button\" download aria-describedby=\"wp-block-file--media-aeeab42e-55dd-4333-b249-190afddd394a\">Descarga<\/a><\/div>\n\n\n\n<figure class=\"wp-block-image size-large\"><img loading=\"lazy\" decoding=\"async\" width=\"1024\" height=\"576\" data-src=\"https:\/\/ffcv.es\/wp\/wp-content\/uploads\/2022\/04\/presentacion_sub19_patxi-1024x576.jpeg\" alt=\"\" class=\"wp-image-84686 lazyload\" data-srcset=\"https:\/\/ffcv.es\/wp\/wp-content\/uploads\/2022\/04\/presentacion_sub19_patxi-1024x576.jpeg 1024w, https:\/\/ffcv.es\/wp\/wp-content\/uploads\/2022\/04\/presentacion_sub19_patxi-300x169.jpeg 300w, https:\/\/ffcv.es\/wp\/wp-content\/uploads\/2022\/04\/presentacion_sub19_patxi-768x432.jpeg 768w, https:\/\/ffcv.es\/wp\/wp-content\/uploads\/2022\/04\/presentacion_sub19_patxi-1536x864.jpeg 1536w, https:\/\/ffcv.es\/wp\/wp-content\/uploads\/2022\/04\/presentacion_sub19_patxi-280x158.jpeg 280w, https:\/\/ffcv.es\/wp\/wp-content\/uploads\/2022\/04\/presentacion_sub19_patxi-1170x658.jpeg 1170w, https:\/\/ffcv.es\/wp\/wp-content\/uploads\/2022\/04\/presentacion_sub19_patxi.jpeg 1600w\" data-sizes=\"(max-width: 1024px) 100vw, 1024px\" src=\"data:image\/gif;base64,R0lGODlhAQABAAAAACH5BAEKAAEALAAAAAABAAEAAAICTAEAOw==\" style=\"--smush-placeholder-width: 1024px; --smush-placeholder-aspect-ratio: 1024\/576;\" \/><noscript><img loading=\"lazy\" decoding=\"async\" width=\"1024\" height=\"576\" src=\"https:\/\/ffcv.es\/wp\/wp-content\/uploads\/2022\/04\/presentacion_sub19_patxi-1024x576.jpeg\" alt=\"\" class=\"wp-image-84686\" srcset=\"https:\/\/ffcv.es\/wp\/wp-content\/uploads\/2022\/04\/presentacion_sub19_patxi-1024x576.jpeg 1024w, https:\/\/ffcv.es\/wp\/wp-content\/uploads\/2022\/04\/presentacion_sub19_patxi-300x169.jpeg 300w, https:\/\/ffcv.es\/wp\/wp-content\/uploads\/2022\/04\/presentacion_sub19_patxi-768x432.jpeg 768w, https:\/\/ffcv.es\/wp\/wp-content\/uploads\/2022\/04\/presentacion_sub19_patxi-1536x864.jpeg 1536w, https:\/\/ffcv.es\/wp\/wp-content\/uploads\/2022\/04\/presentacion_sub19_patxi-280x158.jpeg 280w, https:\/\/ffcv.es\/wp\/wp-content\/uploads\/2022\/04\/presentacion_sub19_patxi-1170x658.jpeg 1170w, https:\/\/ffcv.es\/wp\/wp-content\/uploads\/2022\/04\/presentacion_sub19_patxi.jpeg 1600w\" sizes=\"(max-width: 1024px) 100vw, 1024px\" \/><\/noscript><\/figure>\n\n\n\n<p>El domingo 17 de abril la <strong>Selecci\u00f3<\/strong> de <strong>Aguilar<\/strong> viajar\u00e1 a<strong> San Fernando<\/strong> (<strong>C\u00e1diz<\/strong>) para disputar el <strong>Campeonato Nacional de Selecciones Auton\u00f3micas sub19 <\/strong>del 18 al 24 de abril.<\/p>\n\n\n\n<h2 class=\"wp-block-heading\">Competici\u00f3n<\/h2>\n\n\n\n<p>La sub19 disputar\u00e1 sus partidos del&nbsp;<strong>Campeonato de Espa\u00f1a <\/strong>encuadrada en el <strong>Grupo D&nbsp;<\/strong>ante&nbsp;<strong>Castilla-La Mancha<\/strong>,<strong> La Rioja<\/strong>&nbsp;y<strong> Asturias<\/strong>&nbsp;en la localidad gaditana de&nbsp;<strong>Chiclana de la Frontera<\/strong>.<\/p>\n\n\n\n<p><strong>San Fernando<\/strong>&nbsp;es la sede central de este campeonato que se desarrollar\u00e1 en pabellones municipales de localidades diferentes: <strong>Conil de la Frontera<\/strong>, <strong>San Fernando<\/strong> y <strong>Chiclana de la Frontera<\/strong>.<\/p>\n\n\n\n<p>Se clasificar\u00e1n para cuartos de final las 2 primeras clasificadas de cada grupo.<\/p>\n\n\n\n<h3 class=\"wp-block-heading\">Jornada 1 (19 de abril)<\/h3>\n\n\n\n<ul class=\"wp-block-list\"><li>18:45 <strong>Asturias<\/strong> \ud83c\udd9a <strong>Selecci\u00f3 sub19<\/strong> <em>(Pabell\u00f3n Ciudad de Chiclana)<\/em><\/li><\/ul>\n\n\n\n<h3 class=\"wp-block-heading\">Jornada 2 (20 de abril)<\/h3>\n\n\n\n<ul class=\"wp-block-list\"><li>18:45 <strong>Castilla-La Mancha<\/strong> \ud83c\udd9a <strong>Selecci\u00f3 sub1<\/strong>9 <em>(Pabell\u00f3n Huerta del Rosario)<\/em><\/li><\/ul>\n\n\n\n<h3 class=\"wp-block-heading\">Jornada 3 (21 de abril)<\/h3>\n\n\n\n<ul class=\"wp-block-list\"><li>18:45 <strong>La Rioja<\/strong> \ud83c\udd9a <strong>Selecci\u00f3 sub19&nbsp;<\/strong><em>(Pabell\u00f3n Ciudad de Chiclana)<\/em><\/li><\/ul>\n\n\n\n<p>Los cuartos de final se jugar\u00e1n el d\u00eda 22, las semifinales el d\u00eda 23 y la final el d\u00eda 24, en la <em>Ciudad Deportiva<\/em> <em>Bah\u00eda Sur<\/em> de <strong>San Fernando<\/strong>. <\/p>\n\n\n\n<div data-wp-interactive=\"core\/file\" class=\"wp-block-file\"><object data-wp-bind--hidden=\"!state.hasPdfPreview\"  class=\"wp-block-file__embed\" data=\"https:\/\/ffcv.es\/wp\/wp-content\/uploads\/2022\/04\/Calendario-y-horarios-partidos.pdf\" type=\"application\/pdf\" style=\"width:100%;height:600px\" aria-label=\"Incrustado de Incrustado de Calendario-y-horarios-partidos..\"><\/object><a id=\"wp-block-file--media-97c31aa5-6a0b-4e34-8342-477c7aa921f8\" href=\"https:\/\/ffcv.es\/wp\/wp-content\/uploads\/2022\/04\/Calendario-y-horarios-partidos.pdf\">Calendario-y-horarios-partidos<\/a><a href=\"https:\/\/ffcv.es\/wp\/wp-content\/uploads\/2022\/04\/Calendario-y-horarios-partidos.pdf\" class=\"wp-block-file__button\" download aria-describedby=\"wp-block-file--media-97c31aa5-6a0b-4e34-8342-477c7aa921f8\">Descarga<\/a><\/div>\n\n\n\n<h2 class=\"wp-block-heading\">Plan de viaje<\/h2>\n\n\n\n<p>La expedici\u00f3n de la&nbsp;<strong>FFCV<\/strong>&nbsp;partir\u00e1 el domingo 17 de abril a las 08:30 am desde&nbsp;<strong>Val\u00e8ncia<\/strong>&nbsp;en bus y quedar\u00e1 alojada en el Hotel Fuerte Conil de <strong>Conil de la Frontera<\/strong>.<\/p>\n\n\n\n<div data-wp-interactive=\"core\/file\" class=\"wp-block-file\"><object data-wp-bind--hidden=\"!state.hasPdfPreview\"  class=\"wp-block-file__embed\" data=\"https:\/\/ffcv.es\/wp\/wp-content\/uploads\/2022\/04\/Info-Sede-Sub16-Sub-19-Masculino-.pdf\" type=\"application\/pdf\" style=\"width:100%;height:600px\" aria-label=\"Incrustado de Incrustado de Info-Sede-Sub16-Sub-19-Masculino-..\"><\/object><a id=\"wp-block-file--media-8c7e8796-1ecd-4e97-8a20-ce8d62fb21dc\" href=\"https:\/\/ffcv.es\/wp\/wp-content\/uploads\/2022\/04\/Info-Sede-Sub16-Sub-19-Masculino-.pdf\">Info-Sede-Sub16-Sub-19-Masculino-<\/a><a href=\"https:\/\/ffcv.es\/wp\/wp-content\/uploads\/2022\/04\/Info-Sede-Sub16-Sub-19-Masculino-.pdf\" class=\"wp-block-file__button\" download aria-describedby=\"wp-block-file--media-8c7e8796-1ecd-4e97-8a20-ce8d62fb21dc\">Descarga<\/a><\/div>\n\n\n\n<p><\/p>\n","protected":false},"excerpt":{"rendered":"<p>La Federaci\u00f3 de Futbol de la Comunitat Valenciana ha hecho p\u00fablica la lista oficial de 14 jugadores convocados para disputar el Campeonato Nacional de Selecciones Auton\u00f3micas con la Selecci\u00f3 Valenciana masculina sub19 de f\u00fatbol sala. El seleccionador&nbsp;Patxi Aguilar ha citado a estos jugadores que defender\u00e1n la el\u00e1stica de la Comunitat Valenciana en la provincia de<\/p>\n","protected":false},"author":16,"featured_media":84686,"comment_status":"closed","ping_status":"closed","sticky":false,"template":"","format":"standard","meta":{"om_disable_all_campaigns":false,"footnotes":""},"categories":[3454,4,72,1282],"tags":[1638,189,1117,6113,51,3423,6118,3554,1464],"class_list":["post-84685","post","type-post","status-publish","format-standard","has-post-thumbnail","hentry","category-seleccio-valenciana-futsal-sub19","category-noticias-futbol-sala","category-noticias-selecciones","category-portada","tag-cadiz-2","tag-campeonato-de-espana","tag-cnsa","tag-convocatoria-oficial","tag-futbol-sala","tag-patxi-aguilar","tag-san-fernando","tag-seleccio-valenciana-futbol-sala","tag-sub19"],"aioseo_notices":[],"_links":{"self":[{"href":"https:\/\/ffcv.es\/wp\/wp-json\/wp\/v2\/posts\/84685"}],"collection":[{"href":"https:\/\/ffcv.es\/wp\/wp-json\/wp\/v2\/posts"}],"about":[{"href":"https:\/\/ffcv.es\/wp\/wp-json\/wp\/v2\/types\/post"}],"author":[{"embeddable":true,"href":"https:\/\/ffcv.es\/wp\/wp-json\/wp\/v2\/users\/16"}],"replies":[{"embeddable":true,"href":"https:\/\/ffcv.es\/wp\/wp-json\/wp\/v2\/comments?post=84685"}],"version-history":[{"count":4,"href":"https:\/\/ffcv.es\/wp\/wp-json\/wp\/v2\/posts\/84685\/revisions"}],"predecessor-version":[{"id":85139,"href":"https:\/\/ffcv.es\/wp\/wp-json\/wp\/v2\/posts\/84685\/revisions\/85139"}],"wp:featuredmedia":[{"embeddable":true,"href":"https:\/\/ffcv.es\/wp\/wp-json\/wp\/v2\/media\/84686"}],"wp:attachment":[{"href":"https:\/\/ffcv.es\/wp\/wp-json\/wp\/v2\/media?parent=84685"}],"wp:term":[{"taxonomy":"category","embeddable":true,"href":"https:\/\/ffcv.es\/wp\/wp-json\/wp\/v2\/categories?post=84685"},{"taxonomy":"post_tag","embeddable":true,"href":"https:\/\/ffcv.es\/wp\/wp-json\/wp\/v2\/tags?post=84685"}],"curies":[{"name":"wp","href":"https:\/\/api.w.org\/{rel}","templated":true}]}}