{"id":84103,"date":"2022-04-06T12:26:34","date_gmt":"2022-04-06T10:26:34","guid":{"rendered":"https:\/\/ffcv.es\/wp\/?p=84103"},"modified":"2022-04-06T12:26:38","modified_gmt":"2022-04-06T10:26:38","slug":"convocatoria-oficial-estos-son-los-12-jugadores-elegidos-por-borja-palomero-para-defender-a-la-seleccio-valenciana-sub14-en-el-campeonato-de-espana-de-futsal","status":"publish","type":"post","link":"https:\/\/ffcv.es\/wp\/blog\/2022\/04\/convocatoria-oficial-estos-son-los-12-jugadores-elegidos-por-borja-palomero-para-defender-a-la-seleccio-valenciana-sub14-en-el-campeonato-de-espana-de-futsal\/","title":{"rendered":"CONVOCATORIA OFICIAL: Estos son los 12 jugadores elegidos por Borja Palomero para defender a la Selecci\u00f3 Valenciana sub14 en el Campeonato de Espa\u00f1a de futsal"},"content":{"rendered":"\n<p>La <strong>FFCV<\/strong> ha dado a conocer la lista oficial de convocados por la  <strong>Selecci\u00f3 Valenciana masculina sub14 <\/strong>de f\u00fatbol sala para disputar el <strong>Campeonato Nacional de Selecciones Auton\u00f3micas<\/strong> la pr\u00f3xima semana en Salou.<\/p>\n\n\n\n<p>El seleccionador <strong>Borja<\/strong> <strong>Palomero<\/strong> ha citado a estos 12 jugadores que defender\u00e1n la el\u00e1stica de la Comunitat Valenciana en Catalunya:<\/p>\n\n\n\n<figure class=\"wp-block-embed is-type-rich is-provider-instagram wp-block-embed-instagram\"><div class=\"wp-block-embed__wrapper\">\nhttps:\/\/www.instagram.com\/tv\/CcAYYo6lhqM\/?utm_source=ig_web_copy_link\n<\/div><\/figure>\n\n\n\n<div data-wp-interactive=\"core\/file\" class=\"wp-block-file\"><object data-wp-bind--hidden=\"!state.hasPdfPreview\"  class=\"wp-block-file__embed\" data=\"https:\/\/ffcv.es\/wp\/wp-content\/uploads\/2022\/04\/CONVOCATORIA-CAMPEONATO-DE-ESPAN\u0303A-SUB-14-MASC.-FS.pdf\" type=\"application\/pdf\" style=\"width:100%;height:600px\" aria-label=\"Incrustado de Incrustado de CONVOCATORIA-CAMPEONATO-DE-ESPAN\u0303A-SUB-14-MASC.-FS..\"><\/object><a id=\"wp-block-file--media-fe5f3de5-4b1f-4e99-8605-dd7be563685e\" href=\"https:\/\/ffcv.es\/wp\/wp-content\/uploads\/2022\/04\/CONVOCATORIA-CAMPEONATO-DE-ESPAN\u0303A-SUB-14-MASC.-FS.pdf\">CONVOCATORIA-CAMPEONATO-DE-ESPAN\u0303A-SUB-14-MASC.-FS<\/a><a href=\"https:\/\/ffcv.es\/wp\/wp-content\/uploads\/2022\/04\/CONVOCATORIA-CAMPEONATO-DE-ESPAN\u0303A-SUB-14-MASC.-FS.pdf\" class=\"wp-block-file__button\" download aria-describedby=\"wp-block-file--media-fe5f3de5-4b1f-4e99-8605-dd7be563685e\">Descarga<\/a><\/div>\n\n\n\n<h2 class=\"wp-block-heading\">Competici\u00f3n<\/h2>\n\n\n\n<p>La sub14 disputar\u00e1 sus partidos del <strong>Campeonato de Espa\u00f1a <\/strong>ante <strong>Canarias<\/strong> y <strong>Catalunya<\/strong> en la localidad catalana de <strong>Alcover<\/strong>.<\/p>\n\n\n\n<p><strong>Salou<\/strong> (<strong>Tarragona<\/strong>) es la sede central de este campeonato que se desarrollar\u00e1 en cuatro pabellones municipales de localidades diferentes: <strong>Altafulla<\/strong>, <strong>Alcover<\/strong>, <strong>Morell<\/strong> y <strong>Salou<\/strong>.<\/p>\n\n\n\n<p>La <strong>Selecci\u00f3 Valenciana sub14<\/strong> de<strong> Palomero<\/strong> est\u00e1 encuadrada en el grupo D con <strong>Canarias<\/strong> y <strong>Catalunya<\/strong>, el \u00fanico que \u00fanicamente cuenta con tres selecciones.<\/p>\n\n\n\n<h2 class=\"wp-block-heading\">Jornada 1 (11 de abril)<\/h2>\n\n\n\n<ul class=\"wp-block-list\"><li>12:00 Canarias \ud83c\udd9a Catalunya <em>(Pabell\u00f3n Municipal de Alcover)<\/em><\/li><\/ul>\n\n\n\n<h2 class=\"wp-block-heading\">Jornada 2 (12 de abril)<\/h2>\n\n\n\n<ul class=\"wp-block-list\"><li>12:00 Selecci\u00f3 sub14 \ud83c\udd9a perdedor jornada 1 <em>(Pabell\u00f3n Municipal de Alcover)<\/em><\/li><\/ul>\n\n\n\n<h2 class=\"wp-block-heading\">Jornada 3 (13 de abril)<\/h2>\n\n\n\n<ul class=\"wp-block-list\"><li>12:00 Selecci\u00f3 sub14 \ud83c\udd9a ganador jornada 1 <em>(Pabell\u00f3n Municipal de Alcover)<\/em><\/li><\/ul>\n\n\n\n<p>Las semifinales se jugar\u00e1n el d\u00eda 14 y la final el d\u00eda 15, en el<strong> Pabell\u00f3n Municipal de Salou<\/strong>. <\/p>\n\n\n\n<h2 class=\"wp-block-heading\">Plan de viaje<\/h2>\n\n\n\n<p>La expedici\u00f3n de la <strong>FFCV<\/strong> partir\u00e1 el lunes 11 de abril a las 11:00 am desde <strong>Val\u00e8ncia<\/strong> en bus y quedar\u00e1 alojada en el Hotel H10 Salauris Palace de <strong>Salou<\/strong>.<\/p>\n\n\n\n<div data-wp-interactive=\"core\/file\" class=\"wp-block-file\"><object data-wp-bind--hidden=\"!state.hasPdfPreview\"  class=\"wp-block-file__embed\" data=\"https:\/\/ffcv.es\/wp\/wp-content\/uploads\/2022\/04\/Hoja-de-ruta-Salou.pdf\" type=\"application\/pdf\" style=\"width:100%;height:600px\" aria-label=\"Incrustado de Incrustado de Hoja-de-ruta-Salou..\"><\/object><a id=\"wp-block-file--media-83afb100-22ea-4f3f-a179-e1d08ebcab91\" href=\"https:\/\/ffcv.es\/wp\/wp-content\/uploads\/2022\/04\/Hoja-de-ruta-Salou.pdf\">Hoja-de-ruta-Salou<\/a><a href=\"https:\/\/ffcv.es\/wp\/wp-content\/uploads\/2022\/04\/Hoja-de-ruta-Salou.pdf\" class=\"wp-block-file__button\" download aria-describedby=\"wp-block-file--media-83afb100-22ea-4f3f-a179-e1d08ebcab91\">Descarga<\/a><\/div>\n\n\n\n<div data-wp-interactive=\"core\/file\" class=\"wp-block-file\"><object data-wp-bind--hidden=\"!state.hasPdfPreview\"  class=\"wp-block-file__embed\" data=\"https:\/\/ffcv.es\/wp\/wp-content\/uploads\/2022\/04\/Info-Sede-Infantil-Masculino-y-Femenino.pdf\" type=\"application\/pdf\" style=\"width:100%;height:600px\" aria-label=\"Incrustado de Incrustado de Info-Sede-Infantil-Masculino-y-Femenino..\"><\/object><a id=\"wp-block-file--media-09015e16-c01e-47dd-9afe-2b86bbe51fcf\" href=\"https:\/\/ffcv.es\/wp\/wp-content\/uploads\/2022\/04\/Info-Sede-Infantil-Masculino-y-Femenino.pdf\">Info-Sede-Infantil-Masculino-y-Femenino<\/a><a href=\"https:\/\/ffcv.es\/wp\/wp-content\/uploads\/2022\/04\/Info-Sede-Infantil-Masculino-y-Femenino.pdf\" class=\"wp-block-file__button\" download aria-describedby=\"wp-block-file--media-09015e16-c01e-47dd-9afe-2b86bbe51fcf\">Descarga<\/a><\/div>\n\n\n\n<h2 class=\"wp-block-heading\">Meses de preparaci\u00f3n<\/h2>\n\n\n\n<p>Este combinado auton\u00f3mico prepara desde hace meses su concurso en el CNSA, con aplazamiento incluido por la sexta ola de la pandemia.<\/p>\n\n\n\n<p>El Pabell\u00f3n de <strong>Alfafar<\/strong> ha sido la sede principal de la preparaci\u00f3n de la <strong>Selecci\u00f3 sub14<\/strong> con un minucioso plan de entrenamientos y<a href=\"https:\/\/ffcv.es\/wp\/blog\/2022\/04\/05\/exigente-ensayo-general-de-la-seleccio-sub14-de-futsal-ante-el-cadete-del-penyaroja-fs-2-4\/\" target=\"_blank\" rel=\"noreferrer noopener\"> partidos amistosos<\/a>, hasta la fecha. <\/p>\n\n\n\n<figure class=\"wp-block-gallery has-nested-images columns-default is-cropped wp-block-gallery-1 is-layout-flex wp-block-gallery-is-layout-flex\">\n<figure class=\"wp-block-image size-large\"><img loading=\"lazy\" decoding=\"async\" width=\"1024\" height=\"682\" data-id=\"84138\" data-src=\"https:\/\/ffcv.es\/wp\/wp-content\/uploads\/2022\/04\/e0b326bb-835e-4122-8730-6ecc59a8b5b1-2-1024x682.jpg\" alt=\"\" class=\"wp-image-84138 lazyload\" data-srcset=\"https:\/\/ffcv.es\/wp\/wp-content\/uploads\/2022\/04\/e0b326bb-835e-4122-8730-6ecc59a8b5b1-2-1024x682.jpg 1024w, https:\/\/ffcv.es\/wp\/wp-content\/uploads\/2022\/04\/e0b326bb-835e-4122-8730-6ecc59a8b5b1-2-300x200.jpg 300w, https:\/\/ffcv.es\/wp\/wp-content\/uploads\/2022\/04\/e0b326bb-835e-4122-8730-6ecc59a8b5b1-2-768x512.jpg 768w, https:\/\/ffcv.es\/wp\/wp-content\/uploads\/2022\/04\/e0b326bb-835e-4122-8730-6ecc59a8b5b1-2-1536x1023.jpg 1536w, https:\/\/ffcv.es\/wp\/wp-content\/uploads\/2022\/04\/e0b326bb-835e-4122-8730-6ecc59a8b5b1-2-280x187.jpg 280w, https:\/\/ffcv.es\/wp\/wp-content\/uploads\/2022\/04\/e0b326bb-835e-4122-8730-6ecc59a8b5b1-2-1170x780.jpg 1170w, https:\/\/ffcv.es\/wp\/wp-content\/uploads\/2022\/04\/e0b326bb-835e-4122-8730-6ecc59a8b5b1-2.jpg 1600w\" data-sizes=\"(max-width: 1024px) 100vw, 1024px\" src=\"data:image\/gif;base64,R0lGODlhAQABAAAAACH5BAEKAAEALAAAAAABAAEAAAICTAEAOw==\" style=\"--smush-placeholder-width: 1024px; --smush-placeholder-aspect-ratio: 1024\/682;\" \/><noscript><img loading=\"lazy\" decoding=\"async\" width=\"1024\" height=\"682\" data-id=\"84138\" src=\"https:\/\/ffcv.es\/wp\/wp-content\/uploads\/2022\/04\/e0b326bb-835e-4122-8730-6ecc59a8b5b1-2-1024x682.jpg\" alt=\"\" class=\"wp-image-84138\" srcset=\"https:\/\/ffcv.es\/wp\/wp-content\/uploads\/2022\/04\/e0b326bb-835e-4122-8730-6ecc59a8b5b1-2-1024x682.jpg 1024w, https:\/\/ffcv.es\/wp\/wp-content\/uploads\/2022\/04\/e0b326bb-835e-4122-8730-6ecc59a8b5b1-2-300x200.jpg 300w, https:\/\/ffcv.es\/wp\/wp-content\/uploads\/2022\/04\/e0b326bb-835e-4122-8730-6ecc59a8b5b1-2-768x512.jpg 768w, https:\/\/ffcv.es\/wp\/wp-content\/uploads\/2022\/04\/e0b326bb-835e-4122-8730-6ecc59a8b5b1-2-1536x1023.jpg 1536w, https:\/\/ffcv.es\/wp\/wp-content\/uploads\/2022\/04\/e0b326bb-835e-4122-8730-6ecc59a8b5b1-2-280x187.jpg 280w, https:\/\/ffcv.es\/wp\/wp-content\/uploads\/2022\/04\/e0b326bb-835e-4122-8730-6ecc59a8b5b1-2-1170x780.jpg 1170w, https:\/\/ffcv.es\/wp\/wp-content\/uploads\/2022\/04\/e0b326bb-835e-4122-8730-6ecc59a8b5b1-2.jpg 1600w\" sizes=\"(max-width: 1024px) 100vw, 1024px\" \/><\/noscript><\/figure>\n\n\n\n<figure class=\"wp-block-image size-large\"><img loading=\"lazy\" decoding=\"async\" width=\"1600\" height=\"964\" data-id=\"84115\" data-src=\"https:\/\/ffcv.es\/wp\/wp-content\/uploads\/2022\/04\/15feb-Seleccio\u0301-sub14-en-Alfafar.jpeg\" alt=\"\" class=\"wp-image-84115 lazyload\" data-srcset=\"https:\/\/ffcv.es\/wp\/wp-content\/uploads\/2022\/04\/15feb-Seleccio\u0301-sub14-en-Alfafar.jpeg 1600w, https:\/\/ffcv.es\/wp\/wp-content\/uploads\/2022\/04\/15feb-Seleccio\u0301-sub14-en-Alfafar-300x181.jpeg 300w, https:\/\/ffcv.es\/wp\/wp-content\/uploads\/2022\/04\/15feb-Seleccio\u0301-sub14-en-Alfafar-1024x617.jpeg 1024w, https:\/\/ffcv.es\/wp\/wp-content\/uploads\/2022\/04\/15feb-Seleccio\u0301-sub14-en-Alfafar-768x463.jpeg 768w, https:\/\/ffcv.es\/wp\/wp-content\/uploads\/2022\/04\/15feb-Seleccio\u0301-sub14-en-Alfafar-1536x925.jpeg 1536w, https:\/\/ffcv.es\/wp\/wp-content\/uploads\/2022\/04\/15feb-Seleccio\u0301-sub14-en-Alfafar-280x169.jpeg 280w, https:\/\/ffcv.es\/wp\/wp-content\/uploads\/2022\/04\/15feb-Seleccio\u0301-sub14-en-Alfafar-1170x705.jpeg 1170w\" data-sizes=\"(max-width: 1600px) 100vw, 1600px\" src=\"data:image\/gif;base64,R0lGODlhAQABAAAAACH5BAEKAAEALAAAAAABAAEAAAICTAEAOw==\" style=\"--smush-placeholder-width: 1600px; --smush-placeholder-aspect-ratio: 1600\/964;\" \/><noscript><img loading=\"lazy\" decoding=\"async\" width=\"1600\" height=\"964\" data-id=\"84115\" src=\"https:\/\/ffcv.es\/wp\/wp-content\/uploads\/2022\/04\/15feb-Seleccio\u0301-sub14-en-Alfafar.jpeg\" alt=\"\" class=\"wp-image-84115\" srcset=\"https:\/\/ffcv.es\/wp\/wp-content\/uploads\/2022\/04\/15feb-Seleccio\u0301-sub14-en-Alfafar.jpeg 1600w, https:\/\/ffcv.es\/wp\/wp-content\/uploads\/2022\/04\/15feb-Seleccio\u0301-sub14-en-Alfafar-300x181.jpeg 300w, https:\/\/ffcv.es\/wp\/wp-content\/uploads\/2022\/04\/15feb-Seleccio\u0301-sub14-en-Alfafar-1024x617.jpeg 1024w, https:\/\/ffcv.es\/wp\/wp-content\/uploads\/2022\/04\/15feb-Seleccio\u0301-sub14-en-Alfafar-768x463.jpeg 768w, https:\/\/ffcv.es\/wp\/wp-content\/uploads\/2022\/04\/15feb-Seleccio\u0301-sub14-en-Alfafar-1536x925.jpeg 1536w, https:\/\/ffcv.es\/wp\/wp-content\/uploads\/2022\/04\/15feb-Seleccio\u0301-sub14-en-Alfafar-280x169.jpeg 280w, https:\/\/ffcv.es\/wp\/wp-content\/uploads\/2022\/04\/15feb-Seleccio\u0301-sub14-en-Alfafar-1170x705.jpeg 1170w\" sizes=\"(max-width: 1600px) 100vw, 1600px\" \/><\/noscript><\/figure>\n\n\n\n<figure class=\"wp-block-image size-large\"><img loading=\"lazy\" decoding=\"async\" width=\"1600\" height=\"1014\" data-id=\"76592\" data-src=\"https:\/\/ffcv.es\/wp\/wp-content\/uploads\/2021\/12\/2.jpeg\" alt=\"\" class=\"wp-image-76592 lazyload\" data-srcset=\"https:\/\/ffcv.es\/wp\/wp-content\/uploads\/2021\/12\/2.jpeg 1600w, https:\/\/ffcv.es\/wp\/wp-content\/uploads\/2021\/12\/2-300x190.jpeg 300w, https:\/\/ffcv.es\/wp\/wp-content\/uploads\/2021\/12\/2-1024x649.jpeg 1024w, https:\/\/ffcv.es\/wp\/wp-content\/uploads\/2021\/12\/2-768x487.jpeg 768w, https:\/\/ffcv.es\/wp\/wp-content\/uploads\/2021\/12\/2-1536x973.jpeg 1536w, https:\/\/ffcv.es\/wp\/wp-content\/uploads\/2021\/12\/2-280x177.jpeg 280w, https:\/\/ffcv.es\/wp\/wp-content\/uploads\/2021\/12\/2-1170x741.jpeg 1170w\" data-sizes=\"(max-width: 1600px) 100vw, 1600px\" src=\"data:image\/gif;base64,R0lGODlhAQABAAAAACH5BAEKAAEALAAAAAABAAEAAAICTAEAOw==\" style=\"--smush-placeholder-width: 1600px; --smush-placeholder-aspect-ratio: 1600\/1014;\" \/><noscript><img loading=\"lazy\" decoding=\"async\" width=\"1600\" height=\"1014\" data-id=\"76592\" src=\"https:\/\/ffcv.es\/wp\/wp-content\/uploads\/2021\/12\/2.jpeg\" alt=\"\" class=\"wp-image-76592\" srcset=\"https:\/\/ffcv.es\/wp\/wp-content\/uploads\/2021\/12\/2.jpeg 1600w, https:\/\/ffcv.es\/wp\/wp-content\/uploads\/2021\/12\/2-300x190.jpeg 300w, https:\/\/ffcv.es\/wp\/wp-content\/uploads\/2021\/12\/2-1024x649.jpeg 1024w, https:\/\/ffcv.es\/wp\/wp-content\/uploads\/2021\/12\/2-768x487.jpeg 768w, https:\/\/ffcv.es\/wp\/wp-content\/uploads\/2021\/12\/2-1536x973.jpeg 1536w, https:\/\/ffcv.es\/wp\/wp-content\/uploads\/2021\/12\/2-280x177.jpeg 280w, https:\/\/ffcv.es\/wp\/wp-content\/uploads\/2021\/12\/2-1170x741.jpeg 1170w\" sizes=\"(max-width: 1600px) 100vw, 1600px\" \/><\/noscript><\/figure>\n\n\n\n<figure class=\"wp-block-image size-large\"><img loading=\"lazy\" decoding=\"async\" width=\"1682\" height=\"1080\" data-id=\"76578\" data-src=\"https:\/\/ffcv.es\/wp\/wp-content\/uploads\/2021\/12\/IMG_8146-scaled.jpg\" alt=\"\" class=\"wp-image-76578 lazyload\" data-srcset=\"https:\/\/ffcv.es\/wp\/wp-content\/uploads\/2021\/12\/IMG_8146-scaled.jpg 1682w, https:\/\/ffcv.es\/wp\/wp-content\/uploads\/2021\/12\/IMG_8146-300x193.jpg 300w, https:\/\/ffcv.es\/wp\/wp-content\/uploads\/2021\/12\/IMG_8146-1024x658.jpg 1024w, https:\/\/ffcv.es\/wp\/wp-content\/uploads\/2021\/12\/IMG_8146-768x493.jpg 768w, https:\/\/ffcv.es\/wp\/wp-content\/uploads\/2021\/12\/IMG_8146-1536x987.jpg 1536w, https:\/\/ffcv.es\/wp\/wp-content\/uploads\/2021\/12\/IMG_8146-2048x1315.jpg 2048w, https:\/\/ffcv.es\/wp\/wp-content\/uploads\/2021\/12\/IMG_8146-280x180.jpg 280w, https:\/\/ffcv.es\/wp\/wp-content\/uploads\/2021\/12\/IMG_8146-1170x751.jpg 1170w\" data-sizes=\"(max-width: 1682px) 100vw, 1682px\" src=\"data:image\/gif;base64,R0lGODlhAQABAAAAACH5BAEKAAEALAAAAAABAAEAAAICTAEAOw==\" style=\"--smush-placeholder-width: 1682px; --smush-placeholder-aspect-ratio: 1682\/1080;\" \/><noscript><img loading=\"lazy\" decoding=\"async\" width=\"1682\" height=\"1080\" data-id=\"76578\" src=\"https:\/\/ffcv.es\/wp\/wp-content\/uploads\/2021\/12\/IMG_8146-scaled.jpg\" alt=\"\" class=\"wp-image-76578\" srcset=\"https:\/\/ffcv.es\/wp\/wp-content\/uploads\/2021\/12\/IMG_8146-scaled.jpg 1682w, https:\/\/ffcv.es\/wp\/wp-content\/uploads\/2021\/12\/IMG_8146-300x193.jpg 300w, https:\/\/ffcv.es\/wp\/wp-content\/uploads\/2021\/12\/IMG_8146-1024x658.jpg 1024w, https:\/\/ffcv.es\/wp\/wp-content\/uploads\/2021\/12\/IMG_8146-768x493.jpg 768w, https:\/\/ffcv.es\/wp\/wp-content\/uploads\/2021\/12\/IMG_8146-1536x987.jpg 1536w, https:\/\/ffcv.es\/wp\/wp-content\/uploads\/2021\/12\/IMG_8146-2048x1315.jpg 2048w, https:\/\/ffcv.es\/wp\/wp-content\/uploads\/2021\/12\/IMG_8146-280x180.jpg 280w, https:\/\/ffcv.es\/wp\/wp-content\/uploads\/2021\/12\/IMG_8146-1170x751.jpg 1170w\" sizes=\"(max-width: 1682px) 100vw, 1682px\" \/><\/noscript><\/figure>\n\n\n\n<figure class=\"wp-block-image size-large\"><img loading=\"lazy\" decoding=\"async\" width=\"1620\" height=\"1080\" data-id=\"60029\" data-src=\"https:\/\/ffcv.es\/wp\/wp-content\/uploads\/2021\/05\/IMG_7948-scaled.jpeg\" alt=\"10 may Entrene Selecci\u00f3 sub14 y sub16 Alfafar futsal\" class=\"wp-image-60029 lazyload\" data-srcset=\"https:\/\/ffcv.es\/wp\/wp-content\/uploads\/2021\/05\/IMG_7948-scaled.jpeg 1620w, https:\/\/ffcv.es\/wp\/wp-content\/uploads\/2021\/05\/IMG_7948-300x200.jpeg 300w, https:\/\/ffcv.es\/wp\/wp-content\/uploads\/2021\/05\/IMG_7948-1024x683.jpeg 1024w, https:\/\/ffcv.es\/wp\/wp-content\/uploads\/2021\/05\/IMG_7948-768x512.jpeg 768w, https:\/\/ffcv.es\/wp\/wp-content\/uploads\/2021\/05\/IMG_7948-1536x1024.jpeg 1536w, https:\/\/ffcv.es\/wp\/wp-content\/uploads\/2021\/05\/IMG_7948-2048x1365.jpeg 2048w, https:\/\/ffcv.es\/wp\/wp-content\/uploads\/2021\/05\/IMG_7948-280x187.jpeg 280w, https:\/\/ffcv.es\/wp\/wp-content\/uploads\/2021\/05\/IMG_7948-1170x780.jpeg 1170w\" data-sizes=\"(max-width: 1620px) 100vw, 1620px\" src=\"data:image\/gif;base64,R0lGODlhAQABAAAAACH5BAEKAAEALAAAAAABAAEAAAICTAEAOw==\" style=\"--smush-placeholder-width: 1620px; --smush-placeholder-aspect-ratio: 1620\/1080;\" \/><noscript><img loading=\"lazy\" decoding=\"async\" width=\"1620\" height=\"1080\" data-id=\"60029\" src=\"https:\/\/ffcv.es\/wp\/wp-content\/uploads\/2021\/05\/IMG_7948-scaled.jpeg\" alt=\"10 may Entrene Selecci\u00f3 sub14 y sub16 Alfafar futsal\" class=\"wp-image-60029\" srcset=\"https:\/\/ffcv.es\/wp\/wp-content\/uploads\/2021\/05\/IMG_7948-scaled.jpeg 1620w, https:\/\/ffcv.es\/wp\/wp-content\/uploads\/2021\/05\/IMG_7948-300x200.jpeg 300w, https:\/\/ffcv.es\/wp\/wp-content\/uploads\/2021\/05\/IMG_7948-1024x683.jpeg 1024w, https:\/\/ffcv.es\/wp\/wp-content\/uploads\/2021\/05\/IMG_7948-768x512.jpeg 768w, https:\/\/ffcv.es\/wp\/wp-content\/uploads\/2021\/05\/IMG_7948-1536x1024.jpeg 1536w, https:\/\/ffcv.es\/wp\/wp-content\/uploads\/2021\/05\/IMG_7948-2048x1365.jpeg 2048w, https:\/\/ffcv.es\/wp\/wp-content\/uploads\/2021\/05\/IMG_7948-280x187.jpeg 280w, https:\/\/ffcv.es\/wp\/wp-content\/uploads\/2021\/05\/IMG_7948-1170x780.jpeg 1170w\" sizes=\"(max-width: 1620px) 100vw, 1620px\" \/><\/noscript><\/figure>\n<\/figure>\n","protected":false},"excerpt":{"rendered":"<p>La FFCV ha dado a conocer la lista oficial de convocados por la Selecci\u00f3 Valenciana masculina sub14 de f\u00fatbol sala para disputar el Campeonato Nacional de Selecciones Auton\u00f3micas la pr\u00f3xima semana en Salou. El seleccionador Borja Palomero ha citado a estos 12 jugadores que defender\u00e1n la el\u00e1stica de la Comunitat Valenciana en Catalunya: Competici\u00f3n La<\/p>\n","protected":false},"author":16,"featured_media":84201,"comment_status":"closed","ping_status":"closed","sticky":false,"template":"","format":"standard","meta":{"om_disable_all_campaigns":false,"footnotes":""},"categories":[3458,69,72,1282],"tags":[1117,6113,781,3399,1334],"class_list":["post-84103","post","type-post","status-publish","format-standard","has-post-thumbnail","hentry","category-seleccio-valenciana-futsal-sub14","category-noticias-ffcv","category-noticias-selecciones","category-portada","tag-cnsa","tag-convocatoria-oficial","tag-salou","tag-seleccio-valenciana-sub14","tag-sub14"],"aioseo_notices":[],"_links":{"self":[{"href":"https:\/\/ffcv.es\/wp\/wp-json\/wp\/v2\/posts\/84103"}],"collection":[{"href":"https:\/\/ffcv.es\/wp\/wp-json\/wp\/v2\/posts"}],"about":[{"href":"https:\/\/ffcv.es\/wp\/wp-json\/wp\/v2\/types\/post"}],"author":[{"embeddable":true,"href":"https:\/\/ffcv.es\/wp\/wp-json\/wp\/v2\/users\/16"}],"replies":[{"embeddable":true,"href":"https:\/\/ffcv.es\/wp\/wp-json\/wp\/v2\/comments?post=84103"}],"version-history":[{"count":3,"href":"https:\/\/ffcv.es\/wp\/wp-json\/wp\/v2\/posts\/84103\/revisions"}],"predecessor-version":[{"id":84204,"href":"https:\/\/ffcv.es\/wp\/wp-json\/wp\/v2\/posts\/84103\/revisions\/84204"}],"wp:featuredmedia":[{"embeddable":true,"href":"https:\/\/ffcv.es\/wp\/wp-json\/wp\/v2\/media\/84201"}],"wp:attachment":[{"href":"https:\/\/ffcv.es\/wp\/wp-json\/wp\/v2\/media?parent=84103"}],"wp:term":[{"taxonomy":"category","embeddable":true,"href":"https:\/\/ffcv.es\/wp\/wp-json\/wp\/v2\/categories?post=84103"},{"taxonomy":"post_tag","embeddable":true,"href":"https:\/\/ffcv.es\/wp\/wp-json\/wp\/v2\/tags?post=84103"}],"curies":[{"name":"wp","href":"https:\/\/api.w.org\/{rel}","templated":true}]}}