{"id":83690,"date":"2022-04-01T08:31:08","date_gmt":"2022-04-01T06:31:08","guid":{"rendered":"https:\/\/ffcv.es\/wp\/?p=83690"},"modified":"2022-04-02T14:32:51","modified_gmt":"2022-04-02T12:32:51","slug":"convocatoria-la-vilavella-acoge-la-tercera-tecnificacion-infantil-masculina-de-la-provincia-de-castellon","status":"publish","type":"post","link":"https:\/\/ffcv.es\/wp\/blog\/2022\/04\/convocatoria-la-vilavella-acoge-la-tercera-tecnificacion-infantil-masculina-de-la-provincia-de-castellon\/","title":{"rendered":"CONVOCATORIA: La Vilavella acoge la tercera tecnificaci\u00f3n infantil masculina de la provincia de Castell\u00f3n"},"content":{"rendered":"\n<p><strong>El Campo Municipal &#8216;La Cantera&#8217; de La Vilavella<\/strong> ser\u00e1 el martes 5 de abril sede de la tercera tecnificaci\u00f3n infantil masculina de la temporada en la provincia de <strong>Castell\u00f3n<\/strong>.<\/p>\n\n\n\n<p><strong>Juanjo Domingo<\/strong>, t\u00e9cnico para las tecnificaciones en <strong>Castell\u00f3n<\/strong>, ha convocado a 44 jugadores infantiles de 28 clubes de la provincia de <strong>Castell\u00f3n<\/strong>.<\/p>\n\n\n\n<p>Puedes consultar aqu\u00ed la lista de convocados:<\/p>\n\n\n\n<div data-wp-interactive=\"core\/file\" class=\"wp-block-file\"><object data-wp-bind--hidden=\"!state.hasPdfPreview\"  class=\"wp-block-file__embed\" data=\"https:\/\/ffcv.es\/wp\/wp-content\/uploads\/2022\/04\/CONV.-TECN.-INFANTIL-MASC.-LA-VILAVELLA.pdf\" type=\"application\/pdf\" style=\"width:100%;height:600px\" aria-label=\"Incrustado de Incrustado de CONV.-TECN.-INFANTIL-MASC.-LA-VILAVELLA..\"><\/object><a id=\"wp-block-file--media-69e47687-7a80-4c72-b088-4428f07f0964\" href=\"https:\/\/ffcv.es\/wp\/wp-content\/uploads\/2022\/04\/CONV.-TECN.-INFANTIL-MASC.-LA-VILAVELLA.pdf\">CONV.-TECN.-INFANTIL-MASC.-LA-VILAVELLA<\/a><a href=\"https:\/\/ffcv.es\/wp\/wp-content\/uploads\/2022\/04\/CONV.-TECN.-INFANTIL-MASC.-LA-VILAVELLA.pdf\" class=\"wp-block-file__button\" download aria-describedby=\"wp-block-file--media-69e47687-7a80-4c72-b088-4428f07f0964\">Descarga<\/a><\/div>\n\n\n\n<figure class=\"wp-block-image size-large\"><img loading=\"lazy\" decoding=\"async\" width=\"1024\" height=\"669\" data-src=\"https:\/\/ffcv.es\/wp\/wp-content\/uploads\/2021\/11\/IMG_7151-2-1024x669.jpg\" alt=\"\" class=\"wp-image-74598 lazyload\" data-srcset=\"https:\/\/ffcv.es\/wp\/wp-content\/uploads\/2021\/11\/IMG_7151-2-1024x669.jpg 1024w, https:\/\/ffcv.es\/wp\/wp-content\/uploads\/2021\/11\/IMG_7151-2-300x196.jpg 300w, https:\/\/ffcv.es\/wp\/wp-content\/uploads\/2021\/11\/IMG_7151-2-768x502.jpg 768w, https:\/\/ffcv.es\/wp\/wp-content\/uploads\/2021\/11\/IMG_7151-2-1536x1004.jpg 1536w, https:\/\/ffcv.es\/wp\/wp-content\/uploads\/2021\/11\/IMG_7151-2-2048x1338.jpg 2048w, https:\/\/ffcv.es\/wp\/wp-content\/uploads\/2021\/11\/IMG_7151-2-280x183.jpg 280w, https:\/\/ffcv.es\/wp\/wp-content\/uploads\/2021\/11\/IMG_7151-2-1170x765.jpg 1170w, https:\/\/ffcv.es\/wp\/wp-content\/uploads\/2021\/11\/IMG_7151-2-scaled.jpg 1653w\" data-sizes=\"(max-width: 1024px) 100vw, 1024px\" src=\"data:image\/gif;base64,R0lGODlhAQABAAAAACH5BAEKAAEALAAAAAABAAEAAAICTAEAOw==\" style=\"--smush-placeholder-width: 1024px; --smush-placeholder-aspect-ratio: 1024\/669;\" \/><noscript><img loading=\"lazy\" decoding=\"async\" width=\"1024\" height=\"669\" src=\"https:\/\/ffcv.es\/wp\/wp-content\/uploads\/2021\/11\/IMG_7151-2-1024x669.jpg\" alt=\"\" class=\"wp-image-74598\" srcset=\"https:\/\/ffcv.es\/wp\/wp-content\/uploads\/2021\/11\/IMG_7151-2-1024x669.jpg 1024w, https:\/\/ffcv.es\/wp\/wp-content\/uploads\/2021\/11\/IMG_7151-2-300x196.jpg 300w, https:\/\/ffcv.es\/wp\/wp-content\/uploads\/2021\/11\/IMG_7151-2-768x502.jpg 768w, https:\/\/ffcv.es\/wp\/wp-content\/uploads\/2021\/11\/IMG_7151-2-1536x1004.jpg 1536w, https:\/\/ffcv.es\/wp\/wp-content\/uploads\/2021\/11\/IMG_7151-2-2048x1338.jpg 2048w, https:\/\/ffcv.es\/wp\/wp-content\/uploads\/2021\/11\/IMG_7151-2-280x183.jpg 280w, https:\/\/ffcv.es\/wp\/wp-content\/uploads\/2021\/11\/IMG_7151-2-1170x765.jpg 1170w, https:\/\/ffcv.es\/wp\/wp-content\/uploads\/2021\/11\/IMG_7151-2-scaled.jpg 1653w\" sizes=\"(max-width: 1024px) 100vw, 1024px\" \/><\/noscript><figcaption>Jugadores que participaron en la tecnificaci\u00f3n de J\u00e9rica el pasado mes de noviembre.<\/figcaption><\/figure>\n","protected":false},"excerpt":{"rendered":"<p>El Campo Municipal &#8216;La Cantera&#8217; de La Vilavella ser\u00e1 el martes 5 de abril sede de la tercera tecnificaci\u00f3n infantil masculina de la temporada en la provincia de Castell\u00f3n. Juanjo Domingo, t\u00e9cnico para las tecnificaciones en Castell\u00f3n, ha convocado a 44 jugadores infantiles de 28 clubes de la provincia de Castell\u00f3n. Puedes consultar aqu\u00ed la<\/p>\n","protected":false},"author":16,"featured_media":74695,"comment_status":"closed","ping_status":"closed","sticky":false,"template":"","format":"standard","meta":{"om_disable_all_campaigns":false,"footnotes":""},"categories":[3450],"tags":[164,3518,5903,1074,5902],"class_list":["post-83690","post","type-post","status-publish","format-standard","has-post-thumbnail","hentry","category-noticias-seleccio-valenciana-sub14","tag-castellon","tag-juanjo-domingo","tag-seleccio-infantil","tag-tecnificacion","tag-vinaros"],"aioseo_notices":[],"_links":{"self":[{"href":"https:\/\/ffcv.es\/wp\/wp-json\/wp\/v2\/posts\/83690"}],"collection":[{"href":"https:\/\/ffcv.es\/wp\/wp-json\/wp\/v2\/posts"}],"about":[{"href":"https:\/\/ffcv.es\/wp\/wp-json\/wp\/v2\/types\/post"}],"author":[{"embeddable":true,"href":"https:\/\/ffcv.es\/wp\/wp-json\/wp\/v2\/users\/16"}],"replies":[{"embeddable":true,"href":"https:\/\/ffcv.es\/wp\/wp-json\/wp\/v2\/comments?post=83690"}],"version-history":[{"count":3,"href":"https:\/\/ffcv.es\/wp\/wp-json\/wp\/v2\/posts\/83690\/revisions"}],"predecessor-version":[{"id":83791,"href":"https:\/\/ffcv.es\/wp\/wp-json\/wp\/v2\/posts\/83690\/revisions\/83791"}],"wp:featuredmedia":[{"embeddable":true,"href":"https:\/\/ffcv.es\/wp\/wp-json\/wp\/v2\/media\/74695"}],"wp:attachment":[{"href":"https:\/\/ffcv.es\/wp\/wp-json\/wp\/v2\/media?parent=83690"}],"wp:term":[{"taxonomy":"category","embeddable":true,"href":"https:\/\/ffcv.es\/wp\/wp-json\/wp\/v2\/categories?post=83690"},{"taxonomy":"post_tag","embeddable":true,"href":"https:\/\/ffcv.es\/wp\/wp-json\/wp\/v2\/tags?post=83690"}],"curies":[{"name":"wp","href":"https:\/\/api.w.org\/{rel}","templated":true}]}}