{"id":82884,"date":"2022-03-23T16:50:04","date_gmt":"2022-03-23T14:50:04","guid":{"rendered":"https:\/\/ffcv.es\/wp\/?p=82884"},"modified":"2022-03-23T16:50:08","modified_gmt":"2022-03-23T14:50:08","slug":"ffcv-informa-jugadors-families-normes-comportament-viatges-concentracions","status":"publish","type":"post","link":"https:\/\/ffcv.es\/wp\/va\/blog\/2022\/03\/ffcv-informa-jugadors-families-normes-comportament-viatges-concentracions\/","title":{"rendered":"La FFCV informa a jugador\u00e6s i fam\u00edlies de les normes de comportament en els viatges i concentracions"},"content":{"rendered":"\n<p>La <strong>Federaci\u00f3 de Futbol de la Comunitat Valenciana<\/strong>, a trav\u00e9s de la seua <strong>\u00c0rea de Formaci\u00f3 i Estrat\u00e8gia<\/strong>, mant\u00e9 reunions amb els jugadors i jugadores i familiars que formen part de les <strong>Seleccions Valencianes<\/strong>.<\/p>\n\n\n\n<p>L&#8217;objectiu d&#8217;aquestes xarrades formatives \u00e9s informar de les normes de comportament durant els despla\u00e7aments, concentracions i campionats en els quals participen els diferents combinats auton\u00f2mics.<\/p>\n\n\n\n<p>Tamb\u00e9 de la import\u00e0ncia d&#8217;establir un entorn segur, saludable i protegit per als seus esportistes menors d&#8217;edat.<\/p>\n\n\n\n<p>La <strong>FFCV <\/strong>\u00e9s de les primeres territorials a implementar aquestes xarrades en les quals s&#8217;informa del r\u00e8gim intern i de q\u00fcestions relatives a la prevenci\u00f3 de la viol\u00e8ncia sexual, ab\u00fas, assetjament, <em>grooming <\/em>i <em>bullying<\/em>.<\/p>\n\n\n\n<figure class=\"wp-block-image size-full\"><img loading=\"lazy\" decoding=\"async\" width=\"1024\" height=\"683\" data-src=\"https:\/\/ffcv.es\/wp\/wp-content\/uploads\/2022\/03\/n\u0303-1024x683-1.jpg\" alt=\"\" class=\"wp-image-82885 lazyload\" data-srcset=\"https:\/\/ffcv.es\/wp\/wp-content\/uploads\/2022\/03\/n\u0303-1024x683-1.jpg 1024w, https:\/\/ffcv.es\/wp\/wp-content\/uploads\/2022\/03\/n\u0303-1024x683-1-300x200.jpg 300w, https:\/\/ffcv.es\/wp\/wp-content\/uploads\/2022\/03\/n\u0303-1024x683-1-768x512.jpg 768w, https:\/\/ffcv.es\/wp\/wp-content\/uploads\/2022\/03\/n\u0303-1024x683-1-280x187.jpg 280w\" data-sizes=\"(max-width: 1024px) 100vw, 1024px\" src=\"data:image\/gif;base64,R0lGODlhAQABAAAAACH5BAEKAAEALAAAAAABAAEAAAICTAEAOw==\" style=\"--smush-placeholder-width: 1024px; --smush-placeholder-aspect-ratio: 1024\/683;\" \/><noscript><img loading=\"lazy\" decoding=\"async\" width=\"1024\" height=\"683\" src=\"https:\/\/ffcv.es\/wp\/wp-content\/uploads\/2022\/03\/n\u0303-1024x683-1.jpg\" alt=\"\" class=\"wp-image-82885\" srcset=\"https:\/\/ffcv.es\/wp\/wp-content\/uploads\/2022\/03\/n\u0303-1024x683-1.jpg 1024w, https:\/\/ffcv.es\/wp\/wp-content\/uploads\/2022\/03\/n\u0303-1024x683-1-300x200.jpg 300w, https:\/\/ffcv.es\/wp\/wp-content\/uploads\/2022\/03\/n\u0303-1024x683-1-768x512.jpg 768w, https:\/\/ffcv.es\/wp\/wp-content\/uploads\/2022\/03\/n\u0303-1024x683-1-280x187.jpg 280w\" sizes=\"(max-width: 1024px) 100vw, 1024px\" \/><\/noscript><figcaption>Nieves Vila, durant una xarrada formativa amb menors.<\/figcaption><\/figure>\n\n\n\n<p><strong>Nieves Vila<\/strong>, responsable del departament i Delegada de protecci\u00f3 del menor, presenta en aquestes reunions a l&#8217;equip hum\u00e0 que acompanya a les seleccions en els campionats.<\/p>\n\n\n\n<p>En aquestes, s&#8217;indica a jugadors\/as i familiars la import\u00e0ncia de dirigir-se al personal federatiu en cas de dubte o de voler presentar alguna den\u00fancia, aix\u00ed com dels comportaments prohibits pel reglament intern.<\/p>\n\n\n\n<p>Tamb\u00e9 s&#8217;explica els tres valors que acompanyen a les sigles <strong>FFCV<\/strong>: <em>orgull, respecte i germanor<\/em>.<\/p>\n\n\n\n<p>\u2018Orgull\u2019 de pert\u00e0nyer a la <strong>Selecci\u00f3 Valenciana<\/strong>; \u2018respecte\u2019 pel joc, els rivals, els \u00e0rbitres, l&#8217;escut\u2026; i \u2018companyonia i empatia\u2019, amb companys i rivals.<\/p>\n\n\n\n<p>Aquestes reunions s&#8217;emmarquen en el comprom\u00eds adquirit per la <strong>FFCV <\/strong>de transpar\u00e8ncia en mat\u00e8ria de normativa interna, aprovat en Junta Directiva i signat pel president, <strong>Salvador Gomar<\/strong>.<\/p>\n\n\n\n<figure class=\"wp-block-image size-full\"><img loading=\"lazy\" decoding=\"async\" width=\"1024\" height=\"683\" data-src=\"https:\/\/ffcv.es\/wp\/wp-content\/uploads\/2022\/03\/p-1024x683-1.jpg\" alt=\"\" class=\"wp-image-82886 lazyload\" data-srcset=\"https:\/\/ffcv.es\/wp\/wp-content\/uploads\/2022\/03\/p-1024x683-1.jpg 1024w, https:\/\/ffcv.es\/wp\/wp-content\/uploads\/2022\/03\/p-1024x683-1-300x200.jpg 300w, https:\/\/ffcv.es\/wp\/wp-content\/uploads\/2022\/03\/p-1024x683-1-768x512.jpg 768w, https:\/\/ffcv.es\/wp\/wp-content\/uploads\/2022\/03\/p-1024x683-1-280x187.jpg 280w\" data-sizes=\"(max-width: 1024px) 100vw, 1024px\" src=\"data:image\/gif;base64,R0lGODlhAQABAAAAACH5BAEKAAEALAAAAAABAAEAAAICTAEAOw==\" style=\"--smush-placeholder-width: 1024px; --smush-placeholder-aspect-ratio: 1024\/683;\" \/><noscript><img loading=\"lazy\" decoding=\"async\" width=\"1024\" height=\"683\" src=\"https:\/\/ffcv.es\/wp\/wp-content\/uploads\/2022\/03\/p-1024x683-1.jpg\" alt=\"\" class=\"wp-image-82886\" srcset=\"https:\/\/ffcv.es\/wp\/wp-content\/uploads\/2022\/03\/p-1024x683-1.jpg 1024w, https:\/\/ffcv.es\/wp\/wp-content\/uploads\/2022\/03\/p-1024x683-1-300x200.jpg 300w, https:\/\/ffcv.es\/wp\/wp-content\/uploads\/2022\/03\/p-1024x683-1-768x512.jpg 768w, https:\/\/ffcv.es\/wp\/wp-content\/uploads\/2022\/03\/p-1024x683-1-280x187.jpg 280w\" sizes=\"(max-width: 1024px) 100vw, 1024px\" \/><\/noscript><figcaption>La Selecci\u00f3 Valenciana masculina sub14 va ser la primera a rebre aquesta xarrada informativa a Alfafar.<\/figcaption><\/figure>\n\n\n\n<p><\/p>\n","protected":false},"excerpt":{"rendered":"<p>La Federaci\u00f3 de Futbol de la Comunitat Valenciana, a trav\u00e9s de la seua \u00c0rea de Formaci\u00f3 i Estrat\u00e8gia, mant\u00e9 reunions amb els jugadors i jugadores i familiars que formen part de les Seleccions Valencianes. L&#8217;objectiu d&#8217;aquestes xarrades formatives \u00e9s informar de les normes de comportament durant els despla\u00e7aments, concentracions i campionats en els quals participen<\/p>\n","protected":false},"author":5,"featured_media":82691,"comment_status":"closed","ping_status":"closed","sticky":false,"template":"","format":"standard","meta":{"om_disable_all_campaigns":false,"footnotes":""},"categories":[3323,1684,4823,3321,3327],"tags":[4899],"class_list":["post-82884","post","type-post","status-publish","format-standard","has-post-thumbnail","hentry","category-noticies","category-noticies-ffcv","category-noticies-seleccions","category-portada-va","category-transparencia-2","tag-formacio"],"aioseo_notices":[],"_links":{"self":[{"href":"https:\/\/ffcv.es\/wp\/wp-json\/wp\/v2\/posts\/82884"}],"collection":[{"href":"https:\/\/ffcv.es\/wp\/wp-json\/wp\/v2\/posts"}],"about":[{"href":"https:\/\/ffcv.es\/wp\/wp-json\/wp\/v2\/types\/post"}],"author":[{"embeddable":true,"href":"https:\/\/ffcv.es\/wp\/wp-json\/wp\/v2\/users\/5"}],"replies":[{"embeddable":true,"href":"https:\/\/ffcv.es\/wp\/wp-json\/wp\/v2\/comments?post=82884"}],"version-history":[{"count":1,"href":"https:\/\/ffcv.es\/wp\/wp-json\/wp\/v2\/posts\/82884\/revisions"}],"predecessor-version":[{"id":82887,"href":"https:\/\/ffcv.es\/wp\/wp-json\/wp\/v2\/posts\/82884\/revisions\/82887"}],"wp:featuredmedia":[{"embeddable":true,"href":"https:\/\/ffcv.es\/wp\/wp-json\/wp\/v2\/media\/82691"}],"wp:attachment":[{"href":"https:\/\/ffcv.es\/wp\/wp-json\/wp\/v2\/media?parent=82884"}],"wp:term":[{"taxonomy":"category","embeddable":true,"href":"https:\/\/ffcv.es\/wp\/wp-json\/wp\/v2\/categories?post=82884"},{"taxonomy":"post_tag","embeddable":true,"href":"https:\/\/ffcv.es\/wp\/wp-json\/wp\/v2\/tags?post=82884"}],"curies":[{"name":"wp","href":"https:\/\/api.w.org\/{rel}","templated":true}]}}