{"id":82220,"date":"2022-03-11T15:13:17","date_gmt":"2022-03-11T13:13:17","guid":{"rendered":"https:\/\/ffcv.es\/wp\/?p=82220"},"modified":"2022-03-11T15:13:21","modified_gmt":"2022-03-11T13:13:21","slug":"la-ffcv-concede-mas-de-1-800-000-euros-en-ayudas-a-clubes-esta-temporada","status":"publish","type":"post","link":"https:\/\/ffcv.es\/wp\/blog\/2022\/03\/la-ffcv-concede-mas-de-1-800-000-euros-en-ayudas-a-clubes-esta-temporada\/","title":{"rendered":"La FFCV concede m\u00e1s de 1.800.000 euros en ayudas a clubes esta temporada"},"content":{"rendered":"\n<p>La <strong>Federaci\u00f3 de Futbol de la Comunitat Valenciana<\/strong> conceder\u00e1 m\u00e1s de 1.800.000 euros en ayudas directas a clubes esta temporada 21-22.<\/p>\n\n\n\n<p>Las ayudas ya pueden ser solicitadas y consultadas en el portal de ayudas a clubes de la <strong>FFCV<\/strong> que puedes consultar<a href=\"https:\/\/ffcv.es\/wp\/portal-de-ayudas-economicas-a-clubes\/\"> PINCHANDO EN ESTE ENLACE &#8212;&gt; ayudas a clubes<\/a><\/p>\n\n\n\n<p>Ah\u00ed podr\u00e1s ver el plazo de solicitud de cada una de las ayudas y consultar las bases para solicitarlas.<\/p>\n\n\n\n<p>En ese portal se publicar\u00e1n tambi\u00e9n los documentos oficiales con el listado de clubes beneficiarios de dichas ayudas.<\/p>\n\n\n\n<h2 class=\"wp-block-heading\">Se mantienen todas las ayudas<\/h2>\n\n\n\n<p>Pese a la \u00e9poca de pandemia que se ha atravesado, la <strong>FFCV<\/strong> ha logrado mantener todas las ayudas econ\u00f3micas a clubes que se ya se dieron la temporada anterior.<\/p>\n\n\n\n<p>Estas ayudas son las siguientes:<\/p>\n\n\n\n<ul class=\"wp-block-list\"><li>Ayudas a clubes de categor\u00eda auton\u00f3mica \u2192 184.200\u20ac<\/li><li>Ayudas por kilometraje \u2192 500.000\u20ac<\/li><li>Bonus por grandes desplazamientos \u2192 70.000\u20ac<\/li><li>Ayuda al fomento de cantera \u2192 171.000\u20ac<\/li><li>Bonificaci\u00f3n de licencias de jugadores\/as \u2192 60.000\u20ac<\/li><li>Ayudas a equipos de categor\u00eda Nacional \u2192 760.000\u20ac<\/li><\/ul>\n\n\n\n<p>Adem\u00e1s, tras el verano la FFCV publicar\u00e1 las ayudas a clubes para adquirir material deportivo. En esta \u00faltima temporada, dichas ayudas fueron de 178.510\u20ac.<\/p>\n\n\n\n<p><\/p>\n","protected":false},"excerpt":{"rendered":"<p>La Federaci\u00f3 de Futbol de la Comunitat Valenciana conceder\u00e1 m\u00e1s de 1.800.000 euros en ayudas directas a clubes esta temporada 21-22. Las ayudas ya pueden ser solicitadas y consultadas en el portal de ayudas a clubes de la FFCV que puedes consultar PINCHANDO EN ESTE ENLACE &#8212;&gt; ayudas a clubes Ah\u00ed podr\u00e1s ver el plazo<\/p>\n","protected":false},"author":15,"featured_media":82221,"comment_status":"closed","ping_status":"closed","sticky":false,"template":"","format":"standard","meta":{"om_disable_all_campaigns":false,"footnotes":""},"categories":[69,1282],"tags":[1240,6086],"class_list":["post-82220","post","type-post","status-publish","format-standard","has-post-thumbnail","hentry","category-noticias-ffcv","category-portada","tag-ayudas","tag-temporada-21-22-2"],"aioseo_notices":[],"_links":{"self":[{"href":"https:\/\/ffcv.es\/wp\/wp-json\/wp\/v2\/posts\/82220"}],"collection":[{"href":"https:\/\/ffcv.es\/wp\/wp-json\/wp\/v2\/posts"}],"about":[{"href":"https:\/\/ffcv.es\/wp\/wp-json\/wp\/v2\/types\/post"}],"author":[{"embeddable":true,"href":"https:\/\/ffcv.es\/wp\/wp-json\/wp\/v2\/users\/15"}],"replies":[{"embeddable":true,"href":"https:\/\/ffcv.es\/wp\/wp-json\/wp\/v2\/comments?post=82220"}],"version-history":[{"count":2,"href":"https:\/\/ffcv.es\/wp\/wp-json\/wp\/v2\/posts\/82220\/revisions"}],"predecessor-version":[{"id":82268,"href":"https:\/\/ffcv.es\/wp\/wp-json\/wp\/v2\/posts\/82220\/revisions\/82268"}],"wp:featuredmedia":[{"embeddable":true,"href":"https:\/\/ffcv.es\/wp\/wp-json\/wp\/v2\/media\/82221"}],"wp:attachment":[{"href":"https:\/\/ffcv.es\/wp\/wp-json\/wp\/v2\/media?parent=82220"}],"wp:term":[{"taxonomy":"category","embeddable":true,"href":"https:\/\/ffcv.es\/wp\/wp-json\/wp\/v2\/categories?post=82220"},{"taxonomy":"post_tag","embeddable":true,"href":"https:\/\/ffcv.es\/wp\/wp-json\/wp\/v2\/tags?post=82220"}],"curies":[{"name":"wp","href":"https:\/\/api.w.org\/{rel}","templated":true}]}}