{"id":81215,"date":"2022-02-25T14:51:34","date_gmt":"2022-02-25T12:51:34","guid":{"rendered":"https:\/\/ffcv.es\/wp\/?p=81215"},"modified":"2022-02-28T13:25:54","modified_gmt":"2022-02-28T11:25:54","slug":"convocatoria-monovar-acoge-el-jueves-la-tecnificacion-infantil-masculina-de-futbol-con-jugadores-de-la-provincia-de-alicante","status":"publish","type":"post","link":"https:\/\/ffcv.es\/wp\/blog\/2022\/02\/convocatoria-monovar-acoge-el-jueves-la-tecnificacion-infantil-masculina-de-futbol-con-jugadores-de-la-provincia-de-alicante\/","title":{"rendered":"CONVOCATORIA: Mon\u00f3var acoge el jueves la tercera tecnificaci\u00f3n infantil masculina de f\u00fatbol con jugadores de la provincia de Alicante"},"content":{"rendered":"\n<p>El Camp d&#8217;Esports &#8216;Santa B\u00e1rbara&#8217; de <strong>M\u00f3novar<\/strong> (<strong>Alicante<\/strong>)<strong>\u00a0<\/strong>ser\u00e1 el jueves 3 de marzo la sede de la tercera tecnificaci\u00f3n infantil masculina en la provincia de\u00a0<strong>Alicante<\/strong> de esta temporada.<\/p>\n\n\n\n<p><strong>Juanjo Forn\u00e9s<\/strong>, t\u00e9cnico encargado de las tecnificaciones en\u00a0<strong>Alicante<\/strong>, ha convocado a 44 jugadores infantiles de la provincia para perfilar la\u00a0<strong>Selecci\u00f3 Provincial.<\/strong><\/p>\n\n\n\n<p>Puedes consultar aqu\u00ed la lista de convocados:<\/p>\n\n\n\n<div data-wp-interactive=\"core\/file\" class=\"wp-block-file\"><object data-wp-bind--hidden=\"!state.hasPdfPreview\"  class=\"wp-block-file__embed\" data=\"https:\/\/ffcv.es\/wp\/wp-content\/uploads\/2022\/02\/CONV.-TECN.-INFANTIL-MASC.-MONOVAR-1.pdf\" type=\"application\/pdf\" style=\"width:100%;height:600px\" aria-label=\"Incrustado de Incrustado de CONV.-TECN.-INFANTIL-MASC.-MONOVAR-1..\"><\/object><a id=\"wp-block-file--media-383a67b9-5514-465d-a369-869e80d21185\" href=\"https:\/\/ffcv.es\/wp\/wp-content\/uploads\/2022\/02\/CONV.-TECN.-INFANTIL-MASC.-MONOVAR-1.pdf\">CONV.-TECN.-INFANTIL-MASC.-MONOVAR-1<\/a><a href=\"https:\/\/ffcv.es\/wp\/wp-content\/uploads\/2022\/02\/CONV.-TECN.-INFANTIL-MASC.-MONOVAR-1.pdf\" class=\"wp-block-file__button\" download aria-describedby=\"wp-block-file--media-383a67b9-5514-465d-a369-869e80d21185\">Descarga<\/a><\/div>\n\n\n\n<p>Los jugadores est\u00e1n citados el pr\u00f3ximo jueves 3 de marzo a las 16.15h en el campo.<\/p>\n\n\n\n<p>El pasado mes de noviembre <a href=\"https:\/\/ffcv.es\/wp\/blog\/2021\/11\/18\/la-tecnificacion-infantil-congrega-a-88-jugadores-y-jugadoras-infantiles-en-torrevieja\/\" target=\"_blank\" rel=\"noreferrer noopener\">Torrevieja acogi\u00f3 una tecnificaci\u00f3n infantil masculina<\/a> con 44 jugadores convocados y en diciembre se hizo otra convocatoria en <a href=\"https:\/\/ffcv.es\/wp\/blog\/2021\/12\/02\/convocatoria-gata-de-gorgos-acoge-una-tecnificacion-infantil-masculina-de-futbol-con-jugadores-de-la-provincia-de-alicante\/\" target=\"_blank\" rel=\"noreferrer noopener\">Gata de Gorgos<\/a>. <\/p>\n","protected":false},"excerpt":{"rendered":"<p>El Camp d&#8217;Esports &#8216;Santa B\u00e1rbara&#8217; de M\u00f3novar (Alicante)\u00a0ser\u00e1 el jueves 3 de marzo la sede de la tercera tecnificaci\u00f3n infantil masculina en la provincia de\u00a0Alicante de esta temporada. Juanjo Forn\u00e9s, t\u00e9cnico encargado de las tecnificaciones en\u00a0Alicante, ha convocado a 44 jugadores infantiles de la provincia para perfilar la\u00a0Selecci\u00f3 Provincial. Puedes consultar aqu\u00ed la lista de<\/p>\n","protected":false},"author":16,"featured_media":74755,"comment_status":"closed","ping_status":"closed","sticky":false,"template":"","format":"standard","meta":{"om_disable_all_campaigns":false,"footnotes":""},"categories":[3450,1282],"tags":[116,6066,1074],"class_list":["post-81215","post","type-post","status-publish","format-standard","has-post-thumbnail","hentry","category-noticias-seleccio-valenciana-sub14","category-portada","tag-infantil","tag-monovar","tag-tecnificacion"],"aioseo_notices":[],"_links":{"self":[{"href":"https:\/\/ffcv.es\/wp\/wp-json\/wp\/v2\/posts\/81215"}],"collection":[{"href":"https:\/\/ffcv.es\/wp\/wp-json\/wp\/v2\/posts"}],"about":[{"href":"https:\/\/ffcv.es\/wp\/wp-json\/wp\/v2\/types\/post"}],"author":[{"embeddable":true,"href":"https:\/\/ffcv.es\/wp\/wp-json\/wp\/v2\/users\/16"}],"replies":[{"embeddable":true,"href":"https:\/\/ffcv.es\/wp\/wp-json\/wp\/v2\/comments?post=81215"}],"version-history":[{"count":4,"href":"https:\/\/ffcv.es\/wp\/wp-json\/wp\/v2\/posts\/81215\/revisions"}],"predecessor-version":[{"id":81312,"href":"https:\/\/ffcv.es\/wp\/wp-json\/wp\/v2\/posts\/81215\/revisions\/81312"}],"wp:featuredmedia":[{"embeddable":true,"href":"https:\/\/ffcv.es\/wp\/wp-json\/wp\/v2\/media\/74755"}],"wp:attachment":[{"href":"https:\/\/ffcv.es\/wp\/wp-json\/wp\/v2\/media?parent=81215"}],"wp:term":[{"taxonomy":"category","embeddable":true,"href":"https:\/\/ffcv.es\/wp\/wp-json\/wp\/v2\/categories?post=81215"},{"taxonomy":"post_tag","embeddable":true,"href":"https:\/\/ffcv.es\/wp\/wp-json\/wp\/v2\/tags?post=81215"}],"curies":[{"name":"wp","href":"https:\/\/api.w.org\/{rel}","templated":true}]}}