{"id":79377,"date":"2022-01-27T13:51:37","date_gmt":"2022-01-27T11:51:37","guid":{"rendered":"https:\/\/ffcv.es\/wp\/?p=79377"},"modified":"2022-01-27T13:51:43","modified_gmt":"2022-01-27T11:51:43","slug":"somvalenciana-2x18-como-la-ffcv-capta-jugadoras-puerta-por-puerta-con-valenta-visita-tu-cole-con-jose-andres-menchero","status":"publish","type":"post","link":"https:\/\/ffcv.es\/wp\/blog\/2022\/01\/somvalenciana-2x18-como-la-ffcv-capta-jugadoras-puerta-por-puerta-con-valenta-visita-tu-cole-con-jose-andres-menchero\/","title":{"rendered":"#somValenciana\u00a02&#215;18 C\u00f3mo la FFCV capta jugadoras &#8216;puerta por puerta&#8217; con &#8216;Valenta visita tu cole&#8217; (con Jos\u00e9 Andr\u00e9s Menchero)"},"content":{"rendered":"\n<p>Para que haya una buena <strong>Selecci\u00f3 Valenciana<\/strong> es fundamental que haya un n\u00famero muy grande de jugadores que aumente la competencias entre ellos. Eso, que es algo habitual en el f\u00fatbol masculino, es lo que busca la <strong>FFCV<\/strong> para el femenino.<\/p>\n\n\n\n<p><strong>Jos\u00e9 Andr\u00e9s Menchero<\/strong>, director del <strong>\u00c1rea Valenta <\/strong>de la <strong>FFCV<\/strong>, explica el programa <strong>&#8216;Valenta visita tu cole&#8217;.<\/strong> Mediante este programa, la <strong>FFCV<\/strong> va a captar jugadoras &#8216;puerta por puerta&#8217;. <strong>Menchero<\/strong> explica con detalle este exitoso m\u00e9todo en el programa de hoy. <\/p>\n\n\n\n<figure class=\"wp-block-embed is-type-video is-provider-youtube wp-block-embed-youtube wp-embed-aspect-16-9 wp-has-aspect-ratio\"><div class=\"wp-block-embed__wrapper\">\n<iframe loading=\"lazy\" title=\"#somValenciana 2x18 C\u00f3mo la FFCV capta jugadoras &#039;puerta por puerta&#039; con Valenta (J. A. Menchero)\" width=\"500\" height=\"281\" data-src=\"https:\/\/www.youtube.com\/embed\/o-5yVdG3Hfw?feature=oembed\" frameborder=\"0\" allow=\"accelerometer; autoplay; clipboard-write; encrypted-media; gyroscope; picture-in-picture; web-share\" referrerpolicy=\"strict-origin-when-cross-origin\" allowfullscreen src=\"data:image\/gif;base64,R0lGODlhAQABAAAAACH5BAEKAAEALAAAAAABAAEAAAICTAEAOw==\" class=\"lazyload\" data-load-mode=\"1\"><\/iframe>\n<\/div><\/figure>\n\n\n\n<p>Programa presentado por Juanma Romero, elaborado por Levante TV con la colaboraci\u00f3n de la Federaci\u00f3 de Futbol de la Comunitat Valenciana.<\/p>\n","protected":false},"excerpt":{"rendered":"<p>Para que haya una buena Selecci\u00f3 Valenciana es fundamental que haya un n\u00famero muy grande de jugadores que aumente la competencias entre ellos. Eso, que es algo habitual en el f\u00fatbol masculino, es lo que busca la FFCV para el femenino. Jos\u00e9 Andr\u00e9s Menchero, director del \u00c1rea Valenta de la FFCV, explica el programa &#8216;Valenta<\/p>\n","protected":false},"author":15,"featured_media":79378,"comment_status":"closed","ping_status":"closed","sticky":false,"template":"","format":"standard","meta":{"om_disable_all_campaigns":false,"footnotes":""},"categories":[1177],"tags":[699,5407],"class_list":["post-79377","post","type-post","status-publish","format-standard","has-post-thumbnail","hentry","category-noticias-valenta","tag-menchi","tag-valenta-visita-tu-cole"],"aioseo_notices":[],"_links":{"self":[{"href":"https:\/\/ffcv.es\/wp\/wp-json\/wp\/v2\/posts\/79377"}],"collection":[{"href":"https:\/\/ffcv.es\/wp\/wp-json\/wp\/v2\/posts"}],"about":[{"href":"https:\/\/ffcv.es\/wp\/wp-json\/wp\/v2\/types\/post"}],"author":[{"embeddable":true,"href":"https:\/\/ffcv.es\/wp\/wp-json\/wp\/v2\/users\/15"}],"replies":[{"embeddable":true,"href":"https:\/\/ffcv.es\/wp\/wp-json\/wp\/v2\/comments?post=79377"}],"version-history":[{"count":1,"href":"https:\/\/ffcv.es\/wp\/wp-json\/wp\/v2\/posts\/79377\/revisions"}],"predecessor-version":[{"id":79379,"href":"https:\/\/ffcv.es\/wp\/wp-json\/wp\/v2\/posts\/79377\/revisions\/79379"}],"wp:featuredmedia":[{"embeddable":true,"href":"https:\/\/ffcv.es\/wp\/wp-json\/wp\/v2\/media\/79378"}],"wp:attachment":[{"href":"https:\/\/ffcv.es\/wp\/wp-json\/wp\/v2\/media?parent=79377"}],"wp:term":[{"taxonomy":"category","embeddable":true,"href":"https:\/\/ffcv.es\/wp\/wp-json\/wp\/v2\/categories?post=79377"},{"taxonomy":"post_tag","embeddable":true,"href":"https:\/\/ffcv.es\/wp\/wp-json\/wp\/v2\/tags?post=79377"}],"curies":[{"name":"wp","href":"https:\/\/api.w.org\/{rel}","templated":true}]}}