{"id":74787,"date":"2021-11-19T21:32:31","date_gmt":"2021-11-19T19:32:31","guid":{"rendered":"https:\/\/ffcv.es\/wp\/?p=74787"},"modified":"2021-11-22T10:44:08","modified_gmt":"2021-11-22T08:44:08","slug":"exito-del-xliv-dia-de-lentrenador-a-que-pone-en-valor-la-figura-del-coordinador","status":"publish","type":"post","link":"https:\/\/ffcv.es\/wp\/blog\/2021\/11\/exito-del-xliv-dia-de-lentrenador-a-que-pone-en-valor-la-figura-del-coordinador\/","title":{"rendered":"\u00c9xito del XLIV Dia de l&#8217;Entrenador\/a, que pone en valor la figura del coordinador"},"content":{"rendered":"\n<p><strong>Jos\u00e9 Francisco Molina<\/strong>, director deportivo de la <strong>RFEF<\/strong>, <strong>Ram\u00f3n Cuetos Lobo<\/strong>, presidente de la <strong>Real Federaci\u00f3n de F\u00fatbol de Principado de Asturias<\/strong>, <strong>Fernando Giner<\/strong>, presidente de la asociaci\u00f3n <strong>Leyendas Espa\u00f1a<\/strong>, y <strong>Sergio G\u00f3mez<\/strong>, director de la <strong>Escuela del Levante UD<\/strong>, han sido los grandes protagonistas del <strong>XLIV Dia de l&#8217;Entrenador\/a<\/strong> organizado por el <strong>Comit\u00e9 T\u00e8cnic d&#8217;Entrenadors<\/strong> de la <strong>FFCV<\/strong>.<\/p>\n\n\n\n<p>El presidente de la <strong>FFCV<\/strong>, <strong>Salva Gomar<\/strong>, el presidente del <strong>Comit\u00e9 T\u00e8cnic d&#8217;Entrenadors<\/strong> de la <strong>FFCV<\/strong>, <strong>David Guti\u00e9rrez<\/strong>, ejercieron de anfitriones del acto. La alcaldesa de <strong>Paiporta<\/strong>, <strong>Maribel Albalat<\/strong>, y la concejala de <strong>Deportes<\/strong> del <strong>Ayuntamiento de Paiporta<\/strong>, <strong>Marian Val<\/strong>, tambi\u00e9n estuvieron presentes en el evento.<\/p>\n\n\n\n<figure class=\"wp-block-image size-large\"><img loading=\"lazy\" decoding=\"async\" width=\"1024\" height=\"683\" data-src=\"https:\/\/ffcv.es\/wp\/wp-content\/uploads\/2021\/11\/sergio-go\u0301mez-3-1024x683.jpg\" alt=\"\" class=\"wp-image-74829 lazyload\" data-srcset=\"https:\/\/ffcv.es\/wp\/wp-content\/uploads\/2021\/11\/sergio-go\u0301mez-3-1024x683.jpg 1024w, https:\/\/ffcv.es\/wp\/wp-content\/uploads\/2021\/11\/sergio-go\u0301mez-3-300x200.jpg 300w, https:\/\/ffcv.es\/wp\/wp-content\/uploads\/2021\/11\/sergio-go\u0301mez-3-768x512.jpg 768w, https:\/\/ffcv.es\/wp\/wp-content\/uploads\/2021\/11\/sergio-go\u0301mez-3-1536x1024.jpg 1536w, https:\/\/ffcv.es\/wp\/wp-content\/uploads\/2021\/11\/sergio-go\u0301mez-3-2048x1365.jpg 2048w, https:\/\/ffcv.es\/wp\/wp-content\/uploads\/2021\/11\/sergio-go\u0301mez-3-280x187.jpg 280w, https:\/\/ffcv.es\/wp\/wp-content\/uploads\/2021\/11\/sergio-go\u0301mez-3-1170x780.jpg 1170w, https:\/\/ffcv.es\/wp\/wp-content\/uploads\/2021\/11\/sergio-go\u0301mez-3-scaled.jpg 1620w\" data-sizes=\"(max-width: 1024px) 100vw, 1024px\" src=\"data:image\/gif;base64,R0lGODlhAQABAAAAACH5BAEKAAEALAAAAAABAAEAAAICTAEAOw==\" style=\"--smush-placeholder-width: 1024px; --smush-placeholder-aspect-ratio: 1024\/683;\" \/><noscript><img loading=\"lazy\" decoding=\"async\" width=\"1024\" height=\"683\" src=\"https:\/\/ffcv.es\/wp\/wp-content\/uploads\/2021\/11\/sergio-go\u0301mez-3-1024x683.jpg\" alt=\"\" class=\"wp-image-74829\" srcset=\"https:\/\/ffcv.es\/wp\/wp-content\/uploads\/2021\/11\/sergio-go\u0301mez-3-1024x683.jpg 1024w, https:\/\/ffcv.es\/wp\/wp-content\/uploads\/2021\/11\/sergio-go\u0301mez-3-300x200.jpg 300w, https:\/\/ffcv.es\/wp\/wp-content\/uploads\/2021\/11\/sergio-go\u0301mez-3-768x512.jpg 768w, https:\/\/ffcv.es\/wp\/wp-content\/uploads\/2021\/11\/sergio-go\u0301mez-3-1536x1024.jpg 1536w, https:\/\/ffcv.es\/wp\/wp-content\/uploads\/2021\/11\/sergio-go\u0301mez-3-2048x1365.jpg 2048w, https:\/\/ffcv.es\/wp\/wp-content\/uploads\/2021\/11\/sergio-go\u0301mez-3-280x187.jpg 280w, https:\/\/ffcv.es\/wp\/wp-content\/uploads\/2021\/11\/sergio-go\u0301mez-3-1170x780.jpg 1170w, https:\/\/ffcv.es\/wp\/wp-content\/uploads\/2021\/11\/sergio-go\u0301mez-3-scaled.jpg 1620w\" sizes=\"(max-width: 1024px) 100vw, 1024px\" \/><\/noscript><\/figure>\n\n\n\n<p>La tarde comenz\u00f3 en el <strong>Auditori Municipal de Paiporta<\/strong> con la ponencia de <strong>Sergio G\u00f3mez <\/strong>sobre la coordinaci\u00f3n.<\/p>\n\n\n\n<p>Bajo el t\u00edtulo &#8216;Coordinador de f\u00fatbol y f\u00fatbol sala: entrenador de entrenadores&#8217;, <strong>G\u00f3mez<\/strong> realiz\u00f3 un profundo an\u00e1lisis de todas las situaciones que tienen que tener controladas la persona que coordina una entidad deportiva.<\/p>\n\n\n\n<h2 class=\"wp-block-heading\">La mesa redonda<\/h2>\n\n\n\n<p>A continuaci\u00f3n, fue el turno para <strong>Molina<\/strong>, <strong>Lobo<\/strong> y <strong>Giner<\/strong>. Los tres, en mesa redonda, comentaron la situaci\u00f3n del entrenador en el f\u00fatbol actual y tambi\u00e9n la de la Selecci\u00f3n Espa\u00f1ola:<\/p>\n\n\n\n<figure class=\"wp-block-image size-large\"><img loading=\"lazy\" decoding=\"async\" width=\"1024\" height=\"683\" data-src=\"https:\/\/ffcv.es\/wp\/wp-content\/uploads\/2021\/11\/IMG_8140-1024x683.jpg\" alt=\"\" class=\"wp-image-74825 lazyload\" data-srcset=\"https:\/\/ffcv.es\/wp\/wp-content\/uploads\/2021\/11\/IMG_8140-1024x683.jpg 1024w, https:\/\/ffcv.es\/wp\/wp-content\/uploads\/2021\/11\/IMG_8140-300x200.jpg 300w, https:\/\/ffcv.es\/wp\/wp-content\/uploads\/2021\/11\/IMG_8140-768x512.jpg 768w, https:\/\/ffcv.es\/wp\/wp-content\/uploads\/2021\/11\/IMG_8140-1536x1024.jpg 1536w, https:\/\/ffcv.es\/wp\/wp-content\/uploads\/2021\/11\/IMG_8140-2048x1365.jpg 2048w, https:\/\/ffcv.es\/wp\/wp-content\/uploads\/2021\/11\/IMG_8140-280x187.jpg 280w, https:\/\/ffcv.es\/wp\/wp-content\/uploads\/2021\/11\/IMG_8140-1170x780.jpg 1170w, https:\/\/ffcv.es\/wp\/wp-content\/uploads\/2021\/11\/IMG_8140-scaled.jpg 1620w\" data-sizes=\"(max-width: 1024px) 100vw, 1024px\" src=\"data:image\/gif;base64,R0lGODlhAQABAAAAACH5BAEKAAEALAAAAAABAAEAAAICTAEAOw==\" style=\"--smush-placeholder-width: 1024px; --smush-placeholder-aspect-ratio: 1024\/683;\" \/><noscript><img loading=\"lazy\" decoding=\"async\" width=\"1024\" height=\"683\" src=\"https:\/\/ffcv.es\/wp\/wp-content\/uploads\/2021\/11\/IMG_8140-1024x683.jpg\" alt=\"\" class=\"wp-image-74825\" srcset=\"https:\/\/ffcv.es\/wp\/wp-content\/uploads\/2021\/11\/IMG_8140-1024x683.jpg 1024w, https:\/\/ffcv.es\/wp\/wp-content\/uploads\/2021\/11\/IMG_8140-300x200.jpg 300w, https:\/\/ffcv.es\/wp\/wp-content\/uploads\/2021\/11\/IMG_8140-768x512.jpg 768w, https:\/\/ffcv.es\/wp\/wp-content\/uploads\/2021\/11\/IMG_8140-1536x1024.jpg 1536w, https:\/\/ffcv.es\/wp\/wp-content\/uploads\/2021\/11\/IMG_8140-2048x1365.jpg 2048w, https:\/\/ffcv.es\/wp\/wp-content\/uploads\/2021\/11\/IMG_8140-280x187.jpg 280w, https:\/\/ffcv.es\/wp\/wp-content\/uploads\/2021\/11\/IMG_8140-1170x780.jpg 1170w, https:\/\/ffcv.es\/wp\/wp-content\/uploads\/2021\/11\/IMG_8140-scaled.jpg 1620w\" sizes=\"(max-width: 1024px) 100vw, 1024px\" \/><\/noscript><\/figure>\n\n\n\n<p><strong>Molina<\/strong> &#8211; \u00abA mi me gustar\u00eda poder. vivir lo que vivi\u00f3 Hierro y a Luis Enrique lo que vivi\u00f3 Del Bosque o Luis Aragon\u00e9s.&nbsp;La sub21 no puede contar con grandes jugadores porque juegan en la absoluta. Y sigue sacando otros grandes jugadores\u00bb.<\/p>\n\n\n\n<p><strong>Lobo &#8211;<\/strong>  \u00abLuis ha conseguido salir fortalecido a base de resultados. Y se demostr\u00f3 por c\u00f3mo sali\u00f3 del partido, le falt\u00f3 salir a hombros.&nbsp; Es un t\u00e9cnico valiente\u00bb.<\/p>\n\n\n\n<p><strong>Giner<\/strong> &#8211;  \u00abSi en una escuela es ya dif\u00edcil la coordinaci\u00f3n, en una selecci\u00f3n es mucho m\u00e1s dif\u00edcil\u00bb.&nbsp;<\/p>\n\n\n\n<p><strong>Molina<\/strong> &#8211; \u00abSon decisiones del seleccionador. \u00c9l hace el seguimiento y an\u00e1lisis de los jugadores. Al final lo m\u00e1s importante, lo que te lleva al \u00e9xito en una selecci\u00f3n es eso, la selecci\u00f3n de jugadores. No hay tiempo para mejorar a un futbolista.&nbsp; La elecci\u00f3n de Luis Enrique est\u00e1 basada en el perfil de futbolista que necesita. Seg\u00fan lo que le vaya a pedir dentro del campo\u00bb.&nbsp;<\/p>\n\n\n\n<figure class=\"wp-block-embed is-type-rich is-provider-twitter wp-block-embed-twitter\"><div class=\"wp-block-embed__wrapper\">\n<blockquote class=\"twitter-tweet\" data-width=\"500\" data-dnt=\"true\"><p lang=\"ca\" dir=\"ltr\">| ENTRENADORS |<br><br>\ud83d\ude4b\ud83c\udffb\u200d\u2642\ufe0f <a href=\"https:\/\/twitter.com\/LUISENRIQUE21?ref_src=twsrc%5Etfw\">@LUISENRIQUE21<\/a>, protagonista en la mesa redonda del XLIV Dia de l\u2019Entrenador <a href=\"https:\/\/twitter.com\/hashtag\/SomEntrenadors?src=hash&amp;ref_src=twsrc%5Etfw\">#SomEntrenadors<\/a> <a href=\"https:\/\/t.co\/vHkqkfqo9t\">pic.twitter.com\/vHkqkfqo9t<\/a><\/p>&mdash; FFCV (@FFCV_info) <a href=\"https:\/\/twitter.com\/FFCV_info\/status\/1462024223615070209?ref_src=twsrc%5Etfw\">November 20, 2021<\/a><\/blockquote><script async src=\"https:\/\/platform.twitter.com\/widgets.js\" charset=\"utf-8\"><\/script>\n<\/div><\/figure>\n\n\n\n<p><strong>Lobo<\/strong> &#8211; \u00abLuis Enrique muy profesional, muy cari\u00f1oso, te gana en el cuerpo a cuerpo. Y muy independiente. Ha marcado una l\u00ednea y sobre esa l\u00ednea sigue. Es un gran gestor de grupo\u00bb.<\/p>\n\n\n\n<p><strong>Giner<\/strong> &#8211; \u00abDebut\u00e9 con Luis Enrique en la selecci\u00f3n a la vez, en el mismo partido y mismo minuto. Era un jugador que lo daba todo, complicado para los defensas. Y como persona no tiene nada que ver con la imagen que da cara afuera. Y eso es muy importante para el futbolista\u00bb.<\/p>\n\n\n\n<figure class=\"wp-block-image size-large\"><img loading=\"lazy\" decoding=\"async\" width=\"1024\" height=\"683\" data-src=\"https:\/\/ffcv.es\/wp\/wp-content\/uploads\/2021\/11\/IMG_8156-2-1024x683.jpg\" alt=\"\" class=\"wp-image-74827 lazyload\" data-srcset=\"https:\/\/ffcv.es\/wp\/wp-content\/uploads\/2021\/11\/IMG_8156-2-1024x683.jpg 1024w, https:\/\/ffcv.es\/wp\/wp-content\/uploads\/2021\/11\/IMG_8156-2-300x200.jpg 300w, https:\/\/ffcv.es\/wp\/wp-content\/uploads\/2021\/11\/IMG_8156-2-768x512.jpg 768w, https:\/\/ffcv.es\/wp\/wp-content\/uploads\/2021\/11\/IMG_8156-2-1536x1024.jpg 1536w, https:\/\/ffcv.es\/wp\/wp-content\/uploads\/2021\/11\/IMG_8156-2-2048x1365.jpg 2048w, https:\/\/ffcv.es\/wp\/wp-content\/uploads\/2021\/11\/IMG_8156-2-280x187.jpg 280w, https:\/\/ffcv.es\/wp\/wp-content\/uploads\/2021\/11\/IMG_8156-2-1170x780.jpg 1170w, https:\/\/ffcv.es\/wp\/wp-content\/uploads\/2021\/11\/IMG_8156-2-scaled.jpg 1620w\" data-sizes=\"(max-width: 1024px) 100vw, 1024px\" src=\"data:image\/gif;base64,R0lGODlhAQABAAAAACH5BAEKAAEALAAAAAABAAEAAAICTAEAOw==\" style=\"--smush-placeholder-width: 1024px; --smush-placeholder-aspect-ratio: 1024\/683;\" \/><noscript><img loading=\"lazy\" decoding=\"async\" width=\"1024\" height=\"683\" src=\"https:\/\/ffcv.es\/wp\/wp-content\/uploads\/2021\/11\/IMG_8156-2-1024x683.jpg\" alt=\"\" class=\"wp-image-74827\" srcset=\"https:\/\/ffcv.es\/wp\/wp-content\/uploads\/2021\/11\/IMG_8156-2-1024x683.jpg 1024w, https:\/\/ffcv.es\/wp\/wp-content\/uploads\/2021\/11\/IMG_8156-2-300x200.jpg 300w, https:\/\/ffcv.es\/wp\/wp-content\/uploads\/2021\/11\/IMG_8156-2-768x512.jpg 768w, https:\/\/ffcv.es\/wp\/wp-content\/uploads\/2021\/11\/IMG_8156-2-1536x1024.jpg 1536w, https:\/\/ffcv.es\/wp\/wp-content\/uploads\/2021\/11\/IMG_8156-2-2048x1365.jpg 2048w, https:\/\/ffcv.es\/wp\/wp-content\/uploads\/2021\/11\/IMG_8156-2-280x187.jpg 280w, https:\/\/ffcv.es\/wp\/wp-content\/uploads\/2021\/11\/IMG_8156-2-1170x780.jpg 1170w, https:\/\/ffcv.es\/wp\/wp-content\/uploads\/2021\/11\/IMG_8156-2-scaled.jpg 1620w\" sizes=\"(max-width: 1024px) 100vw, 1024px\" \/><\/noscript><\/figure>\n\n\n\n<h2 class=\"wp-block-heading\">Premios y menciones&nbsp;<\/h2>\n\n\n\n<p>Una vez concluidas las ponencias, dio comienzo la entrega de premios de las dos \u00faltimas temporadas, la 19-20 y la 20-21. <\/p>\n\n\n\n<p>B<strong>erna Molina<\/strong> y <strong>Eduardo Garc\u00eda Belda &#8216;Miki&#8217;<\/strong> recibieron la menci\u00f3n especial durante los premios de la 19-20, mientras que <strong>Ram\u00f3n Cuetos Lobo <\/strong>y <strong>Unai Emery<\/strong>, hicieron lo propio durante los premios de la 20-21.<\/p>\n","protected":false},"excerpt":{"rendered":"<p>Jos\u00e9 Francisco Molina, director deportivo de la RFEF, Ram\u00f3n Cuetos Lobo, presidente de la Real Federaci\u00f3n de F\u00fatbol de Principado de Asturias, Fernando Giner, presidente de la asociaci\u00f3n Leyendas Espa\u00f1a, y Sergio G\u00f3mez, director de la Escuela del Levante UD, han sido los grandes protagonistas del XLIV Dia de l&#8217;Entrenador\/a organizado por el Comit\u00e9 T\u00e8cnic<\/p>\n","protected":false},"author":15,"featured_media":74826,"comment_status":"closed","ping_status":"closed","sticky":false,"template":"","format":"standard","meta":{"om_disable_all_campaigns":false,"footnotes":""},"categories":[70,1282],"tags":[5833,5831,3752],"class_list":["post-74787","post","type-post","status-publish","format-standard","has-post-thumbnail","hentry","category-noticias-entrenadores-noticias-arbitros","category-portada","tag-lobo","tag-molina","tag-paiporta"],"aioseo_notices":[],"_links":{"self":[{"href":"https:\/\/ffcv.es\/wp\/wp-json\/wp\/v2\/posts\/74787"}],"collection":[{"href":"https:\/\/ffcv.es\/wp\/wp-json\/wp\/v2\/posts"}],"about":[{"href":"https:\/\/ffcv.es\/wp\/wp-json\/wp\/v2\/types\/post"}],"author":[{"embeddable":true,"href":"https:\/\/ffcv.es\/wp\/wp-json\/wp\/v2\/users\/15"}],"replies":[{"embeddable":true,"href":"https:\/\/ffcv.es\/wp\/wp-json\/wp\/v2\/comments?post=74787"}],"version-history":[{"count":5,"href":"https:\/\/ffcv.es\/wp\/wp-json\/wp\/v2\/posts\/74787\/revisions"}],"predecessor-version":[{"id":74868,"href":"https:\/\/ffcv.es\/wp\/wp-json\/wp\/v2\/posts\/74787\/revisions\/74868"}],"wp:featuredmedia":[{"embeddable":true,"href":"https:\/\/ffcv.es\/wp\/wp-json\/wp\/v2\/media\/74826"}],"wp:attachment":[{"href":"https:\/\/ffcv.es\/wp\/wp-json\/wp\/v2\/media?parent=74787"}],"wp:term":[{"taxonomy":"category","embeddable":true,"href":"https:\/\/ffcv.es\/wp\/wp-json\/wp\/v2\/categories?post=74787"},{"taxonomy":"post_tag","embeddable":true,"href":"https:\/\/ffcv.es\/wp\/wp-json\/wp\/v2\/tags?post=74787"}],"curies":[{"name":"wp","href":"https:\/\/api.w.org\/{rel}","templated":true}]}}