{"id":73798,"date":"2021-11-03T10:56:26","date_gmt":"2021-11-03T08:56:26","guid":{"rendered":"https:\/\/ffcv.es\/wp\/?p=73798"},"modified":"2021-11-03T10:56:32","modified_gmt":"2021-11-03T08:56:32","slug":"album-de-fotos-del-entrenamiento-de-la-seleccio-valenciana-masculina-sub19-de-futsal","status":"publish","type":"post","link":"https:\/\/ffcv.es\/wp\/blog\/2021\/11\/album-de-fotos-del-entrenamiento-de-la-seleccio-valenciana-masculina-sub19-de-futsal\/","title":{"rendered":"\u00c1lbum de fotos del entrenamiento de la Selecci\u00f3 Valenciana masculina sub19 de futsal"},"content":{"rendered":"\n<p>La <strong>Selecci\u00f3 Valenciana masculina sub19 de f\u00fatbol sala<\/strong> se ejercit\u00f3 el pasado martes 2 de noviembre en el Pabell\u00f3n SUMA del Polideportivo Municipal de <strong>Alfafar<\/strong>.<\/p>\n\n\n\n<p><strong>Patxi Aguilar<\/strong>, seleccionador auton\u00f3mico masculino sub19, dirigi\u00f3 una exigente sesi\u00f3n de trabajo t\u00e1ctico sobre la pista.<\/p>\n\n\n\n<p>Los 18 jugadores convocados trabajaron conceptos t\u00e9cnico-t\u00e1cticos en un entrenamiento enfocado al pr\u00f3ximo <strong>Campeonato de Espa\u00f1a<\/strong> que se celebrar\u00e1 el pr\u00f3ximo mes de enero de 2022.<\/p>\n\n\n\n<h2 class=\"wp-block-heading\">Galer\u00eda de fotos<\/h2>\n\n\n\n<figure class=\"wp-block-embed is-type-rich is-provider-gestor-del-servicio wp-block-embed-gestor-del-servicio\"><div class=\"wp-block-embed__wrapper\">\nhttps:\/\/www.facebook.com\/FFCV.es\/posts\/2042222742600925\n<\/div><\/figure>\n\n\n\n<p><\/p>\n","protected":false},"excerpt":{"rendered":"<p>La Selecci\u00f3 Valenciana masculina sub19 de f\u00fatbol sala se ejercit\u00f3 el pasado martes 2 de noviembre en el Pabell\u00f3n SUMA del Polideportivo Municipal de Alfafar. Patxi Aguilar, seleccionador auton\u00f3mico masculino sub19, dirigi\u00f3 una exigente sesi\u00f3n de trabajo t\u00e1ctico sobre la pista. Los 18 jugadores convocados trabajaron conceptos t\u00e9cnico-t\u00e1cticos en un entrenamiento enfocado al pr\u00f3ximo Campeonato<\/p>\n","protected":false},"author":16,"featured_media":73799,"comment_status":"closed","ping_status":"closed","sticky":false,"template":"","format":"standard","meta":{"om_disable_all_campaigns":false,"footnotes":""},"categories":[3454,72],"tags":[3424,51,3423,3611],"class_list":["post-73798","post","type-post","status-publish","format-standard","has-post-thumbnail","hentry","category-seleccio-valenciana-futsal-sub19","category-noticias-selecciones","tag-alfafar","tag-futbol-sala","tag-patxi-aguilar","tag-seleccio-valenciana-sub19"],"aioseo_notices":[],"_links":{"self":[{"href":"https:\/\/ffcv.es\/wp\/wp-json\/wp\/v2\/posts\/73798"}],"collection":[{"href":"https:\/\/ffcv.es\/wp\/wp-json\/wp\/v2\/posts"}],"about":[{"href":"https:\/\/ffcv.es\/wp\/wp-json\/wp\/v2\/types\/post"}],"author":[{"embeddable":true,"href":"https:\/\/ffcv.es\/wp\/wp-json\/wp\/v2\/users\/16"}],"replies":[{"embeddable":true,"href":"https:\/\/ffcv.es\/wp\/wp-json\/wp\/v2\/comments?post=73798"}],"version-history":[{"count":1,"href":"https:\/\/ffcv.es\/wp\/wp-json\/wp\/v2\/posts\/73798\/revisions"}],"predecessor-version":[{"id":73800,"href":"https:\/\/ffcv.es\/wp\/wp-json\/wp\/v2\/posts\/73798\/revisions\/73800"}],"wp:featuredmedia":[{"embeddable":true,"href":"https:\/\/ffcv.es\/wp\/wp-json\/wp\/v2\/media\/73799"}],"wp:attachment":[{"href":"https:\/\/ffcv.es\/wp\/wp-json\/wp\/v2\/media?parent=73798"}],"wp:term":[{"taxonomy":"category","embeddable":true,"href":"https:\/\/ffcv.es\/wp\/wp-json\/wp\/v2\/categories?post=73798"},{"taxonomy":"post_tag","embeddable":true,"href":"https:\/\/ffcv.es\/wp\/wp-json\/wp\/v2\/tags?post=73798"}],"curies":[{"name":"wp","href":"https:\/\/api.w.org\/{rel}","templated":true}]}}