{"id":71327,"date":"2021-10-05T20:35:41","date_gmt":"2021-10-05T18:35:41","guid":{"rendered":"https:\/\/ffcv.es\/wp\/?p=71327"},"modified":"2021-10-05T20:35:46","modified_gmt":"2021-10-05T18:35:46","slug":"fran-escriba-y-unai-emery-protagonistas-en-la-iii-apertura-de-los-cursos-de-entrenadores-de-la-ffcv","status":"publish","type":"post","link":"https:\/\/ffcv.es\/wp\/blog\/2021\/10\/fran-escriba-y-unai-emery-protagonistas-en-la-iii-apertura-de-los-cursos-de-entrenadores-de-la-ffcv\/","title":{"rendered":"Fran Escrib\u00e1 y Unai Emery, protagonistas en la III Apertura de los Cursos de Entrenadores de la FFCV"},"content":{"rendered":"\n<p>Los entrenadores del <strong>Elche CF<\/strong> y del<strong> Villarreal CF<\/strong>,<strong> Fran Escrib\u00e1 <\/strong>y <strong>Unai Emery<\/strong>, inauguraron la nueva temporada 21-22 del <strong>Comit\u00e9 T\u00e8cnic d&#8217;Entrenadors de la FFCV<\/strong> en el <strong>III Acto de Apertura de los Cursos de Entrenadores <\/strong>celebrado en el claustro de la <strong>Universidad Cat\u00f3lica de Valencia<\/strong>.<\/p>\n\n\n\n<p>El presidente de la <strong>Federaci\u00f3 de Futbol de la Comunitat Valenciana<\/strong>, <strong>Salva Gomar<\/strong>, acompa\u00f1ado por el presidente del <strong>Comit\u00e9 d&#8217;Entrenadors<\/strong>, <strong>David Guti\u00e9rrez<\/strong>, ejercieron de anfitriones en un evento que ya es tradici\u00f3n cada inicio de temporada.<\/p>\n\n\n\n<p>El periodista deportivo <strong>Vicent Sempere <\/strong>present\u00f3 el acto ante m\u00e1s de 50 asistentes.<\/p>\n\n\n\n<p><strong>David Guti\u00e9rrez <\/strong>y <strong>Vicent Sempere<\/strong> desvelaron al inicio del acto<a href=\"https:\/\/ffcv.es\/wp\/blog\/2021\/09\/01\/inscripciones-abiertas-para-todos-los-cursos-de-entrenadores-as-de-la-ffcv-de-la-temporada-2021-2022\/\"> los nuevos cursos para entrenadores que ofrece la FFCV este a\u00f1o<\/a>.<\/p>\n\n\n\n<p>A continuaci\u00f3n, <strong>Unai Emery<\/strong> y <strong>Fran Escrib\u00e1<\/strong> mantuvieron una amena charla sobre el f\u00fatbol actual y el papel actual del entrenador.<\/p>\n\n\n\n<figure class=\"wp-block-image size-large\"><img loading=\"lazy\" decoding=\"async\" width=\"1024\" height=\"683\" data-src=\"https:\/\/ffcv.es\/wp\/wp-content\/uploads\/2021\/10\/IMG_8618-1024x683.jpg\" alt=\"\" class=\"wp-image-71338 lazyload\" data-srcset=\"https:\/\/ffcv.es\/wp\/wp-content\/uploads\/2021\/10\/IMG_8618-1024x683.jpg 1024w, https:\/\/ffcv.es\/wp\/wp-content\/uploads\/2021\/10\/IMG_8618-300x200.jpg 300w, https:\/\/ffcv.es\/wp\/wp-content\/uploads\/2021\/10\/IMG_8618-768x512.jpg 768w, https:\/\/ffcv.es\/wp\/wp-content\/uploads\/2021\/10\/IMG_8618-1536x1024.jpg 1536w, https:\/\/ffcv.es\/wp\/wp-content\/uploads\/2021\/10\/IMG_8618-2048x1365.jpg 2048w, https:\/\/ffcv.es\/wp\/wp-content\/uploads\/2021\/10\/IMG_8618-280x187.jpg 280w, https:\/\/ffcv.es\/wp\/wp-content\/uploads\/2021\/10\/IMG_8618-1170x780.jpg 1170w, https:\/\/ffcv.es\/wp\/wp-content\/uploads\/2021\/10\/IMG_8618-scaled.jpg 1620w\" data-sizes=\"(max-width: 1024px) 100vw, 1024px\" src=\"data:image\/gif;base64,R0lGODlhAQABAAAAACH5BAEKAAEALAAAAAABAAEAAAICTAEAOw==\" style=\"--smush-placeholder-width: 1024px; --smush-placeholder-aspect-ratio: 1024\/683;\" \/><noscript><img loading=\"lazy\" decoding=\"async\" width=\"1024\" height=\"683\" src=\"https:\/\/ffcv.es\/wp\/wp-content\/uploads\/2021\/10\/IMG_8618-1024x683.jpg\" alt=\"\" class=\"wp-image-71338\" srcset=\"https:\/\/ffcv.es\/wp\/wp-content\/uploads\/2021\/10\/IMG_8618-1024x683.jpg 1024w, https:\/\/ffcv.es\/wp\/wp-content\/uploads\/2021\/10\/IMG_8618-300x200.jpg 300w, https:\/\/ffcv.es\/wp\/wp-content\/uploads\/2021\/10\/IMG_8618-768x512.jpg 768w, https:\/\/ffcv.es\/wp\/wp-content\/uploads\/2021\/10\/IMG_8618-1536x1024.jpg 1536w, https:\/\/ffcv.es\/wp\/wp-content\/uploads\/2021\/10\/IMG_8618-2048x1365.jpg 2048w, https:\/\/ffcv.es\/wp\/wp-content\/uploads\/2021\/10\/IMG_8618-280x187.jpg 280w, https:\/\/ffcv.es\/wp\/wp-content\/uploads\/2021\/10\/IMG_8618-1170x780.jpg 1170w, https:\/\/ffcv.es\/wp\/wp-content\/uploads\/2021\/10\/IMG_8618-scaled.jpg 1620w\" sizes=\"(max-width: 1024px) 100vw, 1024px\" \/><\/noscript><\/figure>\n\n\n\n<h2 class=\"wp-block-heading\">Invitaci\u00f3n a los cursos<\/h2>\n\n\n\n<p>Tanto <strong>Unai<\/strong> como <strong>Fran<\/strong> abrieron las puertas de los cursos a todos los que les guste el f\u00fatbol.<\/p>\n\n\n\n<p>\u00abTodos los que cursan los cursos de entrenadores tienen cabida en el mundo del f\u00fatbol. La pasi\u00f3n es la clave\u00bb, asegur\u00f3 <strong>Unai<\/strong>.<\/p>\n\n\n\n<p>Por su parte, el t\u00e9cnico del <strong>Elche CF<\/strong> explic\u00f3 sus inicios: \u00abYo inici\u00e9 los estudios del curso de entrenador siendo jugador del <strong>CD Eldense<\/strong>. Estoy de acuerdo con Unai en que en el f\u00fatbol tiene cabida todo el mundo. Siendo yo jugador ve\u00eda como <strong>Di St\u00e9fano<\/strong> entrenaba al <strong>Valencia CF<\/strong> con un ayudante y ahora manejamos much\u00edsimos datos y necesitamos un cuerpo t\u00e9cnico extenso\u00bb.<\/p>\n\n\n\n<h2 class=\"wp-block-heading\">Recuerdo para Paco L\u00f3pez<\/h2>\n\n\n\n<p>Ambos entrenadores tuvieron palabras de elogio hacia<strong> Paco L\u00f3pez<\/strong>, el gran ausente de la tarde al haber sido destituido recientemente por e<strong>l Levante UD<\/strong>.<\/p>\n\n\n\n<p>\u00ab<strong>Paco<\/strong> ha sido futbolista y ha tenido un recorrido hacia arriba donde ha ido demostrando. Hizo que en el Levante se viera la mano del entrenador para orgullo de los levantinistas. Va a encontrar un proyecto bonito\u00bb, coment\u00f3 el t\u00e9cnico del <strong>Villarreal CF<\/strong>.<\/p>\n\n\n\n<p>F<strong>ran Escrib\u00e1<\/strong> tambi\u00e9n record\u00f3 desde el cari\u00f1o el ex entrenador del <strong>Levante UD<\/strong>: \u00abSi tuviera que decidir por un amigo entre los entrenadores ese ser\u00eda <strong>Paco<\/strong>. Estoy seguro que vendr\u00e1n momentos buenos para \u00e9l. Lo ha hecho bien, es cierto que los n\u00fameros no estaban siendo buenos, pero tambi\u00e9n se le han escapado seis puntos en momentos clave que podr\u00eda haberlos conseguido\u00bb.<\/p>\n\n\n\n<p>Al acto estaban invitados todos los entrenadores de equipos de <strong>Primera Divisi\u00f3n<\/strong> de la <strong>Comunitat Valenciana<\/strong>.<\/p>\n\n\n\n<iframe loading=\"lazy\" width=\"560\" height=\"315\" data-src=\"https:\/\/www.youtube.com\/embed\/U-g0371mgFE\" title=\"YouTube video player\" frameborder=\"0\" allow=\"accelerometer; autoplay; clipboard-write; encrypted-media; gyroscope; picture-in-picture\" allowfullscreen src=\"data:image\/gif;base64,R0lGODlhAQABAAAAACH5BAEKAAEALAAAAAABAAEAAAICTAEAOw==\" class=\"lazyload\" data-load-mode=\"1\"><\/iframe>\n","protected":false},"excerpt":{"rendered":"<p>Los entrenadores del Elche CF y del Villarreal CF, Fran Escrib\u00e1 y Unai Emery, inauguraron la nueva temporada 21-22 del Comit\u00e9 T\u00e8cnic d&#8217;Entrenadors de la FFCV en el III Acto de Apertura de los Cursos de Entrenadores celebrado en el claustro de la Universidad Cat\u00f3lica de Valencia. El presidente de la Federaci\u00f3 de Futbol de<\/p>\n","protected":false},"author":15,"featured_media":71335,"comment_status":"closed","ping_status":"closed","sticky":false,"template":"","format":"standard","meta":{"om_disable_all_campaigns":false,"footnotes":""},"categories":[70,1098,1282],"tags":[5704,27,5760,5759],"class_list":["post-71327","post","type-post","status-publish","format-standard","has-post-thumbnail","hentry","category-noticias-entrenadores-noticias-arbitros","category-noticia-escuela-entrenadores","category-portada","tag-21-22","tag-ffcv","tag-fran-escriba","tag-unai-emery"],"aioseo_notices":[],"_links":{"self":[{"href":"https:\/\/ffcv.es\/wp\/wp-json\/wp\/v2\/posts\/71327"}],"collection":[{"href":"https:\/\/ffcv.es\/wp\/wp-json\/wp\/v2\/posts"}],"about":[{"href":"https:\/\/ffcv.es\/wp\/wp-json\/wp\/v2\/types\/post"}],"author":[{"embeddable":true,"href":"https:\/\/ffcv.es\/wp\/wp-json\/wp\/v2\/users\/15"}],"replies":[{"embeddable":true,"href":"https:\/\/ffcv.es\/wp\/wp-json\/wp\/v2\/comments?post=71327"}],"version-history":[{"count":3,"href":"https:\/\/ffcv.es\/wp\/wp-json\/wp\/v2\/posts\/71327\/revisions"}],"predecessor-version":[{"id":71342,"href":"https:\/\/ffcv.es\/wp\/wp-json\/wp\/v2\/posts\/71327\/revisions\/71342"}],"wp:featuredmedia":[{"embeddable":true,"href":"https:\/\/ffcv.es\/wp\/wp-json\/wp\/v2\/media\/71335"}],"wp:attachment":[{"href":"https:\/\/ffcv.es\/wp\/wp-json\/wp\/v2\/media?parent=71327"}],"wp:term":[{"taxonomy":"category","embeddable":true,"href":"https:\/\/ffcv.es\/wp\/wp-json\/wp\/v2\/categories?post=71327"},{"taxonomy":"post_tag","embeddable":true,"href":"https:\/\/ffcv.es\/wp\/wp-json\/wp\/v2\/tags?post=71327"}],"curies":[{"name":"wp","href":"https:\/\/api.w.org\/{rel}","templated":true}]}}