{"id":64841,"date":"2021-08-10T11:28:26","date_gmt":"2021-08-10T09:28:26","guid":{"rendered":"https:\/\/ffcv.es\/wp\/?p=64841"},"modified":"2021-08-10T11:28:30","modified_gmt":"2021-08-10T09:28:30","slug":"villarreal-afronta-sense-complexos-supercopa-europa-davant-chelsea","status":"publish","type":"post","link":"https:\/\/ffcv.es\/wp\/va\/blog\/2021\/08\/villarreal-afronta-sense-complexos-supercopa-europa-davant-chelsea\/","title":{"rendered":"El Villarreal afronta dem\u00e0 sense complexos la Supercopa d&#8217;Europa davant el Chelsea"},"content":{"rendered":"\n<p>El <strong>Villarreal <\/strong>disposa dem\u00e0 de l&#8217;oportunitat d&#8217;al\u00e7ar el primer t\u00edtol de la campanya 2021\/22 en el duel de <strong>Supercopa d&#8217;Europa<\/strong> davant el campi\u00f3 de la <strong>Champions<\/strong>, el <strong>Chelsea<\/strong>.<\/p>\n\n\n\n<p>El magn\u00edfic escenari de <strong>Windsor Park<\/strong> (<strong>Belfast<\/strong>) acollir\u00e0 dem\u00e0, dimecres, a les 21:00 hores, l&#8217;encontre de <strong>Supercopa d&#8217;Europa<\/strong>. Com a Campi\u00f3 de l&#8217;<strong>Europa League<\/strong>, el <strong>Villarreal CF<\/strong> es mesurar\u00e0 en ella al que va ser millor equip de la<strong> UEFA Champions League <\/strong>2020\/21, el <strong>Chelsea FC<\/strong>.<\/p>\n\n\n\n<figure class=\"wp-block-image size-large\"><img loading=\"lazy\" decoding=\"async\" width=\"1024\" height=\"682\" data-src=\"https:\/\/ffcv.es\/wp\/wp-content\/uploads\/2021\/08\/GettyImages-1316684017-1.jpg\" alt=\"\" class=\"wp-image-64843 lazyload\" data-srcset=\"https:\/\/ffcv.es\/wp\/wp-content\/uploads\/2021\/08\/GettyImages-1316684017-1.jpg 1024w, https:\/\/ffcv.es\/wp\/wp-content\/uploads\/2021\/08\/GettyImages-1316684017-1-300x200.jpg 300w, https:\/\/ffcv.es\/wp\/wp-content\/uploads\/2021\/08\/GettyImages-1316684017-1-768x512.jpg 768w, https:\/\/ffcv.es\/wp\/wp-content\/uploads\/2021\/08\/GettyImages-1316684017-1-280x187.jpg 280w\" data-sizes=\"(max-width: 1024px) 100vw, 1024px\" src=\"data:image\/gif;base64,R0lGODlhAQABAAAAACH5BAEKAAEALAAAAAABAAEAAAICTAEAOw==\" style=\"--smush-placeholder-width: 1024px; --smush-placeholder-aspect-ratio: 1024\/682;\" \/><noscript><img loading=\"lazy\" decoding=\"async\" width=\"1024\" height=\"682\" src=\"https:\/\/ffcv.es\/wp\/wp-content\/uploads\/2021\/08\/GettyImages-1316684017-1.jpg\" alt=\"\" class=\"wp-image-64843\" srcset=\"https:\/\/ffcv.es\/wp\/wp-content\/uploads\/2021\/08\/GettyImages-1316684017-1.jpg 1024w, https:\/\/ffcv.es\/wp\/wp-content\/uploads\/2021\/08\/GettyImages-1316684017-1-300x200.jpg 300w, https:\/\/ffcv.es\/wp\/wp-content\/uploads\/2021\/08\/GettyImages-1316684017-1-768x512.jpg 768w, https:\/\/ffcv.es\/wp\/wp-content\/uploads\/2021\/08\/GettyImages-1316684017-1-280x187.jpg 280w\" sizes=\"(max-width: 1024px) 100vw, 1024px\" \/><\/noscript><figcaption>El defensa valenci\u00e0 Pau Torres afronta aquest duel despr\u00e9s d&#8217;aconseguir la plata ol\u00edmpica amb Espanya al Jap\u00f3.<\/figcaption><\/figure>\n\n\n\n<p>El \u2018submar\u00ed groguet\u2019 ja va v\u00e9ncer a un equip de la <strong>Premier League<\/strong> per a aconseguir el seu t\u00edtol europeu la temporada passada, derrotant al <strong>Manchester United <\/strong>en un hist\u00f2ric torn de penals en la final de la <strong>Europa League <\/strong>a <strong>Pol\u00f2nia<\/strong>, aconseguint aix\u00ed el primer gran t\u00edtol de la seua hist\u00f2ria. Ara busca convertir-se en el sis\u00e9 club espanyol a guanyar la <strong>Supercopa<\/strong>.<\/p>\n\n\n\n<p>Per part seua, el <strong>Chelsea <\/strong>va conquistar el seu segon t\u00edtol de <strong>Champions <\/strong>en la 2020\/21 despr\u00e9s de v\u00e9ncer al <strong>Manchester City<\/strong> en la final anglesa a <strong>Portugal<\/strong>, afegint aquest trofeu al ja aconseguit en 2012.<\/p>\n\n\n\n<figure class=\"wp-block-image size-large\"><img loading=\"lazy\" decoding=\"async\" width=\"1024\" height=\"576\" data-src=\"https:\/\/ffcv.es\/wp\/wp-content\/uploads\/2021\/08\/54bcc5f77ecc5be34a31baa38f05dfcc_XL-1-1024x576.jpg\" alt=\"\" class=\"wp-image-64842 lazyload\" data-srcset=\"https:\/\/ffcv.es\/wp\/wp-content\/uploads\/2021\/08\/54bcc5f77ecc5be34a31baa38f05dfcc_XL-1-1024x576.jpg 1024w, https:\/\/ffcv.es\/wp\/wp-content\/uploads\/2021\/08\/54bcc5f77ecc5be34a31baa38f05dfcc_XL-1-300x169.jpg 300w, https:\/\/ffcv.es\/wp\/wp-content\/uploads\/2021\/08\/54bcc5f77ecc5be34a31baa38f05dfcc_XL-1-768x432.jpg 768w, https:\/\/ffcv.es\/wp\/wp-content\/uploads\/2021\/08\/54bcc5f77ecc5be34a31baa38f05dfcc_XL-1-280x157.jpg 280w, https:\/\/ffcv.es\/wp\/wp-content\/uploads\/2021\/08\/54bcc5f77ecc5be34a31baa38f05dfcc_XL-1.jpg 1170w\" data-sizes=\"(max-width: 1024px) 100vw, 1024px\" src=\"data:image\/gif;base64,R0lGODlhAQABAAAAACH5BAEKAAEALAAAAAABAAEAAAICTAEAOw==\" style=\"--smush-placeholder-width: 1024px; --smush-placeholder-aspect-ratio: 1024\/576;\" \/><noscript><img loading=\"lazy\" decoding=\"async\" width=\"1024\" height=\"576\" src=\"https:\/\/ffcv.es\/wp\/wp-content\/uploads\/2021\/08\/54bcc5f77ecc5be34a31baa38f05dfcc_XL-1-1024x576.jpg\" alt=\"\" class=\"wp-image-64842\" srcset=\"https:\/\/ffcv.es\/wp\/wp-content\/uploads\/2021\/08\/54bcc5f77ecc5be34a31baa38f05dfcc_XL-1-1024x576.jpg 1024w, https:\/\/ffcv.es\/wp\/wp-content\/uploads\/2021\/08\/54bcc5f77ecc5be34a31baa38f05dfcc_XL-1-300x169.jpg 300w, https:\/\/ffcv.es\/wp\/wp-content\/uploads\/2021\/08\/54bcc5f77ecc5be34a31baa38f05dfcc_XL-1-768x432.jpg 768w, https:\/\/ffcv.es\/wp\/wp-content\/uploads\/2021\/08\/54bcc5f77ecc5be34a31baa38f05dfcc_XL-1-280x157.jpg 280w, https:\/\/ffcv.es\/wp\/wp-content\/uploads\/2021\/08\/54bcc5f77ecc5be34a31baa38f05dfcc_XL-1.jpg 1170w\" sizes=\"(max-width: 1024px) 100vw, 1024px\" \/><\/noscript><figcaption>M\u00e9s de mil aficionats animaran al Villarreal des de les graderies de Windsor Park.<\/figcaption><\/figure>\n\n\n\n<p>Aquesta \u00e9s la primera participaci\u00f3 del <strong>Villarreal <\/strong>en la <strong>Supercopa <\/strong>de la <strong>UEFA<\/strong>. \u00c9s l&#8217;equip n\u00famero 38 que participa en aquest partit i el primer debutant des de l&#8217;<strong>Atl\u00e9tico de Madrid<\/strong> i l&#8217;<strong>Inter de Mil\u00e1n<\/strong> en 2010. El club valenci\u00e0 \u00e9s el set\u00e9 espanyol que juga la <strong>Supercopa<\/strong>, despr\u00e9s del <strong>Barcelona <\/strong>(nou participacions), el <strong>Real Madrid<\/strong> (set), el <strong>Sevilla <\/strong>(sis), l&#8217;<strong>Atl\u00e9tico<\/strong> (tres), el <strong>Valencia <\/strong>(dos) i el <strong>Zaragoza <\/strong>(una).<\/p>\n","protected":false},"excerpt":{"rendered":"<p>El Villarreal disposa dem\u00e0 de l&#8217;oportunitat d&#8217;al\u00e7ar el primer t\u00edtol de la campanya 2021\/22 en el duel de Supercopa d&#8217;Europa davant el campi\u00f3 de la Champions, el Chelsea. El magn\u00edfic escenari de Windsor Park (Belfast) acollir\u00e0 dem\u00e0, dimecres, a les 21:00 hores, l&#8217;encontre de Supercopa d&#8217;Europa. Com a Campi\u00f3 de l&#8217;Europa League, el Villarreal CF<\/p>\n","protected":false},"author":5,"featured_media":64837,"comment_status":"closed","ping_status":"closed","sticky":false,"template":"","format":"standard","meta":{"om_disable_all_campaigns":false,"footnotes":""},"categories":[3323,1684,3321],"tags":[5683],"class_list":["post-64841","post","type-post","status-publish","format-standard","has-post-thumbnail","hentry","category-noticies","category-noticies-ffcv","category-portada-va","tag-supercopa-de-europa"],"aioseo_notices":[],"_links":{"self":[{"href":"https:\/\/ffcv.es\/wp\/wp-json\/wp\/v2\/posts\/64841"}],"collection":[{"href":"https:\/\/ffcv.es\/wp\/wp-json\/wp\/v2\/posts"}],"about":[{"href":"https:\/\/ffcv.es\/wp\/wp-json\/wp\/v2\/types\/post"}],"author":[{"embeddable":true,"href":"https:\/\/ffcv.es\/wp\/wp-json\/wp\/v2\/users\/5"}],"replies":[{"embeddable":true,"href":"https:\/\/ffcv.es\/wp\/wp-json\/wp\/v2\/comments?post=64841"}],"version-history":[{"count":1,"href":"https:\/\/ffcv.es\/wp\/wp-json\/wp\/v2\/posts\/64841\/revisions"}],"predecessor-version":[{"id":64844,"href":"https:\/\/ffcv.es\/wp\/wp-json\/wp\/v2\/posts\/64841\/revisions\/64844"}],"wp:featuredmedia":[{"embeddable":true,"href":"https:\/\/ffcv.es\/wp\/wp-json\/wp\/v2\/media\/64837"}],"wp:attachment":[{"href":"https:\/\/ffcv.es\/wp\/wp-json\/wp\/v2\/media?parent=64841"}],"wp:term":[{"taxonomy":"category","embeddable":true,"href":"https:\/\/ffcv.es\/wp\/wp-json\/wp\/v2\/categories?post=64841"},{"taxonomy":"post_tag","embeddable":true,"href":"https:\/\/ffcv.es\/wp\/wp-json\/wp\/v2\/tags?post=64841"}],"curies":[{"name":"wp","href":"https:\/\/api.w.org\/{rel}","templated":true}]}}