{"id":63272,"date":"2021-07-05T09:32:29","date_gmt":"2021-07-05T07:32:29","guid":{"rendered":"https:\/\/ffcv.es\/wp\/?p=63272"},"modified":"2021-07-06T09:10:01","modified_gmt":"2021-07-06T07:10:01","slug":"convocatoria-aquestes-son-les-12-jugadores-convocades-per-la-seleccio-valenciana-valenta-sub19-de-futbol-platja-per-a-li-campionat-despanya","status":"publish","type":"post","link":"https:\/\/ffcv.es\/wp\/va\/blog\/2021\/07\/convocatoria-aquestes-son-les-12-jugadores-convocades-per-la-seleccio-valenciana-valenta-sub19-de-futbol-platja-per-a-li-campionat-despanya\/","title":{"rendered":"CONVOCAT\u00d2RIA: Aquestes s\u00f3n les 12 jugadores convocades per la Selecci\u00f3 Valenciana Valenta sub19 de futbol platja per a l&#8217;I Campionat d&#8217;Espanya"},"content":{"rendered":"\n<p>La <strong>Platja de Sant Joan d&#8217;Alacant<\/strong> acull del 8 al 10 de juliol l&#8217;I <strong>Campionat Nacional de Seleccions Auton\u00f2miques sub19 Valenta de Futbol Platja<\/strong>.<\/p>\n\n\n\n<p>El seleccionador auton\u00f2mic valenci\u00e0 <strong>H\u00e9ctor Garc\u00eda<\/strong> ha fet p\u00fablica la llista de 12 jugadores que representaran a la <strong>Federaci\u00f3 de Futbol de la Comunitat Valenciana<\/strong> en aquest Campionat d&#8217;Espanya sub19.<\/p>\n\n\n\n<figure class=\"wp-block-image size-large\"><img loading=\"lazy\" decoding=\"async\" width=\"1024\" height=\"1024\" data-src=\"https:\/\/ffcv.es\/wp\/wp-content\/uploads\/2021\/07\/sub19-1-IG-He\u0301ctor_ok-1024x1024.png\" alt=\"\" class=\"wp-image-63346 lazyload\" data-srcset=\"https:\/\/ffcv.es\/wp\/wp-content\/uploads\/2021\/07\/sub19-1-IG-He\u0301ctor_ok-1024x1024.png 1024w, https:\/\/ffcv.es\/wp\/wp-content\/uploads\/2021\/07\/sub19-1-IG-He\u0301ctor_ok-300x300.png 300w, https:\/\/ffcv.es\/wp\/wp-content\/uploads\/2021\/07\/sub19-1-IG-He\u0301ctor_ok-150x150.png 150w, https:\/\/ffcv.es\/wp\/wp-content\/uploads\/2021\/07\/sub19-1-IG-He\u0301ctor_ok-768x768.png 768w, https:\/\/ffcv.es\/wp\/wp-content\/uploads\/2021\/07\/sub19-1-IG-He\u0301ctor_ok-187x187.png 187w, https:\/\/ffcv.es\/wp\/wp-content\/uploads\/2021\/07\/sub19-1-IG-He\u0301ctor_ok.png 1080w\" data-sizes=\"(max-width: 1024px) 100vw, 1024px\" src=\"data:image\/gif;base64,R0lGODlhAQABAAAAACH5BAEKAAEALAAAAAABAAEAAAICTAEAOw==\" style=\"--smush-placeholder-width: 1024px; --smush-placeholder-aspect-ratio: 1024\/1024;\" \/><noscript><img loading=\"lazy\" decoding=\"async\" width=\"1024\" height=\"1024\" src=\"https:\/\/ffcv.es\/wp\/wp-content\/uploads\/2021\/07\/sub19-1-IG-He\u0301ctor_ok-1024x1024.png\" alt=\"\" class=\"wp-image-63346\" srcset=\"https:\/\/ffcv.es\/wp\/wp-content\/uploads\/2021\/07\/sub19-1-IG-He\u0301ctor_ok-1024x1024.png 1024w, https:\/\/ffcv.es\/wp\/wp-content\/uploads\/2021\/07\/sub19-1-IG-He\u0301ctor_ok-300x300.png 300w, https:\/\/ffcv.es\/wp\/wp-content\/uploads\/2021\/07\/sub19-1-IG-He\u0301ctor_ok-150x150.png 150w, https:\/\/ffcv.es\/wp\/wp-content\/uploads\/2021\/07\/sub19-1-IG-He\u0301ctor_ok-768x768.png 768w, https:\/\/ffcv.es\/wp\/wp-content\/uploads\/2021\/07\/sub19-1-IG-He\u0301ctor_ok-187x187.png 187w, https:\/\/ffcv.es\/wp\/wp-content\/uploads\/2021\/07\/sub19-1-IG-He\u0301ctor_ok.png 1080w\" sizes=\"(max-width: 1024px) 100vw, 1024px\" \/><\/noscript><\/figure>\n","protected":false},"excerpt":{"rendered":"<p>La Platja de Sant Joan d&#8217;Alacant acull del 8 al 10 de juliol l&#8217;I Campionat Nacional de Seleccions Auton\u00f2miques sub19 Valenta de Futbol Platja. El seleccionador auton\u00f2mic valenci\u00e0 H\u00e9ctor Garc\u00eda ha fet p\u00fablica la llista de 12 jugadores que representaran a la Federaci\u00f3 de Futbol de la Comunitat Valenciana en aquest Campionat d&#8217;Espanya sub19.<\/p>\n","protected":false},"author":16,"featured_media":63345,"comment_status":"closed","ping_status":"closed","sticky":false,"template":"","format":"standard","meta":{"om_disable_all_campaigns":false,"footnotes":""},"categories":[4817,5402,4823],"tags":[],"class_list":["post-63272","post","type-post","status-publish","format-standard","has-post-thumbnail","hentry","category-noticies-futbol-platja","category-noticies-seleccio-valenta-futbol-platja-sub19","category-noticies-seleccions"],"aioseo_notices":[],"_links":{"self":[{"href":"https:\/\/ffcv.es\/wp\/wp-json\/wp\/v2\/posts\/63272"}],"collection":[{"href":"https:\/\/ffcv.es\/wp\/wp-json\/wp\/v2\/posts"}],"about":[{"href":"https:\/\/ffcv.es\/wp\/wp-json\/wp\/v2\/types\/post"}],"author":[{"embeddable":true,"href":"https:\/\/ffcv.es\/wp\/wp-json\/wp\/v2\/users\/16"}],"replies":[{"embeddable":true,"href":"https:\/\/ffcv.es\/wp\/wp-json\/wp\/v2\/comments?post=63272"}],"version-history":[{"count":3,"href":"https:\/\/ffcv.es\/wp\/wp-json\/wp\/v2\/posts\/63272\/revisions"}],"predecessor-version":[{"id":63348,"href":"https:\/\/ffcv.es\/wp\/wp-json\/wp\/v2\/posts\/63272\/revisions\/63348"}],"wp:featuredmedia":[{"embeddable":true,"href":"https:\/\/ffcv.es\/wp\/wp-json\/wp\/v2\/media\/63345"}],"wp:attachment":[{"href":"https:\/\/ffcv.es\/wp\/wp-json\/wp\/v2\/media?parent=63272"}],"wp:term":[{"taxonomy":"category","embeddable":true,"href":"https:\/\/ffcv.es\/wp\/wp-json\/wp\/v2\/categories?post=63272"},{"taxonomy":"post_tag","embeddable":true,"href":"https:\/\/ffcv.es\/wp\/wp-json\/wp\/v2\/tags?post=63272"}],"curies":[{"name":"wp","href":"https:\/\/api.w.org\/{rel}","templated":true}]}}