{"id":62321,"date":"2021-06-21T22:05:00","date_gmt":"2021-06-21T20:05:00","guid":{"rendered":"https:\/\/ffcv.es\/wp\/?p=62321"},"modified":"2021-06-22T13:36:08","modified_gmt":"2021-06-22T11:36:08","slug":"la-seleccionadora-nacional-de-futbol-sala-claudia-pons-asiste-a-los-amistosos-de-las-selecciones-valencianas-sub16-y-sub19","status":"publish","type":"post","link":"https:\/\/ffcv.es\/wp\/blog\/2021\/06\/la-seleccionadora-nacional-de-futbol-sala-claudia-pons-asiste-a-los-amistosos-de-las-selecciones-valencianas-sub16-y-sub19\/","title":{"rendered":"La seleccionadora nacional de f\u00fatbol sala Cl\u00e0udia Pons asiste a los amistosos de las Selecciones Valencianas sub16 y sub19"},"content":{"rendered":"\n<p><strong>Cl\u00e0udia Pons<\/strong>, seleccionadora nacional absoluta femenina de f\u00fatbol sala, asisti\u00f3 a los partidos amistosos disputados en <strong>Ibi<\/strong> por las <strong>Selecciones Valencianas Valenta sub16<\/strong> y <strong>sub19<\/strong>.<\/p>\n\n\n\n<p><strong>Pons<\/strong>, acompa\u00f1ada por su ayudante <strong>\u00cd\u00f1igo Mart\u00ednez<\/strong>, pudo seguir las evoluciones de los dos combinados auton\u00f3micos Valenta, dirigidos por <strong>\u00c1lex Mart\u00ednez<\/strong> y <strong>Maravillas Sansano<\/strong>.<\/p>\n\n\n\n<p>El primer encuentro de la <strong>Selecci\u00f3 sub16<\/strong> de Mart\u00ednez enfrent\u00f3 a jugadoras de 2006 y 2007 (naranjas) con jugadoras de 2005 (azules), en un duelo de 50 minutos. <\/p>\n\n\n\n<figure class=\"wp-block-gallery columns-2 is-cropped wp-block-gallery-1 is-layout-flex wp-block-gallery-is-layout-flex\"><ul class=\"blocks-gallery-grid\"><li class=\"blocks-gallery-item\"><figure><img loading=\"lazy\" decoding=\"async\" width=\"1024\" height=\"682\" data-src=\"https:\/\/ffcv.es\/wp\/wp-content\/uploads\/2021\/06\/sub16-1-1024x682.jpeg\" alt=\"\" data-id=\"62332\" class=\"wp-image-62332 lazyload\" data-srcset=\"https:\/\/ffcv.es\/wp\/wp-content\/uploads\/2021\/06\/sub16-1-1024x682.jpeg 1024w, https:\/\/ffcv.es\/wp\/wp-content\/uploads\/2021\/06\/sub16-1-300x200.jpeg 300w, https:\/\/ffcv.es\/wp\/wp-content\/uploads\/2021\/06\/sub16-1-768x512.jpeg 768w, https:\/\/ffcv.es\/wp\/wp-content\/uploads\/2021\/06\/sub16-1-1536x1023.jpeg 1536w, https:\/\/ffcv.es\/wp\/wp-content\/uploads\/2021\/06\/sub16-1-280x187.jpeg 280w, https:\/\/ffcv.es\/wp\/wp-content\/uploads\/2021\/06\/sub16-1-1170x780.jpeg 1170w, https:\/\/ffcv.es\/wp\/wp-content\/uploads\/2021\/06\/sub16-1.jpeg 1600w\" data-sizes=\"(max-width: 1024px) 100vw, 1024px\" src=\"data:image\/gif;base64,R0lGODlhAQABAAAAACH5BAEKAAEALAAAAAABAAEAAAICTAEAOw==\" style=\"--smush-placeholder-width: 1024px; --smush-placeholder-aspect-ratio: 1024\/682;\" \/><noscript><img loading=\"lazy\" decoding=\"async\" width=\"1024\" height=\"682\" src=\"https:\/\/ffcv.es\/wp\/wp-content\/uploads\/2021\/06\/sub16-1-1024x682.jpeg\" alt=\"\" data-id=\"62332\" class=\"wp-image-62332\" srcset=\"https:\/\/ffcv.es\/wp\/wp-content\/uploads\/2021\/06\/sub16-1-1024x682.jpeg 1024w, https:\/\/ffcv.es\/wp\/wp-content\/uploads\/2021\/06\/sub16-1-300x200.jpeg 300w, https:\/\/ffcv.es\/wp\/wp-content\/uploads\/2021\/06\/sub16-1-768x512.jpeg 768w, https:\/\/ffcv.es\/wp\/wp-content\/uploads\/2021\/06\/sub16-1-1536x1023.jpeg 1536w, https:\/\/ffcv.es\/wp\/wp-content\/uploads\/2021\/06\/sub16-1-280x187.jpeg 280w, https:\/\/ffcv.es\/wp\/wp-content\/uploads\/2021\/06\/sub16-1-1170x780.jpeg 1170w, https:\/\/ffcv.es\/wp\/wp-content\/uploads\/2021\/06\/sub16-1.jpeg 1600w\" sizes=\"(max-width: 1024px) 100vw, 1024px\" \/><\/noscript><\/figure><\/li><li class=\"blocks-gallery-item\"><figure><img loading=\"lazy\" decoding=\"async\" width=\"1024\" height=\"683\" data-src=\"https:\/\/ffcv.es\/wp\/wp-content\/uploads\/2021\/06\/sunb16-1024x683.jpeg\" alt=\"\" data-id=\"62333\" data-full-url=\"https:\/\/ffcv.es\/wp\/wp-content\/uploads\/2021\/06\/sunb16-scaled.jpeg\" data-link=\"https:\/\/ffcv.es\/wp\/?attachment_id=62333\" class=\"wp-image-62333 lazyload\" data-srcset=\"https:\/\/ffcv.es\/wp\/wp-content\/uploads\/2021\/06\/sunb16-1024x683.jpeg 1024w, https:\/\/ffcv.es\/wp\/wp-content\/uploads\/2021\/06\/sunb16-300x200.jpeg 300w, https:\/\/ffcv.es\/wp\/wp-content\/uploads\/2021\/06\/sunb16-768x512.jpeg 768w, https:\/\/ffcv.es\/wp\/wp-content\/uploads\/2021\/06\/sunb16-1536x1024.jpeg 1536w, https:\/\/ffcv.es\/wp\/wp-content\/uploads\/2021\/06\/sunb16-2048x1365.jpeg 2048w, https:\/\/ffcv.es\/wp\/wp-content\/uploads\/2021\/06\/sunb16-280x187.jpeg 280w, https:\/\/ffcv.es\/wp\/wp-content\/uploads\/2021\/06\/sunb16-1170x780.jpeg 1170w, https:\/\/ffcv.es\/wp\/wp-content\/uploads\/2021\/06\/sunb16-scaled.jpeg 1620w\" data-sizes=\"(max-width: 1024px) 100vw, 1024px\" src=\"data:image\/gif;base64,R0lGODlhAQABAAAAACH5BAEKAAEALAAAAAABAAEAAAICTAEAOw==\" style=\"--smush-placeholder-width: 1024px; --smush-placeholder-aspect-ratio: 1024\/683;\" \/><noscript><img loading=\"lazy\" decoding=\"async\" width=\"1024\" height=\"683\" src=\"https:\/\/ffcv.es\/wp\/wp-content\/uploads\/2021\/06\/sunb16-1024x683.jpeg\" alt=\"\" data-id=\"62333\" data-full-url=\"https:\/\/ffcv.es\/wp\/wp-content\/uploads\/2021\/06\/sunb16-scaled.jpeg\" data-link=\"https:\/\/ffcv.es\/wp\/?attachment_id=62333\" class=\"wp-image-62333\" srcset=\"https:\/\/ffcv.es\/wp\/wp-content\/uploads\/2021\/06\/sunb16-1024x683.jpeg 1024w, https:\/\/ffcv.es\/wp\/wp-content\/uploads\/2021\/06\/sunb16-300x200.jpeg 300w, https:\/\/ffcv.es\/wp\/wp-content\/uploads\/2021\/06\/sunb16-768x512.jpeg 768w, https:\/\/ffcv.es\/wp\/wp-content\/uploads\/2021\/06\/sunb16-1536x1024.jpeg 1536w, https:\/\/ffcv.es\/wp\/wp-content\/uploads\/2021\/06\/sunb16-2048x1365.jpeg 2048w, https:\/\/ffcv.es\/wp\/wp-content\/uploads\/2021\/06\/sunb16-280x187.jpeg 280w, https:\/\/ffcv.es\/wp\/wp-content\/uploads\/2021\/06\/sunb16-1170x780.jpeg 1170w, https:\/\/ffcv.es\/wp\/wp-content\/uploads\/2021\/06\/sunb16-scaled.jpeg 1620w\" sizes=\"(max-width: 1024px) 100vw, 1024px\" \/><\/noscript><\/figure><\/li><\/ul><\/figure>\n\n\n\n<p>El combinado naranja se impuso por 1-0, gol anotado por la jugadora del <strong>CFS Castalla Claudia P\u00e9rez<\/strong>. <\/p>\n\n\n\n<p>En el segundo amistoso, la <strong>Selecci\u00f3 sub19 <\/strong>de <strong>Sansano<\/strong> midi\u00f3 a jugadoras de 2003 y 2004 (azules) con jugadoras de 2002 (naranjas), en duelo de 60 minutos.<\/p>\n\n\n\n<figure class=\"wp-block-gallery columns-2 is-cropped wp-block-gallery-2 is-layout-flex wp-block-gallery-is-layout-flex\"><ul class=\"blocks-gallery-grid\"><li class=\"blocks-gallery-item\"><figure><img loading=\"lazy\" decoding=\"async\" width=\"1024\" height=\"682\" data-src=\"https:\/\/ffcv.es\/wp\/wp-content\/uploads\/2021\/06\/s19nara-1024x682.jpeg\" alt=\"\" data-id=\"62334\" class=\"wp-image-62334 lazyload\" data-srcset=\"https:\/\/ffcv.es\/wp\/wp-content\/uploads\/2021\/06\/s19nara-1024x682.jpeg 1024w, https:\/\/ffcv.es\/wp\/wp-content\/uploads\/2021\/06\/s19nara-300x200.jpeg 300w, https:\/\/ffcv.es\/wp\/wp-content\/uploads\/2021\/06\/s19nara-768x512.jpeg 768w, https:\/\/ffcv.es\/wp\/wp-content\/uploads\/2021\/06\/s19nara-1536x1023.jpeg 1536w, https:\/\/ffcv.es\/wp\/wp-content\/uploads\/2021\/06\/s19nara-280x187.jpeg 280w, https:\/\/ffcv.es\/wp\/wp-content\/uploads\/2021\/06\/s19nara-1170x780.jpeg 1170w, https:\/\/ffcv.es\/wp\/wp-content\/uploads\/2021\/06\/s19nara.jpeg 1600w\" data-sizes=\"(max-width: 1024px) 100vw, 1024px\" src=\"data:image\/gif;base64,R0lGODlhAQABAAAAACH5BAEKAAEALAAAAAABAAEAAAICTAEAOw==\" style=\"--smush-placeholder-width: 1024px; --smush-placeholder-aspect-ratio: 1024\/682;\" \/><noscript><img loading=\"lazy\" decoding=\"async\" width=\"1024\" height=\"682\" src=\"https:\/\/ffcv.es\/wp\/wp-content\/uploads\/2021\/06\/s19nara-1024x682.jpeg\" alt=\"\" data-id=\"62334\" class=\"wp-image-62334\" srcset=\"https:\/\/ffcv.es\/wp\/wp-content\/uploads\/2021\/06\/s19nara-1024x682.jpeg 1024w, https:\/\/ffcv.es\/wp\/wp-content\/uploads\/2021\/06\/s19nara-300x200.jpeg 300w, https:\/\/ffcv.es\/wp\/wp-content\/uploads\/2021\/06\/s19nara-768x512.jpeg 768w, https:\/\/ffcv.es\/wp\/wp-content\/uploads\/2021\/06\/s19nara-1536x1023.jpeg 1536w, https:\/\/ffcv.es\/wp\/wp-content\/uploads\/2021\/06\/s19nara-280x187.jpeg 280w, https:\/\/ffcv.es\/wp\/wp-content\/uploads\/2021\/06\/s19nara-1170x780.jpeg 1170w, https:\/\/ffcv.es\/wp\/wp-content\/uploads\/2021\/06\/s19nara.jpeg 1600w\" sizes=\"(max-width: 1024px) 100vw, 1024px\" \/><\/noscript><\/figure><\/li><li class=\"blocks-gallery-item\"><figure><img loading=\"lazy\" decoding=\"async\" width=\"1024\" height=\"682\" data-src=\"https:\/\/ffcv.es\/wp\/wp-content\/uploads\/2021\/06\/s19azul-1024x682.jpeg\" alt=\"\" data-id=\"62337\" data-full-url=\"https:\/\/ffcv.es\/wp\/wp-content\/uploads\/2021\/06\/s19azul.jpeg\" data-link=\"https:\/\/ffcv.es\/wp\/?attachment_id=62337\" class=\"wp-image-62337 lazyload\" data-srcset=\"https:\/\/ffcv.es\/wp\/wp-content\/uploads\/2021\/06\/s19azul-1024x682.jpeg 1024w, https:\/\/ffcv.es\/wp\/wp-content\/uploads\/2021\/06\/s19azul-300x200.jpeg 300w, https:\/\/ffcv.es\/wp\/wp-content\/uploads\/2021\/06\/s19azul-768x512.jpeg 768w, https:\/\/ffcv.es\/wp\/wp-content\/uploads\/2021\/06\/s19azul-1536x1023.jpeg 1536w, https:\/\/ffcv.es\/wp\/wp-content\/uploads\/2021\/06\/s19azul-280x187.jpeg 280w, https:\/\/ffcv.es\/wp\/wp-content\/uploads\/2021\/06\/s19azul-1170x780.jpeg 1170w, https:\/\/ffcv.es\/wp\/wp-content\/uploads\/2021\/06\/s19azul.jpeg 1600w\" data-sizes=\"(max-width: 1024px) 100vw, 1024px\" src=\"data:image\/gif;base64,R0lGODlhAQABAAAAACH5BAEKAAEALAAAAAABAAEAAAICTAEAOw==\" style=\"--smush-placeholder-width: 1024px; --smush-placeholder-aspect-ratio: 1024\/682;\" \/><noscript><img loading=\"lazy\" decoding=\"async\" width=\"1024\" height=\"682\" src=\"https:\/\/ffcv.es\/wp\/wp-content\/uploads\/2021\/06\/s19azul-1024x682.jpeg\" alt=\"\" data-id=\"62337\" data-full-url=\"https:\/\/ffcv.es\/wp\/wp-content\/uploads\/2021\/06\/s19azul.jpeg\" data-link=\"https:\/\/ffcv.es\/wp\/?attachment_id=62337\" class=\"wp-image-62337\" srcset=\"https:\/\/ffcv.es\/wp\/wp-content\/uploads\/2021\/06\/s19azul-1024x682.jpeg 1024w, https:\/\/ffcv.es\/wp\/wp-content\/uploads\/2021\/06\/s19azul-300x200.jpeg 300w, https:\/\/ffcv.es\/wp\/wp-content\/uploads\/2021\/06\/s19azul-768x512.jpeg 768w, https:\/\/ffcv.es\/wp\/wp-content\/uploads\/2021\/06\/s19azul-1536x1023.jpeg 1536w, https:\/\/ffcv.es\/wp\/wp-content\/uploads\/2021\/06\/s19azul-280x187.jpeg 280w, https:\/\/ffcv.es\/wp\/wp-content\/uploads\/2021\/06\/s19azul-1170x780.jpeg 1170w, https:\/\/ffcv.es\/wp\/wp-content\/uploads\/2021\/06\/s19azul.jpeg 1600w\" sizes=\"(max-width: 1024px) 100vw, 1024px\" \/><\/noscript><\/figure><\/li><\/ul><\/figure>\n\n\n\n<p>Las azules vencieron por 4-1. Anotaron <strong>Claudia Gallego<\/strong> (2), del <strong>CD Parque Colegio Santa Ana<\/strong>, <strong>Laura C\u00e9spedes<\/strong>, del <strong>Alboraya FS<\/strong>; y <strong>Livia Don\u00e9s<\/strong>, del<strong> FS Pu\u00e7ol<\/strong>. Por las naranjas marc\u00f3 <strong>Aitana Ben\u00edtez<\/strong>, jugadora del <strong>UA<\/strong>. <\/p>\n\n\n\n<p>Estos partidos estuvieron dirigidos por los colegiados <strong>\u00d3scar Ropero<\/strong>, <strong>Carlos Hern\u00e1ndez<\/strong> y <strong>\u00c1lvaro Planelles<\/strong>.<\/p>\n\n\n\n<figure class=\"wp-block-image size-large\"><img loading=\"lazy\" decoding=\"async\" width=\"1024\" height=\"683\" data-src=\"https:\/\/ffcv.es\/wp\/wp-content\/uploads\/2021\/06\/a\u0301rbitros-1024x683.jpeg\" alt=\"\" class=\"wp-image-62339 lazyload\" data-srcset=\"https:\/\/ffcv.es\/wp\/wp-content\/uploads\/2021\/06\/a\u0301rbitros-1024x683.jpeg 1024w, https:\/\/ffcv.es\/wp\/wp-content\/uploads\/2021\/06\/a\u0301rbitros-300x200.jpeg 300w, https:\/\/ffcv.es\/wp\/wp-content\/uploads\/2021\/06\/a\u0301rbitros-768x512.jpeg 768w, https:\/\/ffcv.es\/wp\/wp-content\/uploads\/2021\/06\/a\u0301rbitros-1536x1024.jpeg 1536w, https:\/\/ffcv.es\/wp\/wp-content\/uploads\/2021\/06\/a\u0301rbitros-2048x1365.jpeg 2048w, https:\/\/ffcv.es\/wp\/wp-content\/uploads\/2021\/06\/a\u0301rbitros-280x187.jpeg 280w, https:\/\/ffcv.es\/wp\/wp-content\/uploads\/2021\/06\/a\u0301rbitros-1170x780.jpeg 1170w, https:\/\/ffcv.es\/wp\/wp-content\/uploads\/2021\/06\/a\u0301rbitros-scaled.jpeg 1620w\" data-sizes=\"(max-width: 1024px) 100vw, 1024px\" src=\"data:image\/gif;base64,R0lGODlhAQABAAAAACH5BAEKAAEALAAAAAABAAEAAAICTAEAOw==\" style=\"--smush-placeholder-width: 1024px; --smush-placeholder-aspect-ratio: 1024\/683;\" \/><noscript><img loading=\"lazy\" decoding=\"async\" width=\"1024\" height=\"683\" src=\"https:\/\/ffcv.es\/wp\/wp-content\/uploads\/2021\/06\/a\u0301rbitros-1024x683.jpeg\" alt=\"\" class=\"wp-image-62339\" srcset=\"https:\/\/ffcv.es\/wp\/wp-content\/uploads\/2021\/06\/a\u0301rbitros-1024x683.jpeg 1024w, https:\/\/ffcv.es\/wp\/wp-content\/uploads\/2021\/06\/a\u0301rbitros-300x200.jpeg 300w, https:\/\/ffcv.es\/wp\/wp-content\/uploads\/2021\/06\/a\u0301rbitros-768x512.jpeg 768w, https:\/\/ffcv.es\/wp\/wp-content\/uploads\/2021\/06\/a\u0301rbitros-1536x1024.jpeg 1536w, https:\/\/ffcv.es\/wp\/wp-content\/uploads\/2021\/06\/a\u0301rbitros-2048x1365.jpeg 2048w, https:\/\/ffcv.es\/wp\/wp-content\/uploads\/2021\/06\/a\u0301rbitros-280x187.jpeg 280w, https:\/\/ffcv.es\/wp\/wp-content\/uploads\/2021\/06\/a\u0301rbitros-1170x780.jpeg 1170w, https:\/\/ffcv.es\/wp\/wp-content\/uploads\/2021\/06\/a\u0301rbitros-scaled.jpeg 1620w\" sizes=\"(max-width: 1024px) 100vw, 1024px\" \/><\/noscript><\/figure>\n\n\n\n<p>Previamente a estos partidos se celebr\u00f3 un Cl\u00ednic Valenta de f\u00fatbol sala, organizado por el \u00c1rea de Selecciones de futsal de la <strong>FFCV<\/strong> en colaboraci\u00f3n con el <strong>Futsal Ibi <\/strong>y el <strong>Ayuntamiento<\/strong> de la localidad ibense. <\/p>\n\n\n\n<p>M\u00e1s de 20 ni\u00f1as vivieron su primera experiencia en el f\u00fatbol sala con <strong>Mavi Sansano<\/strong>, <strong>\u00c1lex Mart\u00ednez<\/strong> y la propia seleccionadora nacional <strong>Cl\u00e0udia Pons<\/strong> como monitores de lujo.<\/p>\n\n\n\n<figure class=\"wp-block-image size-large\"><img loading=\"lazy\" decoding=\"async\" width=\"1024\" height=\"683\" data-src=\"https:\/\/ffcv.es\/wp\/wp-content\/uploads\/2021\/06\/clinic-1024x683.jpeg\" alt=\"\" class=\"wp-image-62338 lazyload\" data-srcset=\"https:\/\/ffcv.es\/wp\/wp-content\/uploads\/2021\/06\/clinic-1024x683.jpeg 1024w, https:\/\/ffcv.es\/wp\/wp-content\/uploads\/2021\/06\/clinic-300x200.jpeg 300w, https:\/\/ffcv.es\/wp\/wp-content\/uploads\/2021\/06\/clinic-768x512.jpeg 768w, https:\/\/ffcv.es\/wp\/wp-content\/uploads\/2021\/06\/clinic-1536x1024.jpeg 1536w, https:\/\/ffcv.es\/wp\/wp-content\/uploads\/2021\/06\/clinic-2048x1365.jpeg 2048w, https:\/\/ffcv.es\/wp\/wp-content\/uploads\/2021\/06\/clinic-280x187.jpeg 280w, https:\/\/ffcv.es\/wp\/wp-content\/uploads\/2021\/06\/clinic-1170x780.jpeg 1170w, https:\/\/ffcv.es\/wp\/wp-content\/uploads\/2021\/06\/clinic-scaled.jpeg 1620w\" data-sizes=\"(max-width: 1024px) 100vw, 1024px\" src=\"data:image\/gif;base64,R0lGODlhAQABAAAAACH5BAEKAAEALAAAAAABAAEAAAICTAEAOw==\" style=\"--smush-placeholder-width: 1024px; --smush-placeholder-aspect-ratio: 1024\/683;\" \/><noscript><img loading=\"lazy\" decoding=\"async\" width=\"1024\" height=\"683\" src=\"https:\/\/ffcv.es\/wp\/wp-content\/uploads\/2021\/06\/clinic-1024x683.jpeg\" alt=\"\" class=\"wp-image-62338\" srcset=\"https:\/\/ffcv.es\/wp\/wp-content\/uploads\/2021\/06\/clinic-1024x683.jpeg 1024w, https:\/\/ffcv.es\/wp\/wp-content\/uploads\/2021\/06\/clinic-300x200.jpeg 300w, https:\/\/ffcv.es\/wp\/wp-content\/uploads\/2021\/06\/clinic-768x512.jpeg 768w, https:\/\/ffcv.es\/wp\/wp-content\/uploads\/2021\/06\/clinic-1536x1024.jpeg 1536w, https:\/\/ffcv.es\/wp\/wp-content\/uploads\/2021\/06\/clinic-2048x1365.jpeg 2048w, https:\/\/ffcv.es\/wp\/wp-content\/uploads\/2021\/06\/clinic-280x187.jpeg 280w, https:\/\/ffcv.es\/wp\/wp-content\/uploads\/2021\/06\/clinic-1170x780.jpeg 1170w, https:\/\/ffcv.es\/wp\/wp-content\/uploads\/2021\/06\/clinic-scaled.jpeg 1620w\" sizes=\"(max-width: 1024px) 100vw, 1024px\" \/><\/noscript><\/figure>\n\n\n\n<figure class=\"wp-block-embed is-type-rich is-provider-gestor-del-servicio wp-block-embed-gestor-del-servicio\"><div class=\"wp-block-embed__wrapper\">\nhttps:\/\/www.facebook.com\/FFCV.es\/posts\/1939627229527144\n<\/div><\/figure>\n","protected":false},"excerpt":{"rendered":"<p>Cl\u00e0udia Pons, seleccionadora nacional absoluta femenina de f\u00fatbol sala, asisti\u00f3 a los partidos amistosos disputados en Ibi por las Selecciones Valencianas Valenta sub16 y sub19. Pons, acompa\u00f1ada por su ayudante \u00cd\u00f1igo Mart\u00ednez, pudo seguir las evoluciones de los dos combinados auton\u00f3micos Valenta, dirigidos por \u00c1lex Mart\u00ednez y Maravillas Sansano. El primer encuentro de la Selecci\u00f3<\/p>\n","protected":false},"author":16,"featured_media":62335,"comment_status":"closed","ping_status":"closed","sticky":false,"template":"","format":"standard","meta":{"om_disable_all_campaigns":false,"footnotes":""},"categories":[3466,3464,4,72,1282],"tags":[5514,663,3488,5497,5498],"class_list":["post-62321","post","type-post","status-publish","format-standard","has-post-thumbnail","hentry","category-noticias-seleccio-valenta-futsal-sub16","category-seleccio-valenta-futsal-sub19","category-noticias-futbol-sala","category-noticias-selecciones","category-portada","tag-alex-martinez","tag-amistosos","tag-maravillas-sansano","tag-seleccio-valenciana-valenta-sub16","tag-seleccio-valenciana-valenta-sub19"],"aioseo_notices":[],"_links":{"self":[{"href":"https:\/\/ffcv.es\/wp\/wp-json\/wp\/v2\/posts\/62321"}],"collection":[{"href":"https:\/\/ffcv.es\/wp\/wp-json\/wp\/v2\/posts"}],"about":[{"href":"https:\/\/ffcv.es\/wp\/wp-json\/wp\/v2\/types\/post"}],"author":[{"embeddable":true,"href":"https:\/\/ffcv.es\/wp\/wp-json\/wp\/v2\/users\/16"}],"replies":[{"embeddable":true,"href":"https:\/\/ffcv.es\/wp\/wp-json\/wp\/v2\/comments?post=62321"}],"version-history":[{"count":3,"href":"https:\/\/ffcv.es\/wp\/wp-json\/wp\/v2\/posts\/62321\/revisions"}],"predecessor-version":[{"id":62383,"href":"https:\/\/ffcv.es\/wp\/wp-json\/wp\/v2\/posts\/62321\/revisions\/62383"}],"wp:featuredmedia":[{"embeddable":true,"href":"https:\/\/ffcv.es\/wp\/wp-json\/wp\/v2\/media\/62335"}],"wp:attachment":[{"href":"https:\/\/ffcv.es\/wp\/wp-json\/wp\/v2\/media?parent=62321"}],"wp:term":[{"taxonomy":"category","embeddable":true,"href":"https:\/\/ffcv.es\/wp\/wp-json\/wp\/v2\/categories?post=62321"},{"taxonomy":"post_tag","embeddable":true,"href":"https:\/\/ffcv.es\/wp\/wp-json\/wp\/v2\/tags?post=62321"}],"curies":[{"name":"wp","href":"https:\/\/api.w.org\/{rel}","templated":true}]}}