{"id":61724,"date":"2021-06-14T19:46:30","date_gmt":"2021-06-14T17:46:30","guid":{"rendered":"https:\/\/ffcv.es\/wp\/?p=61724"},"modified":"2021-06-15T11:13:51","modified_gmt":"2021-06-15T09:13:51","slug":"xativa2021-estas-son-las-semifinales-del-playoff-de-ascenso-a-tercera-rfef","status":"publish","type":"post","link":"https:\/\/ffcv.es\/wp\/blog\/2021\/06\/xativa2021-estas-son-las-semifinales-del-playoff-de-ascenso-a-tercera-rfef\/","title":{"rendered":"#X\u00e0tiva2021 &#8211; Estas son las semifinales del playoff de ascenso a Tercera RFEF"},"content":{"rendered":"\n<p>Ya est\u00e1n definidas las semifinales y el cuadro de enfrentamientos de los playoffs de <strong>Preferent<\/strong> para ascender a <strong>Tercera RFEF<\/strong>.<\/p>\n\n\n\n<div class=\"wp-block-file\"><a href=\"https:\/\/ffcv.es\/wp\/wp-content\/uploads\/2021\/06\/Circular-50-Promocio\u0301n-a-3a-Divisio\u0301n-RFEF.pdf\">CIRCULAR 50 PROMOCI\u00d3N ASCENSO TERCERA RFEF<\/a><a href=\"https:\/\/ffcv.es\/wp\/wp-content\/uploads\/2021\/06\/Circular-50-Promocio\u0301n-a-3a-Divisio\u0301n-RFEF.pdf\" class=\"wp-block-file__button\" download>Descarga<\/a><\/div>\n\n\n\n<p>En un sorteo celebrado en <strong>X\u00e0tiva<\/strong>, sede de las finales, se han determinado los enfrentamientos con la presencia de representantes de los 12 equipos clasificados.<\/p>\n\n\n\n<figure class=\"wp-block-image size-large\"><img loading=\"lazy\" decoding=\"async\" width=\"1024\" height=\"682\" data-src=\"https:\/\/ffcv.es\/wp\/wp-content\/uploads\/2021\/06\/Camisetas-playoff-Xa\u0300tiva-2021-1024x682.jpeg\" alt=\"\" class=\"wp-image-61774 lazyload\" data-srcset=\"https:\/\/ffcv.es\/wp\/wp-content\/uploads\/2021\/06\/Camisetas-playoff-Xa\u0300tiva-2021-1024x682.jpeg 1024w, https:\/\/ffcv.es\/wp\/wp-content\/uploads\/2021\/06\/Camisetas-playoff-Xa\u0300tiva-2021-300x200.jpeg 300w, https:\/\/ffcv.es\/wp\/wp-content\/uploads\/2021\/06\/Camisetas-playoff-Xa\u0300tiva-2021-768x512.jpeg 768w, https:\/\/ffcv.es\/wp\/wp-content\/uploads\/2021\/06\/Camisetas-playoff-Xa\u0300tiva-2021-1536x1023.jpeg 1536w, https:\/\/ffcv.es\/wp\/wp-content\/uploads\/2021\/06\/Camisetas-playoff-Xa\u0300tiva-2021-280x187.jpeg 280w, https:\/\/ffcv.es\/wp\/wp-content\/uploads\/2021\/06\/Camisetas-playoff-Xa\u0300tiva-2021-1170x780.jpeg 1170w, https:\/\/ffcv.es\/wp\/wp-content\/uploads\/2021\/06\/Camisetas-playoff-Xa\u0300tiva-2021.jpeg 1600w\" data-sizes=\"(max-width: 1024px) 100vw, 1024px\" src=\"data:image\/gif;base64,R0lGODlhAQABAAAAACH5BAEKAAEALAAAAAABAAEAAAICTAEAOw==\" style=\"--smush-placeholder-width: 1024px; --smush-placeholder-aspect-ratio: 1024\/682;\" \/><noscript><img loading=\"lazy\" decoding=\"async\" width=\"1024\" height=\"682\" src=\"https:\/\/ffcv.es\/wp\/wp-content\/uploads\/2021\/06\/Camisetas-playoff-Xa\u0300tiva-2021-1024x682.jpeg\" alt=\"\" class=\"wp-image-61774\" srcset=\"https:\/\/ffcv.es\/wp\/wp-content\/uploads\/2021\/06\/Camisetas-playoff-Xa\u0300tiva-2021-1024x682.jpeg 1024w, https:\/\/ffcv.es\/wp\/wp-content\/uploads\/2021\/06\/Camisetas-playoff-Xa\u0300tiva-2021-300x200.jpeg 300w, https:\/\/ffcv.es\/wp\/wp-content\/uploads\/2021\/06\/Camisetas-playoff-Xa\u0300tiva-2021-768x512.jpeg 768w, https:\/\/ffcv.es\/wp\/wp-content\/uploads\/2021\/06\/Camisetas-playoff-Xa\u0300tiva-2021-1536x1023.jpeg 1536w, https:\/\/ffcv.es\/wp\/wp-content\/uploads\/2021\/06\/Camisetas-playoff-Xa\u0300tiva-2021-280x187.jpeg 280w, https:\/\/ffcv.es\/wp\/wp-content\/uploads\/2021\/06\/Camisetas-playoff-Xa\u0300tiva-2021-1170x780.jpeg 1170w, https:\/\/ffcv.es\/wp\/wp-content\/uploads\/2021\/06\/Camisetas-playoff-Xa\u0300tiva-2021.jpeg 1600w\" sizes=\"(max-width: 1024px) 100vw, 1024px\" \/><\/noscript><\/figure>\n\n\n\n<p>UE L&#8217;Alc\u00fadia \ud83c\udd9a Callosa Deportiva<\/p>\n\n\n\n<p>Ribarroja CF \ud83c\udd9a UD Castellonense<\/p>\n\n\n\n<p>UD Vall de Ux\u00f3  \ud83c\udd9a CD Bu\u00f1ol<\/p>\n\n\n\n<p>CD Utiel  \ud83c\udd9a CD Castell\u00f3n B<\/p>\n\n\n\n<p>UE Tavernes de la Valldigna \ud83c\udd9a Rayo Ll\u00edria CF<\/p>\n\n\n\n<p>Athletic Club Torrellano \ud83c\udd9a CFI Alicante<\/p>\n\n\n\n<p>La ida de la semifinal se disputar\u00e1 entre los d\u00edas 17 y 19 de junio; la vuelta de las semis, entre el 21 y el 23 de junio. Los propios equipos pueden ponerse de acuerdo en la fecha de ambos partidos. De no hacerlo, la <strong>FFCV<\/strong> fijar\u00e1 el horario.<\/p>\n\n\n\n<p>Los seis primeros de grupo han ejercido de cabezas de serie y jugar\u00e1n por tanto la vuelta en su casa. <\/p>\n\n\n\n<p>Los equipos ganadores de las semifinales 1 y 2, jugar\u00e1n la <strong>FINAL 1<\/strong> el viernes 25 de junio a las 19.30h. Los vencedores de las semifinales 3 y 4 ser\u00e1n los que jueguen la<strong> FINAL 2<\/strong>, el s\u00e1bado 26 de junio a las 19.30h. Y por \u00faltimo, los que ganen las semifinales 5 y 6 pelear\u00e1n por un puesto en <strong>Tercera RFEF<\/strong> en la \u00faltima de las finales, el domingo a las 19.30h.<\/p>\n\n\n\n<figure class=\"wp-block-image size-large\"><img loading=\"lazy\" decoding=\"async\" width=\"1024\" height=\"682\" data-src=\"https:\/\/ffcv.es\/wp\/wp-content\/uploads\/2021\/06\/WhatsApp-Image-2021-06-14-at-19.34.41-1024x682.jpeg\" alt=\"\" class=\"wp-image-61777 lazyload\" data-srcset=\"https:\/\/ffcv.es\/wp\/wp-content\/uploads\/2021\/06\/WhatsApp-Image-2021-06-14-at-19.34.41-1024x682.jpeg 1024w, https:\/\/ffcv.es\/wp\/wp-content\/uploads\/2021\/06\/WhatsApp-Image-2021-06-14-at-19.34.41-300x200.jpeg 300w, https:\/\/ffcv.es\/wp\/wp-content\/uploads\/2021\/06\/WhatsApp-Image-2021-06-14-at-19.34.41-768x512.jpeg 768w, https:\/\/ffcv.es\/wp\/wp-content\/uploads\/2021\/06\/WhatsApp-Image-2021-06-14-at-19.34.41-1536x1023.jpeg 1536w, https:\/\/ffcv.es\/wp\/wp-content\/uploads\/2021\/06\/WhatsApp-Image-2021-06-14-at-19.34.41-280x187.jpeg 280w, https:\/\/ffcv.es\/wp\/wp-content\/uploads\/2021\/06\/WhatsApp-Image-2021-06-14-at-19.34.41-1170x780.jpeg 1170w, https:\/\/ffcv.es\/wp\/wp-content\/uploads\/2021\/06\/WhatsApp-Image-2021-06-14-at-19.34.41.jpeg 1600w\" data-sizes=\"(max-width: 1024px) 100vw, 1024px\" src=\"data:image\/gif;base64,R0lGODlhAQABAAAAACH5BAEKAAEALAAAAAABAAEAAAICTAEAOw==\" style=\"--smush-placeholder-width: 1024px; --smush-placeholder-aspect-ratio: 1024\/682;\" \/><noscript><img loading=\"lazy\" decoding=\"async\" width=\"1024\" height=\"682\" src=\"https:\/\/ffcv.es\/wp\/wp-content\/uploads\/2021\/06\/WhatsApp-Image-2021-06-14-at-19.34.41-1024x682.jpeg\" alt=\"\" class=\"wp-image-61777\" srcset=\"https:\/\/ffcv.es\/wp\/wp-content\/uploads\/2021\/06\/WhatsApp-Image-2021-06-14-at-19.34.41-1024x682.jpeg 1024w, https:\/\/ffcv.es\/wp\/wp-content\/uploads\/2021\/06\/WhatsApp-Image-2021-06-14-at-19.34.41-300x200.jpeg 300w, https:\/\/ffcv.es\/wp\/wp-content\/uploads\/2021\/06\/WhatsApp-Image-2021-06-14-at-19.34.41-768x512.jpeg 768w, https:\/\/ffcv.es\/wp\/wp-content\/uploads\/2021\/06\/WhatsApp-Image-2021-06-14-at-19.34.41-1536x1023.jpeg 1536w, https:\/\/ffcv.es\/wp\/wp-content\/uploads\/2021\/06\/WhatsApp-Image-2021-06-14-at-19.34.41-280x187.jpeg 280w, https:\/\/ffcv.es\/wp\/wp-content\/uploads\/2021\/06\/WhatsApp-Image-2021-06-14-at-19.34.41-1170x780.jpeg 1170w, https:\/\/ffcv.es\/wp\/wp-content\/uploads\/2021\/06\/WhatsApp-Image-2021-06-14-at-19.34.41.jpeg 1600w\" sizes=\"(max-width: 1024px) 100vw, 1024px\" \/><\/noscript><figcaption><strong>Nacho Reig<\/strong>, teniente alcalde del ayuntamiento de X\u00e0tiva, recibe un detaklle de manos de Salva Gomar<\/figcaption><\/figure>\n\n\n\n<p>Las tres finales se disputar\u00e1n en el estadio de<strong> La Murta<\/strong>, en <strong>X\u00e0tiva<\/strong>. Un estadio con capacidad para 9.000 espectadores que acoger\u00e1 la fiesta del f\u00fatbol de la <strong>Comunitat Valenciana<\/strong>.<\/p>\n\n\n\n<p><strong>Javi Torregrosa<\/strong>, <strong>Jos\u00e9 Franco <\/strong>y <strong>Gonzalo Navarro<\/strong>, miembros del hist\u00f3rico <strong>Ol\u00edmpic de X\u00e0tiva <\/strong>que hace 50 a\u00f1os ascendi\u00f3 a <strong>Tercera Nacional<\/strong>, fueron las manos inocentes del sorteo.<\/p>\n\n\n\n<p>El acto se celebr\u00f3 en la <strong>Casa de la Cultura de X\u00e0tiva<\/strong>. <strong>Nacho Reig<\/strong>, teniente alcalde del ayuntamiento de la localidad, dio la bienvenida a los doce cubes participantes. <\/p>\n\n\n\n<figure class=\"wp-block-image size-large\"><img loading=\"lazy\" decoding=\"async\" width=\"1024\" height=\"682\" data-src=\"https:\/\/ffcv.es\/wp\/wp-content\/uploads\/2021\/06\/WhatsApp-Image-2021-06-14-at-19.34.42-1024x682.jpeg\" alt=\"\" class=\"wp-image-61776 lazyload\" data-srcset=\"https:\/\/ffcv.es\/wp\/wp-content\/uploads\/2021\/06\/WhatsApp-Image-2021-06-14-at-19.34.42-1024x682.jpeg 1024w, https:\/\/ffcv.es\/wp\/wp-content\/uploads\/2021\/06\/WhatsApp-Image-2021-06-14-at-19.34.42-300x200.jpeg 300w, https:\/\/ffcv.es\/wp\/wp-content\/uploads\/2021\/06\/WhatsApp-Image-2021-06-14-at-19.34.42-768x512.jpeg 768w, https:\/\/ffcv.es\/wp\/wp-content\/uploads\/2021\/06\/WhatsApp-Image-2021-06-14-at-19.34.42-1536x1023.jpeg 1536w, https:\/\/ffcv.es\/wp\/wp-content\/uploads\/2021\/06\/WhatsApp-Image-2021-06-14-at-19.34.42-280x187.jpeg 280w, https:\/\/ffcv.es\/wp\/wp-content\/uploads\/2021\/06\/WhatsApp-Image-2021-06-14-at-19.34.42-1170x780.jpeg 1170w, https:\/\/ffcv.es\/wp\/wp-content\/uploads\/2021\/06\/WhatsApp-Image-2021-06-14-at-19.34.42.jpeg 1600w\" data-sizes=\"(max-width: 1024px) 100vw, 1024px\" src=\"data:image\/gif;base64,R0lGODlhAQABAAAAACH5BAEKAAEALAAAAAABAAEAAAICTAEAOw==\" style=\"--smush-placeholder-width: 1024px; --smush-placeholder-aspect-ratio: 1024\/682;\" \/><noscript><img loading=\"lazy\" decoding=\"async\" width=\"1024\" height=\"682\" src=\"https:\/\/ffcv.es\/wp\/wp-content\/uploads\/2021\/06\/WhatsApp-Image-2021-06-14-at-19.34.42-1024x682.jpeg\" alt=\"\" class=\"wp-image-61776\" srcset=\"https:\/\/ffcv.es\/wp\/wp-content\/uploads\/2021\/06\/WhatsApp-Image-2021-06-14-at-19.34.42-1024x682.jpeg 1024w, https:\/\/ffcv.es\/wp\/wp-content\/uploads\/2021\/06\/WhatsApp-Image-2021-06-14-at-19.34.42-300x200.jpeg 300w, https:\/\/ffcv.es\/wp\/wp-content\/uploads\/2021\/06\/WhatsApp-Image-2021-06-14-at-19.34.42-768x512.jpeg 768w, https:\/\/ffcv.es\/wp\/wp-content\/uploads\/2021\/06\/WhatsApp-Image-2021-06-14-at-19.34.42-1536x1023.jpeg 1536w, https:\/\/ffcv.es\/wp\/wp-content\/uploads\/2021\/06\/WhatsApp-Image-2021-06-14-at-19.34.42-280x187.jpeg 280w, https:\/\/ffcv.es\/wp\/wp-content\/uploads\/2021\/06\/WhatsApp-Image-2021-06-14-at-19.34.42-1170x780.jpeg 1170w, https:\/\/ffcv.es\/wp\/wp-content\/uploads\/2021\/06\/WhatsApp-Image-2021-06-14-at-19.34.42.jpeg 1600w\" sizes=\"(max-width: 1024px) 100vw, 1024px\" \/><\/noscript><figcaption>Javi Torregrosa, Jos\u00e9 Franco y Gonzalo Navarro junto a Salva Gomar antes del acto<\/figcaption><\/figure>\n\n\n\n<figure class=\"wp-block-embed is-type-rich is-provider-twitter wp-block-embed-twitter\"><div class=\"wp-block-embed__wrapper\">\n<blockquote class=\"twitter-tweet\" data-width=\"500\" data-dnt=\"true\"><p lang=\"ca\" dir=\"ltr\">| PLAYOFFS 2021 |<br><br>\ud83c\udfa5 <a href=\"https:\/\/twitter.com\/Xativa?ref_src=twsrc%5Etfw\">@Xativa<\/a> va acollir el sorteig de semifinals per l&#39;ascens de <a href=\"https:\/\/twitter.com\/hashtag\/Preferent?src=hash&amp;ref_src=twsrc%5Etfw\">#Preferent<\/a> a <a href=\"https:\/\/twitter.com\/hashtag\/TerceraRFEF?src=hash&amp;ref_src=twsrc%5Etfw\">#TerceraRFEF<\/a><br><br>\ud83d\ude4b\ud83c\udffb\u200d\u2642\ufe0f Nacho Reig, tinent d&#39;alcalde <br>\ud83d\ude4b\ud83c\udffb\u200d\u2642\ufe0f <a href=\"https:\/\/twitter.com\/Salvador_Gomar?ref_src=twsrc%5Etfw\">@Salvador_Gomar<\/a>, president FFCV<br><br>\ud83d\udcce <a href=\"https:\/\/t.co\/qNYFyRyYPp\">https:\/\/t.co\/qNYFyRyYPp<\/a><a href=\"https:\/\/twitter.com\/hashtag\/X%C3%A0tiva2021?src=hash&amp;ref_src=twsrc%5Etfw\">#X\u00e0tiva2021<\/a> <a href=\"https:\/\/twitter.com\/hashtag\/SomFutbol?src=hash&amp;ref_src=twsrc%5Etfw\">#SomFutbol<\/a> <a href=\"https:\/\/t.co\/vHCWCyuuMl\">pic.twitter.com\/vHCWCyuuMl<\/a><\/p>&mdash; FFCV (@FFCV_info) <a href=\"https:\/\/twitter.com\/FFCV_info\/status\/1404704901964390400?ref_src=twsrc%5Etfw\">June 15, 2021<\/a><\/blockquote><script async src=\"https:\/\/platform.twitter.com\/widgets.js\" charset=\"utf-8\"><\/script>\n<\/div><\/figure>\n","protected":false},"excerpt":{"rendered":"<p>Ya est\u00e1n definidas las semifinales y el cuadro de enfrentamientos de los playoffs de Preferent para ascender a Tercera RFEF. En un sorteo celebrado en X\u00e0tiva, sede de las finales, se han determinado los enfrentamientos con la presencia de representantes de los 12 equipos clasificados. UE L&#8217;Alc\u00fadia \ud83c\udd9a Callosa Deportiva Ribarroja CF \ud83c\udd9a UD Castellonense<\/p>\n","protected":false},"author":15,"featured_media":61775,"comment_status":"closed","ping_status":"closed","sticky":false,"template":"","format":"standard","meta":{"om_disable_all_campaigns":false,"footnotes":""},"categories":[5568,1282],"tags":[251,5572],"class_list":["post-61724","post","type-post","status-publish","format-standard","has-post-thumbnail","hentry","category-noticias-playoff","category-portada","tag-preferente","tag-xativa-2021"],"aioseo_notices":[],"_links":{"self":[{"href":"https:\/\/ffcv.es\/wp\/wp-json\/wp\/v2\/posts\/61724"}],"collection":[{"href":"https:\/\/ffcv.es\/wp\/wp-json\/wp\/v2\/posts"}],"about":[{"href":"https:\/\/ffcv.es\/wp\/wp-json\/wp\/v2\/types\/post"}],"author":[{"embeddable":true,"href":"https:\/\/ffcv.es\/wp\/wp-json\/wp\/v2\/users\/15"}],"replies":[{"embeddable":true,"href":"https:\/\/ffcv.es\/wp\/wp-json\/wp\/v2\/comments?post=61724"}],"version-history":[{"count":5,"href":"https:\/\/ffcv.es\/wp\/wp-json\/wp\/v2\/posts\/61724\/revisions"}],"predecessor-version":[{"id":61821,"href":"https:\/\/ffcv.es\/wp\/wp-json\/wp\/v2\/posts\/61724\/revisions\/61821"}],"wp:featuredmedia":[{"embeddable":true,"href":"https:\/\/ffcv.es\/wp\/wp-json\/wp\/v2\/media\/61775"}],"wp:attachment":[{"href":"https:\/\/ffcv.es\/wp\/wp-json\/wp\/v2\/media?parent=61724"}],"wp:term":[{"taxonomy":"category","embeddable":true,"href":"https:\/\/ffcv.es\/wp\/wp-json\/wp\/v2\/categories?post=61724"},{"taxonomy":"post_tag","embeddable":true,"href":"https:\/\/ffcv.es\/wp\/wp-json\/wp\/v2\/tags?post=61724"}],"curies":[{"name":"wp","href":"https:\/\/api.w.org\/{rel}","templated":true}]}}