{"id":61552,"date":"2021-06-08T11:28:29","date_gmt":"2021-06-08T09:28:29","guid":{"rendered":"https:\/\/ffcv.es\/wp\/?p=61552"},"modified":"2021-06-08T11:28:34","modified_gmt":"2021-06-08T09:28:34","slug":"futsal-elx-fase-final-ascenso-primera-femenina","status":"publish","type":"post","link":"https:\/\/ffcv.es\/wp\/blog\/2021\/06\/futsal-elx-fase-final-ascenso-primera-femenina\/","title":{"rendered":"| FUTSAL | Elx acoger\u00e1 la Fase Final de ascenso a Primera Divisi\u00f3n femenina"},"content":{"rendered":"\n<p>El <strong>Joventut d&#8217;Elx<\/strong> ser\u00e1 el anfitri\u00f3n y organizador de la Fase Final de ascenso a la m\u00e1xima categor\u00eda del f\u00fatbol sala femenino nacional.<\/p>\n\n\n\n<figure class=\"wp-block-image size-large\"><img loading=\"lazy\" decoding=\"async\" width=\"1024\" height=\"503\" data-src=\"https:\/\/ffcv.es\/wp\/wp-content\/uploads\/2021\/06\/Captura-de-pantalla-2021-06-07-a-las-11.07.05-1-1024x503.png\" alt=\"\" class=\"wp-image-61555 lazyload\" data-srcset=\"https:\/\/ffcv.es\/wp\/wp-content\/uploads\/2021\/06\/Captura-de-pantalla-2021-06-07-a-las-11.07.05-1-1024x503.png 1024w, https:\/\/ffcv.es\/wp\/wp-content\/uploads\/2021\/06\/Captura-de-pantalla-2021-06-07-a-las-11.07.05-1-300x147.png 300w, https:\/\/ffcv.es\/wp\/wp-content\/uploads\/2021\/06\/Captura-de-pantalla-2021-06-07-a-las-11.07.05-1-768x377.png 768w, https:\/\/ffcv.es\/wp\/wp-content\/uploads\/2021\/06\/Captura-de-pantalla-2021-06-07-a-las-11.07.05-1-1536x754.png 1536w, https:\/\/ffcv.es\/wp\/wp-content\/uploads\/2021\/06\/Captura-de-pantalla-2021-06-07-a-las-11.07.05-1-280x138.png 280w, https:\/\/ffcv.es\/wp\/wp-content\/uploads\/2021\/06\/Captura-de-pantalla-2021-06-07-a-las-11.07.05-1-1170x575.png 1170w, https:\/\/ffcv.es\/wp\/wp-content\/uploads\/2021\/06\/Captura-de-pantalla-2021-06-07-a-las-11.07.05-1.png 1920w\" data-sizes=\"(max-width: 1024px) 100vw, 1024px\" src=\"data:image\/gif;base64,R0lGODlhAQABAAAAACH5BAEKAAEALAAAAAABAAEAAAICTAEAOw==\" style=\"--smush-placeholder-width: 1024px; --smush-placeholder-aspect-ratio: 1024\/503;\" \/><noscript><img loading=\"lazy\" decoding=\"async\" width=\"1024\" height=\"503\" src=\"https:\/\/ffcv.es\/wp\/wp-content\/uploads\/2021\/06\/Captura-de-pantalla-2021-06-07-a-las-11.07.05-1-1024x503.png\" alt=\"\" class=\"wp-image-61555\" srcset=\"https:\/\/ffcv.es\/wp\/wp-content\/uploads\/2021\/06\/Captura-de-pantalla-2021-06-07-a-las-11.07.05-1-1024x503.png 1024w, https:\/\/ffcv.es\/wp\/wp-content\/uploads\/2021\/06\/Captura-de-pantalla-2021-06-07-a-las-11.07.05-1-300x147.png 300w, https:\/\/ffcv.es\/wp\/wp-content\/uploads\/2021\/06\/Captura-de-pantalla-2021-06-07-a-las-11.07.05-1-768x377.png 768w, https:\/\/ffcv.es\/wp\/wp-content\/uploads\/2021\/06\/Captura-de-pantalla-2021-06-07-a-las-11.07.05-1-1536x754.png 1536w, https:\/\/ffcv.es\/wp\/wp-content\/uploads\/2021\/06\/Captura-de-pantalla-2021-06-07-a-las-11.07.05-1-280x138.png 280w, https:\/\/ffcv.es\/wp\/wp-content\/uploads\/2021\/06\/Captura-de-pantalla-2021-06-07-a-las-11.07.05-1-1170x575.png 1170w, https:\/\/ffcv.es\/wp\/wp-content\/uploads\/2021\/06\/Captura-de-pantalla-2021-06-07-a-las-11.07.05-1.png 1920w\" sizes=\"(max-width: 1024px) 100vw, 1024px\" \/><\/noscript><\/figure>\n\n\n\n<p>El <strong>Pabell\u00f3n &#8216;Esperanza Lag&#8217; <\/strong>acoger\u00e1 los encuentros de la Fase Final por el ascenso a Primera femenina, con lo que el <strong>Joventut d&#8217;Elx <\/strong>tendr\u00e1 la oportunidad de promocionar ante su p\u00fablico.<\/p>\n\n\n\n<p>Tras <a href=\"https:\/\/ffcv.es\/wp\/blog\/2021\/06\/07\/joventut-elx-a-40-minutos-elite-futbol-sala-femenino-nacional\/\">imponerse de manera contundente<\/a> (6-0) a <strong>La Concordia<\/strong> el pasado s\u00e1bado, las de <strong>Antonio Ord\u00f3\u00f1ez<\/strong> tienen ante s\u00ed la enorme oportunidad de cerrar la campa\u00f1a con el broche de oro del ascenso. Y, adem\u00e1s, de hacerlo ante su afici\u00f3n en la semana en que el club ha alcanzado su noveno aniversario.<\/p>\n\n\n\n<div class=\"wp-block-image\"><figure class=\"aligncenter size-large\"><img loading=\"lazy\" decoding=\"async\" width=\"677\" height=\"406\" data-src=\"https:\/\/ffcv.es\/wp\/wp-content\/uploads\/2021\/06\/00100_0000024352_1_MAR_N.jpg\" alt=\"\" class=\"wp-image-61556 lazyload\" data-srcset=\"https:\/\/ffcv.es\/wp\/wp-content\/uploads\/2021\/06\/00100_0000024352_1_MAR_N.jpg 677w, https:\/\/ffcv.es\/wp\/wp-content\/uploads\/2021\/06\/00100_0000024352_1_MAR_N-300x180.jpg 300w, https:\/\/ffcv.es\/wp\/wp-content\/uploads\/2021\/06\/00100_0000024352_1_MAR_N-280x168.jpg 280w\" data-sizes=\"(max-width: 677px) 100vw, 677px\" src=\"data:image\/gif;base64,R0lGODlhAQABAAAAACH5BAEKAAEALAAAAAABAAEAAAICTAEAOw==\" style=\"--smush-placeholder-width: 677px; --smush-placeholder-aspect-ratio: 677\/406;\" \/><noscript><img loading=\"lazy\" decoding=\"async\" width=\"677\" height=\"406\" src=\"https:\/\/ffcv.es\/wp\/wp-content\/uploads\/2021\/06\/00100_0000024352_1_MAR_N.jpg\" alt=\"\" class=\"wp-image-61556\" srcset=\"https:\/\/ffcv.es\/wp\/wp-content\/uploads\/2021\/06\/00100_0000024352_1_MAR_N.jpg 677w, https:\/\/ffcv.es\/wp\/wp-content\/uploads\/2021\/06\/00100_0000024352_1_MAR_N-300x180.jpg 300w, https:\/\/ffcv.es\/wp\/wp-content\/uploads\/2021\/06\/00100_0000024352_1_MAR_N-280x168.jpg 280w\" sizes=\"(max-width: 677px) 100vw, 677px\" \/><\/noscript><figcaption>Mar\u00edn Futsal, rival del Joventut d&#8217;Elx por el ascenso a Primera Divisi\u00f3n.<\/figcaption><\/figure><\/div>\n\n\n\n<p>Las ilicitanas se medir\u00e1n en el choque por el ascenso directo al&nbsp;<strong>Mar\u00edn Futsal<\/strong>, que tambi\u00e9n resolvi\u00f3 con una victoria (4-9) su compromiso ante el&nbsp;<strong>Valdetires<\/strong>, acabando de este modo l\u00edderes de su grupo, igual que el <strong>Joventut<\/strong>.<\/p>\n","protected":false},"excerpt":{"rendered":"<p>El Joventut d&#8217;Elx ser\u00e1 el anfitri\u00f3n y organizador de la Fase Final de ascenso a la m\u00e1xima categor\u00eda del f\u00fatbol sala femenino nacional. El Pabell\u00f3n &#8216;Esperanza Lag&#8217; acoger\u00e1 los encuentros de la Fase Final por el ascenso a Primera femenina, con lo que el Joventut d&#8217;Elx tendr\u00e1 la oportunidad de promocionar ante su p\u00fablico. Tras<\/p>\n","protected":false},"author":5,"featured_media":61554,"comment_status":"closed","ping_status":"closed","sticky":false,"template":"","format":"standard","meta":{"om_disable_all_campaigns":false,"footnotes":""},"categories":[16,69,4],"tags":[690,230,240,5530,319,1124],"class_list":["post-61552","post","type-post","status-publish","format-standard","has-post-thumbnail","hentry","category-actualidad","category-noticias-ffcv","category-noticias-futbol-sala","tag-competiciones-de-futbol-sala","tag-ctfs","tag-fase-de-ascenso","tag-joventut-delx","tag-primera-division","tag-valenta"],"aioseo_notices":[],"_links":{"self":[{"href":"https:\/\/ffcv.es\/wp\/wp-json\/wp\/v2\/posts\/61552"}],"collection":[{"href":"https:\/\/ffcv.es\/wp\/wp-json\/wp\/v2\/posts"}],"about":[{"href":"https:\/\/ffcv.es\/wp\/wp-json\/wp\/v2\/types\/post"}],"author":[{"embeddable":true,"href":"https:\/\/ffcv.es\/wp\/wp-json\/wp\/v2\/users\/5"}],"replies":[{"embeddable":true,"href":"https:\/\/ffcv.es\/wp\/wp-json\/wp\/v2\/comments?post=61552"}],"version-history":[{"count":2,"href":"https:\/\/ffcv.es\/wp\/wp-json\/wp\/v2\/posts\/61552\/revisions"}],"predecessor-version":[{"id":61559,"href":"https:\/\/ffcv.es\/wp\/wp-json\/wp\/v2\/posts\/61552\/revisions\/61559"}],"wp:featuredmedia":[{"embeddable":true,"href":"https:\/\/ffcv.es\/wp\/wp-json\/wp\/v2\/media\/61554"}],"wp:attachment":[{"href":"https:\/\/ffcv.es\/wp\/wp-json\/wp\/v2\/media?parent=61552"}],"wp:term":[{"taxonomy":"category","embeddable":true,"href":"https:\/\/ffcv.es\/wp\/wp-json\/wp\/v2\/categories?post=61552"},{"taxonomy":"post_tag","embeddable":true,"href":"https:\/\/ffcv.es\/wp\/wp-json\/wp\/v2\/tags?post=61552"}],"curies":[{"name":"wp","href":"https:\/\/api.w.org\/{rel}","templated":true}]}}