{"id":61398,"date":"2021-06-11T13:24:37","date_gmt":"2021-06-11T11:24:37","guid":{"rendered":"https:\/\/ffcv.es\/wp\/?p=61398"},"modified":"2021-06-11T13:24:59","modified_gmt":"2021-06-11T11:24:59","slug":"lito-play-off-autonomico-futbol-sala-infantil","status":"publish","type":"post","link":"https:\/\/ffcv.es\/wp\/blog\/2021\/06\/lito-play-off-autonomico-futbol-sala-infantil\/","title":{"rendered":"Listo el playoff auton\u00f3mico de f\u00fatbol sala en categor\u00eda Infantil"},"content":{"rendered":"\n<p>Cuatro equipos de la <strong>Comunitat <\/strong>luchar\u00e1n este fin de semana en <strong>Carcaixent <\/strong>por el t\u00edtulo de Campe\u00f3n Auton\u00f3mico Infantil de f\u00fatbol sala.<\/p>\n\n\n\n<p>Dos duelos de altura marcar\u00e1n la tarde del s\u00e1bado 12 de junio. <strong>Club Atl\u00e9tico Morvedre-Inter Montesa<\/strong> y <strong>Ntra. Sra. del Pilar &#8216;A&#8217;-Pinoso Athletic <\/strong>ser\u00e1n las semifinales a partido \u00fanico en categor\u00eda infantil del f\u00fatbol sala valenciano.<\/p>\n\n\n\n<p>La pista del <strong>Pabell\u00f3n Cubierto FEVE<\/strong> de la localidad de <strong>Carcaixent <\/strong>acoger\u00e1 el desarrollo \u00edntegro de este Play-off los d\u00edas 12 y 13 de junio de 2021. siendo las semifinales el d\u00eda 12 a las 9:45 y 11:45 horas y la Final el d\u00eda 13 a las 11:45. <\/p>\n\n\n\n<p>Todos los detalles acerca de esta competici\u00f3n se han fijado en la <a href=\"https:\/\/ffcv.es\/wp\/blog\/2021\/06\/02\/circular-45-play-off-autonomico-infantil-futbol-sala\/\">Circular 45<\/a> de esta <strong>FFCV<\/strong>.<\/p>\n\n\n\n<p>Todos los encuentros del playoff ser\u00e1n abiertos al p\u00fablico, siempre respetando los protocolos y aforos marcados por la Administraci\u00f3n auton\u00f3mica en las medidas antiCOVID-19.<\/p>\n","protected":false},"excerpt":{"rendered":"<p>Cuatro equipos de la Comunitat luchar\u00e1n este fin de semana en Carcaixent por el t\u00edtulo de Campe\u00f3n Auton\u00f3mico Infantil de f\u00fatbol sala. Dos duelos de altura marcar\u00e1n la tarde del s\u00e1bado 12 de junio. Club Atl\u00e9tico Morvedre-Inter Montesa y Ntra. Sra. del Pilar &#8216;A&#8217;-Pinoso Athletic ser\u00e1n las semifinales a partido \u00fanico en categor\u00eda infantil del<\/p>\n","protected":false},"author":5,"featured_media":61425,"comment_status":"closed","ping_status":"closed","sticky":false,"template":"","format":"standard","meta":{"om_disable_all_campaigns":false,"footnotes":""},"categories":[16,69,4],"tags":[1537,690,230,497,116,223],"class_list":["post-61398","post","type-post","status-publish","format-standard","has-post-thumbnail","hentry","category-actualidad","category-noticias-ffcv","category-noticias-futbol-sala","tag-carcaixent","tag-competiciones-de-futbol-sala","tag-ctfs","tag-final-autonomica","tag-infantil","tag-play-off"],"aioseo_notices":[],"_links":{"self":[{"href":"https:\/\/ffcv.es\/wp\/wp-json\/wp\/v2\/posts\/61398"}],"collection":[{"href":"https:\/\/ffcv.es\/wp\/wp-json\/wp\/v2\/posts"}],"about":[{"href":"https:\/\/ffcv.es\/wp\/wp-json\/wp\/v2\/types\/post"}],"author":[{"embeddable":true,"href":"https:\/\/ffcv.es\/wp\/wp-json\/wp\/v2\/users\/5"}],"replies":[{"embeddable":true,"href":"https:\/\/ffcv.es\/wp\/wp-json\/wp\/v2\/comments?post=61398"}],"version-history":[{"count":4,"href":"https:\/\/ffcv.es\/wp\/wp-json\/wp\/v2\/posts\/61398\/revisions"}],"predecessor-version":[{"id":61693,"href":"https:\/\/ffcv.es\/wp\/wp-json\/wp\/v2\/posts\/61398\/revisions\/61693"}],"wp:featuredmedia":[{"embeddable":true,"href":"https:\/\/ffcv.es\/wp\/wp-json\/wp\/v2\/media\/61425"}],"wp:attachment":[{"href":"https:\/\/ffcv.es\/wp\/wp-json\/wp\/v2\/media?parent=61398"}],"wp:term":[{"taxonomy":"category","embeddable":true,"href":"https:\/\/ffcv.es\/wp\/wp-json\/wp\/v2\/categories?post=61398"},{"taxonomy":"post_tag","embeddable":true,"href":"https:\/\/ffcv.es\/wp\/wp-json\/wp\/v2\/tags?post=61398"}],"curies":[{"name":"wp","href":"https:\/\/api.w.org\/{rel}","templated":true}]}}