{"id":60049,"date":"2021-05-11T10:35:30","date_gmt":"2021-05-11T08:35:30","guid":{"rendered":"https:\/\/ffcv.es\/wp\/?p=60049"},"modified":"2021-05-11T10:35:32","modified_gmt":"2021-05-11T08:35:32","slug":"convocatoria-seleccio-valenta-sub17","status":"publish","type":"post","link":"https:\/\/ffcv.es\/wp\/va\/blog\/2021\/05\/convocatoria-seleccio-valenta-sub17\/","title":{"rendered":"CONVOCAT\u00d2RIA: Pr\u00f2xim entrenament de la Selecci\u00f3 Valenciana Valenta sub17 de futbol"},"content":{"rendered":"\n<p><strong>Santi Triguero <\/strong>ha convocat a 29 jugadores de clubs de la prov\u00edncia de <strong>Val\u00e8ncia <\/strong>per al pr\u00f2xim entrenament de la <strong>Selecci\u00f3 Valenciana Valenta sub17 <\/strong>de futbol.<\/p>\n\n\n\n<p>El <strong>Camp Miguel Monle\u00f3n<\/strong> de <strong>Picassent <\/strong>ser\u00e0 l&#8217;escenari d&#8217;aquesta sessi\u00f3 de treball que se celebrar\u00e0 el dijous 13 de maig a les 18.45.<\/p>\n\n\n\n<p>La setmana passada, aquest combinat auton\u00f2mic va disputar un amist\u00f3s provincial a <strong>Calp <\/strong>(<strong>Alacant<\/strong>). Pr\u00f2ximament, el 27 de maig, se celebrar\u00e0 un entrenament a la prov\u00edncia de <strong>Castell\u00f3<\/strong>.<\/p>\n\n\n\n<p><a href=\"https:\/\/ffcv.es\/wp\/wp-content\/uploads\/2021\/05\/CONV.-SUB-17-FEM.-PICASSENT.pdf\">CONVOCAT\u00d2RIA SELECCI\u00d3 VALENCIANA VALENTA SUB17<\/a><\/p>\n\n\n\n<figure class=\"wp-block-image size-large\"><img loading=\"lazy\" decoding=\"async\" width=\"1024\" height=\"1024\" data-src=\"https:\/\/ffcv.es\/wp\/wp-content\/uploads\/2021\/05\/sub17_IG-1024x1024-1-1024x1024.jpg\" alt=\"\" class=\"wp-image-60050 lazyload\" data-srcset=\"https:\/\/ffcv.es\/wp\/wp-content\/uploads\/2021\/05\/sub17_IG-1024x1024-1.jpg 1024w, https:\/\/ffcv.es\/wp\/wp-content\/uploads\/2021\/05\/sub17_IG-1024x1024-1-300x300.jpg 300w, https:\/\/ffcv.es\/wp\/wp-content\/uploads\/2021\/05\/sub17_IG-1024x1024-1-150x150.jpg 150w, https:\/\/ffcv.es\/wp\/wp-content\/uploads\/2021\/05\/sub17_IG-1024x1024-1-768x768.jpg 768w, https:\/\/ffcv.es\/wp\/wp-content\/uploads\/2021\/05\/sub17_IG-1024x1024-1-187x187.jpg 187w\" data-sizes=\"(max-width: 1024px) 100vw, 1024px\" src=\"data:image\/gif;base64,R0lGODlhAQABAAAAACH5BAEKAAEALAAAAAABAAEAAAICTAEAOw==\" style=\"--smush-placeholder-width: 1024px; --smush-placeholder-aspect-ratio: 1024\/1024;\" \/><noscript><img loading=\"lazy\" decoding=\"async\" width=\"1024\" height=\"1024\" src=\"https:\/\/ffcv.es\/wp\/wp-content\/uploads\/2021\/05\/sub17_IG-1024x1024-1-1024x1024.jpg\" alt=\"\" class=\"wp-image-60050\" srcset=\"https:\/\/ffcv.es\/wp\/wp-content\/uploads\/2021\/05\/sub17_IG-1024x1024-1.jpg 1024w, https:\/\/ffcv.es\/wp\/wp-content\/uploads\/2021\/05\/sub17_IG-1024x1024-1-300x300.jpg 300w, https:\/\/ffcv.es\/wp\/wp-content\/uploads\/2021\/05\/sub17_IG-1024x1024-1-150x150.jpg 150w, https:\/\/ffcv.es\/wp\/wp-content\/uploads\/2021\/05\/sub17_IG-1024x1024-1-768x768.jpg 768w, https:\/\/ffcv.es\/wp\/wp-content\/uploads\/2021\/05\/sub17_IG-1024x1024-1-187x187.jpg 187w\" sizes=\"(max-width: 1024px) 100vw, 1024px\" \/><\/noscript><\/figure>\n","protected":false},"excerpt":{"rendered":"<p>Santi Triguero ha convocat a 29 jugadores de clubs de la prov\u00edncia de Val\u00e8ncia per al pr\u00f2xim entrenament de la Selecci\u00f3 Valenciana Valenta sub17 de futbol. El Camp Miguel Monle\u00f3n de Picassent ser\u00e0 l&#8217;escenari d&#8217;aquesta sessi\u00f3 de treball que se celebrar\u00e0 el dijous 13 de maig a les 18.45. La setmana passada, aquest combinat auton\u00f2mic<\/p>\n","protected":false},"author":5,"featured_media":60012,"comment_status":"closed","ping_status":"closed","sticky":false,"template":"","format":"standard","meta":{"om_disable_all_campaigns":false,"footnotes":""},"categories":[3323,1684,4863,3343],"tags":[3341],"class_list":["post-60049","post","type-post","status-publish","format-standard","has-post-thumbnail","hentry","category-noticies","category-noticies-ffcv","category-noticies-seleccio-valenciana-valenta-sub17","category-noticies-valenta","tag-valenta-va"],"aioseo_notices":[],"_links":{"self":[{"href":"https:\/\/ffcv.es\/wp\/wp-json\/wp\/v2\/posts\/60049"}],"collection":[{"href":"https:\/\/ffcv.es\/wp\/wp-json\/wp\/v2\/posts"}],"about":[{"href":"https:\/\/ffcv.es\/wp\/wp-json\/wp\/v2\/types\/post"}],"author":[{"embeddable":true,"href":"https:\/\/ffcv.es\/wp\/wp-json\/wp\/v2\/users\/5"}],"replies":[{"embeddable":true,"href":"https:\/\/ffcv.es\/wp\/wp-json\/wp\/v2\/comments?post=60049"}],"version-history":[{"count":1,"href":"https:\/\/ffcv.es\/wp\/wp-json\/wp\/v2\/posts\/60049\/revisions"}],"predecessor-version":[{"id":60051,"href":"https:\/\/ffcv.es\/wp\/wp-json\/wp\/v2\/posts\/60049\/revisions\/60051"}],"wp:featuredmedia":[{"embeddable":true,"href":"https:\/\/ffcv.es\/wp\/wp-json\/wp\/v2\/media\/60012"}],"wp:attachment":[{"href":"https:\/\/ffcv.es\/wp\/wp-json\/wp\/v2\/media?parent=60049"}],"wp:term":[{"taxonomy":"category","embeddable":true,"href":"https:\/\/ffcv.es\/wp\/wp-json\/wp\/v2\/categories?post=60049"},{"taxonomy":"post_tag","embeddable":true,"href":"https:\/\/ffcv.es\/wp\/wp-json\/wp\/v2\/tags?post=60049"}],"curies":[{"name":"wp","href":"https:\/\/api.w.org\/{rel}","templated":true}]}}