{"id":59815,"date":"2021-05-06T13:43:53","date_gmt":"2021-05-06T11:43:53","guid":{"rendered":"https:\/\/ffcv.es\/wp\/?p=59815"},"modified":"2021-05-06T16:21:41","modified_gmt":"2021-05-06T14:21:41","slug":"tono-mateu-y-juan-m-munuera-dirigen-los-partidos-clave-para-decidir-el-campeon-de-primera-division","status":"publish","type":"post","link":"https:\/\/ffcv.es\/wp\/blog\/2021\/05\/tono-mateu-y-juan-m-munuera-dirigen-los-partidos-clave-para-decidir-el-campeon-de-primera-division\/","title":{"rendered":"To\u00f1o Mateu y Juan M. Munuera dirigen los partidos clave para decidir el campe\u00f3n de Primera Divisi\u00f3n"},"content":{"rendered":"\n<p>Los colegiados internacionales del Comit\u00e9 valenciano <strong>To\u00f1o Mateu<\/strong> y <strong>Juan M. Munuera<\/strong> dirigir\u00e1n la pr\u00f3xima jornada los dos partidos clave para decidir el campe\u00f3n de la <strong>Primera Divisi\u00f3n<\/strong>.<\/p>\n\n\n\n<p>El <strong>Comit\u00e9 T\u00e9cnico de \u00c1rbitros <\/strong>de la <strong>Real Federaci\u00f3n Espa\u00f1ola de F\u00fatbol <\/strong>ha hecho p\u00fablicas las<a href=\"https:\/\/www.rfef.es\/noticias\/designaciones-estos-son-arbitros-jornada-35-primera-division-y-jornada-38-segunda-division\" target=\"_blank\" rel=\"noreferrer noopener\"> designaciones para la jornada 35 <\/a>en Primera con Mateu y Munuera como protagonistas.<\/p>\n\n\n\n<p>El <strong>FC Barcelona-Atl\u00e9tico de Madrid <\/strong>ser\u00e1 dirigid\u00f3 por <strong>To\u00f1o Mateu<\/strong> y el <strong>Real Madrid-Sevilla FC <\/strong>por <strong>Juan M. Munuera<\/strong>.<\/p>\n\n\n\n<figure class=\"wp-block-image size-large\"><img loading=\"lazy\" decoding=\"async\" width=\"1024\" height=\"682\" data-src=\"https:\/\/ffcv.es\/wp\/wp-content\/uploads\/2021\/05\/WhatsApp-Image-2021-04-18-at-16.37.56-1-1024x682.jpeg\" alt=\"\" class=\"wp-image-59820 lazyload\" data-srcset=\"https:\/\/ffcv.es\/wp\/wp-content\/uploads\/2021\/05\/WhatsApp-Image-2021-04-18-at-16.37.56-1-1024x682.jpeg 1024w, https:\/\/ffcv.es\/wp\/wp-content\/uploads\/2021\/05\/WhatsApp-Image-2021-04-18-at-16.37.56-1-300x200.jpeg 300w, https:\/\/ffcv.es\/wp\/wp-content\/uploads\/2021\/05\/WhatsApp-Image-2021-04-18-at-16.37.56-1-768x512.jpeg 768w, https:\/\/ffcv.es\/wp\/wp-content\/uploads\/2021\/05\/WhatsApp-Image-2021-04-18-at-16.37.56-1-1536x1023.jpeg 1536w, https:\/\/ffcv.es\/wp\/wp-content\/uploads\/2021\/05\/WhatsApp-Image-2021-04-18-at-16.37.56-1-280x187.jpeg 280w, https:\/\/ffcv.es\/wp\/wp-content\/uploads\/2021\/05\/WhatsApp-Image-2021-04-18-at-16.37.56-1-1170x780.jpeg 1170w, https:\/\/ffcv.es\/wp\/wp-content\/uploads\/2021\/05\/WhatsApp-Image-2021-04-18-at-16.37.56-1.jpeg 1600w\" data-sizes=\"(max-width: 1024px) 100vw, 1024px\" src=\"data:image\/gif;base64,R0lGODlhAQABAAAAACH5BAEKAAEALAAAAAABAAEAAAICTAEAOw==\" style=\"--smush-placeholder-width: 1024px; --smush-placeholder-aspect-ratio: 1024\/682;\" \/><noscript><img loading=\"lazy\" decoding=\"async\" width=\"1024\" height=\"682\" src=\"https:\/\/ffcv.es\/wp\/wp-content\/uploads\/2021\/05\/WhatsApp-Image-2021-04-18-at-16.37.56-1-1024x682.jpeg\" alt=\"\" class=\"wp-image-59820\" srcset=\"https:\/\/ffcv.es\/wp\/wp-content\/uploads\/2021\/05\/WhatsApp-Image-2021-04-18-at-16.37.56-1-1024x682.jpeg 1024w, https:\/\/ffcv.es\/wp\/wp-content\/uploads\/2021\/05\/WhatsApp-Image-2021-04-18-at-16.37.56-1-300x200.jpeg 300w, https:\/\/ffcv.es\/wp\/wp-content\/uploads\/2021\/05\/WhatsApp-Image-2021-04-18-at-16.37.56-1-768x512.jpeg 768w, https:\/\/ffcv.es\/wp\/wp-content\/uploads\/2021\/05\/WhatsApp-Image-2021-04-18-at-16.37.56-1-1536x1023.jpeg 1536w, https:\/\/ffcv.es\/wp\/wp-content\/uploads\/2021\/05\/WhatsApp-Image-2021-04-18-at-16.37.56-1-280x187.jpeg 280w, https:\/\/ffcv.es\/wp\/wp-content\/uploads\/2021\/05\/WhatsApp-Image-2021-04-18-at-16.37.56-1-1170x780.jpeg 1170w, https:\/\/ffcv.es\/wp\/wp-content\/uploads\/2021\/05\/WhatsApp-Image-2021-04-18-at-16.37.56-1.jpeg 1600w\" sizes=\"(max-width: 1024px) 100vw, 1024px\" \/><\/noscript><figcaption>Juan M. Munuera dirigi\u00f3 la final de Copa del Rey el pasado 17 de abril.<\/figcaption><\/figure>\n\n\n\n<p>Ambos duelos son decisivos en la resoluci\u00f3n del t\u00edtulo de <strong>Primera<\/strong> puesto que se enfrentan entre ellos los primeros cuatro clasificados, con opciones todos de ser campe\u00f3n.<\/p>\n\n\n\n<figure class=\"wp-block-image size-large\"><img loading=\"lazy\" decoding=\"async\" width=\"1024\" height=\"649\" data-src=\"https:\/\/ffcv.es\/wp\/wp-content\/uploads\/2021\/05\/E0sXmjIWEAgETxC-1024x649.jpeg\" alt=\"\" class=\"wp-image-59827 lazyload\" data-srcset=\"https:\/\/ffcv.es\/wp\/wp-content\/uploads\/2021\/05\/E0sXmjIWEAgETxC-1024x649.jpeg 1024w, https:\/\/ffcv.es\/wp\/wp-content\/uploads\/2021\/05\/E0sXmjIWEAgETxC-300x190.jpeg 300w, https:\/\/ffcv.es\/wp\/wp-content\/uploads\/2021\/05\/E0sXmjIWEAgETxC-768x486.jpeg 768w, https:\/\/ffcv.es\/wp\/wp-content\/uploads\/2021\/05\/E0sXmjIWEAgETxC-1536x973.jpeg 1536w, https:\/\/ffcv.es\/wp\/wp-content\/uploads\/2021\/05\/E0sXmjIWEAgETxC-2048x1297.jpeg 2048w, https:\/\/ffcv.es\/wp\/wp-content\/uploads\/2021\/05\/E0sXmjIWEAgETxC-280x177.jpeg 280w, https:\/\/ffcv.es\/wp\/wp-content\/uploads\/2021\/05\/E0sXmjIWEAgETxC-1170x741.jpeg 1170w, https:\/\/ffcv.es\/wp\/wp-content\/uploads\/2021\/05\/E0sXmjIWEAgETxC-scaled.jpeg 1705w\" data-sizes=\"(max-width: 1024px) 100vw, 1024px\" src=\"data:image\/gif;base64,R0lGODlhAQABAAAAACH5BAEKAAEALAAAAAABAAEAAAICTAEAOw==\" style=\"--smush-placeholder-width: 1024px; --smush-placeholder-aspect-ratio: 1024\/649;\" \/><noscript><img loading=\"lazy\" decoding=\"async\" width=\"1024\" height=\"649\" src=\"https:\/\/ffcv.es\/wp\/wp-content\/uploads\/2021\/05\/E0sXmjIWEAgETxC-1024x649.jpeg\" alt=\"\" class=\"wp-image-59827\" srcset=\"https:\/\/ffcv.es\/wp\/wp-content\/uploads\/2021\/05\/E0sXmjIWEAgETxC-1024x649.jpeg 1024w, https:\/\/ffcv.es\/wp\/wp-content\/uploads\/2021\/05\/E0sXmjIWEAgETxC-300x190.jpeg 300w, https:\/\/ffcv.es\/wp\/wp-content\/uploads\/2021\/05\/E0sXmjIWEAgETxC-768x486.jpeg 768w, https:\/\/ffcv.es\/wp\/wp-content\/uploads\/2021\/05\/E0sXmjIWEAgETxC-1536x973.jpeg 1536w, https:\/\/ffcv.es\/wp\/wp-content\/uploads\/2021\/05\/E0sXmjIWEAgETxC-2048x1297.jpeg 2048w, https:\/\/ffcv.es\/wp\/wp-content\/uploads\/2021\/05\/E0sXmjIWEAgETxC-280x177.jpeg 280w, https:\/\/ffcv.es\/wp\/wp-content\/uploads\/2021\/05\/E0sXmjIWEAgETxC-1170x741.jpeg 1170w, https:\/\/ffcv.es\/wp\/wp-content\/uploads\/2021\/05\/E0sXmjIWEAgETxC-scaled.jpeg 1705w\" sizes=\"(max-width: 1024px) 100vw, 1024px\" \/><\/noscript><\/figure>\n","protected":false},"excerpt":{"rendered":"<p>Los colegiados internacionales del Comit\u00e9 valenciano To\u00f1o Mateu y Juan M. Munuera dirigir\u00e1n la pr\u00f3xima jornada los dos partidos clave para decidir el campe\u00f3n de la Primera Divisi\u00f3n. El Comit\u00e9 T\u00e9cnico de \u00c1rbitros de la Real Federaci\u00f3n Espa\u00f1ola de F\u00fatbol ha hecho p\u00fablicas las designaciones para la jornada 35 en Primera con Mateu y Munuera<\/p>\n","protected":false},"author":16,"featured_media":59819,"comment_status":"closed","ping_status":"closed","sticky":false,"template":"","format":"standard","meta":{"om_disable_all_campaigns":false,"footnotes":""},"categories":[71,1282],"tags":[3570],"class_list":["post-59815","post","type-post","status-publish","format-standard","has-post-thumbnail","hentry","category-noticias-arbitros-noticias-arbitros","category-portada","tag-tono-mateu"],"aioseo_notices":[],"_links":{"self":[{"href":"https:\/\/ffcv.es\/wp\/wp-json\/wp\/v2\/posts\/59815"}],"collection":[{"href":"https:\/\/ffcv.es\/wp\/wp-json\/wp\/v2\/posts"}],"about":[{"href":"https:\/\/ffcv.es\/wp\/wp-json\/wp\/v2\/types\/post"}],"author":[{"embeddable":true,"href":"https:\/\/ffcv.es\/wp\/wp-json\/wp\/v2\/users\/16"}],"replies":[{"embeddable":true,"href":"https:\/\/ffcv.es\/wp\/wp-json\/wp\/v2\/comments?post=59815"}],"version-history":[{"count":3,"href":"https:\/\/ffcv.es\/wp\/wp-json\/wp\/v2\/posts\/59815\/revisions"}],"predecessor-version":[{"id":59837,"href":"https:\/\/ffcv.es\/wp\/wp-json\/wp\/v2\/posts\/59815\/revisions\/59837"}],"wp:featuredmedia":[{"embeddable":true,"href":"https:\/\/ffcv.es\/wp\/wp-json\/wp\/v2\/media\/59819"}],"wp:attachment":[{"href":"https:\/\/ffcv.es\/wp\/wp-json\/wp\/v2\/media?parent=59815"}],"wp:term":[{"taxonomy":"category","embeddable":true,"href":"https:\/\/ffcv.es\/wp\/wp-json\/wp\/v2\/categories?post=59815"},{"taxonomy":"post_tag","embeddable":true,"href":"https:\/\/ffcv.es\/wp\/wp-json\/wp\/v2\/tags?post=59815"}],"curies":[{"name":"wp","href":"https:\/\/api.w.org\/{rel}","templated":true}]}}