{"id":58168,"date":"2021-04-20T18:16:27","date_gmt":"2021-04-20T16:16:27","guid":{"rendered":"https:\/\/ffcv.es\/wp\/?p=58168"},"modified":"2021-04-21T12:00:48","modified_gmt":"2021-04-21T10:00:48","slug":"grupos-de-primera-alevi-para-la-segunda-fase-de-la-competicion","status":"publish","type":"post","link":"https:\/\/ffcv.es\/wp\/blog\/2021\/04\/grupos-de-primera-alevi-para-la-segunda-fase-de-la-competicion\/","title":{"rendered":"Grupos de Primera Alev\u00ed para la segunda fase de la competici\u00f3n"},"content":{"rendered":"\n<p>La <strong>Federaci\u00f3 de Futbol de la Comunitat Valenciana<\/strong> ha hecho p\u00fablicos los grupos de <strong>Primera Alev\u00ed <\/strong>para la segunda fase de la competici\u00f3n (ascenso, permanencia y copas).<\/p>\n\n\n\n<h4 class=\"wp-block-heading\">Primera Alev\u00ed Alacant Ascens<\/h4>\n\n\n\n<p><a href=\"https:\/\/ffcv.es\/wp\/wp-content\/uploads\/2021\/04\/Calendario-II-Fase-Alicante-Play-off-Provincial.pdf\" target=\"_blank\" rel=\"noreferrer noopener\">CALENDARIO<\/a><\/p>\n\n\n\n<figure class=\"wp-block-image size-large\"><img loading=\"lazy\" decoding=\"async\" width=\"1024\" height=\"576\" data-src=\"https:\/\/ffcv.es\/wp\/wp-content\/uploads\/2021\/04\/ALE_ALA_ASCE-1024x576.jpeg\" alt=\"\" class=\"wp-image-58169 lazyload\" data-srcset=\"https:\/\/ffcv.es\/wp\/wp-content\/uploads\/2021\/04\/ALE_ALA_ASCE-1024x576.jpeg 1024w, https:\/\/ffcv.es\/wp\/wp-content\/uploads\/2021\/04\/ALE_ALA_ASCE-300x169.jpeg 300w, https:\/\/ffcv.es\/wp\/wp-content\/uploads\/2021\/04\/ALE_ALA_ASCE-768x432.jpeg 768w, https:\/\/ffcv.es\/wp\/wp-content\/uploads\/2021\/04\/ALE_ALA_ASCE-1536x864.jpeg 1536w, https:\/\/ffcv.es\/wp\/wp-content\/uploads\/2021\/04\/ALE_ALA_ASCE-280x158.jpeg 280w, https:\/\/ffcv.es\/wp\/wp-content\/uploads\/2021\/04\/ALE_ALA_ASCE-1170x658.jpeg 1170w, https:\/\/ffcv.es\/wp\/wp-content\/uploads\/2021\/04\/ALE_ALA_ASCE.jpeg 1600w\" data-sizes=\"(max-width: 1024px) 100vw, 1024px\" src=\"data:image\/gif;base64,R0lGODlhAQABAAAAACH5BAEKAAEALAAAAAABAAEAAAICTAEAOw==\" style=\"--smush-placeholder-width: 1024px; --smush-placeholder-aspect-ratio: 1024\/576;\" \/><noscript><img loading=\"lazy\" decoding=\"async\" width=\"1024\" height=\"576\" src=\"https:\/\/ffcv.es\/wp\/wp-content\/uploads\/2021\/04\/ALE_ALA_ASCE-1024x576.jpeg\" alt=\"\" class=\"wp-image-58169\" srcset=\"https:\/\/ffcv.es\/wp\/wp-content\/uploads\/2021\/04\/ALE_ALA_ASCE-1024x576.jpeg 1024w, https:\/\/ffcv.es\/wp\/wp-content\/uploads\/2021\/04\/ALE_ALA_ASCE-300x169.jpeg 300w, https:\/\/ffcv.es\/wp\/wp-content\/uploads\/2021\/04\/ALE_ALA_ASCE-768x432.jpeg 768w, https:\/\/ffcv.es\/wp\/wp-content\/uploads\/2021\/04\/ALE_ALA_ASCE-1536x864.jpeg 1536w, https:\/\/ffcv.es\/wp\/wp-content\/uploads\/2021\/04\/ALE_ALA_ASCE-280x158.jpeg 280w, https:\/\/ffcv.es\/wp\/wp-content\/uploads\/2021\/04\/ALE_ALA_ASCE-1170x658.jpeg 1170w, https:\/\/ffcv.es\/wp\/wp-content\/uploads\/2021\/04\/ALE_ALA_ASCE.jpeg 1600w\" sizes=\"(max-width: 1024px) 100vw, 1024px\" \/><\/noscript><\/figure>\n\n\n\n<h4 class=\"wp-block-heading\">Primera Alev\u00ed Alacant Copa #JuguemSegurs 1<\/h4>\n\n\n\n<p><a href=\"https:\/\/ffcv.es\/wp\/wp-content\/uploads\/2021\/04\/Calendario-II-Fase-Alicante-Copa-JuguemSegurs-Grupo-A.pdf\" target=\"_blank\" rel=\"noreferrer noopener\">CALENDARIO<\/a><\/p>\n\n\n\n<figure class=\"wp-block-image size-large\"><img loading=\"lazy\" decoding=\"async\" width=\"1024\" height=\"576\" data-src=\"https:\/\/ffcv.es\/wp\/wp-content\/uploads\/2021\/04\/ALE_ALA_COPA1-1024x576.jpeg\" alt=\"\" class=\"wp-image-58170 lazyload\" data-srcset=\"https:\/\/ffcv.es\/wp\/wp-content\/uploads\/2021\/04\/ALE_ALA_COPA1-1024x576.jpeg 1024w, https:\/\/ffcv.es\/wp\/wp-content\/uploads\/2021\/04\/ALE_ALA_COPA1-300x169.jpeg 300w, https:\/\/ffcv.es\/wp\/wp-content\/uploads\/2021\/04\/ALE_ALA_COPA1-768x432.jpeg 768w, https:\/\/ffcv.es\/wp\/wp-content\/uploads\/2021\/04\/ALE_ALA_COPA1-1536x864.jpeg 1536w, https:\/\/ffcv.es\/wp\/wp-content\/uploads\/2021\/04\/ALE_ALA_COPA1-280x158.jpeg 280w, https:\/\/ffcv.es\/wp\/wp-content\/uploads\/2021\/04\/ALE_ALA_COPA1-1170x658.jpeg 1170w, https:\/\/ffcv.es\/wp\/wp-content\/uploads\/2021\/04\/ALE_ALA_COPA1.jpeg 1600w\" data-sizes=\"(max-width: 1024px) 100vw, 1024px\" src=\"data:image\/gif;base64,R0lGODlhAQABAAAAACH5BAEKAAEALAAAAAABAAEAAAICTAEAOw==\" style=\"--smush-placeholder-width: 1024px; --smush-placeholder-aspect-ratio: 1024\/576;\" \/><noscript><img loading=\"lazy\" decoding=\"async\" width=\"1024\" height=\"576\" src=\"https:\/\/ffcv.es\/wp\/wp-content\/uploads\/2021\/04\/ALE_ALA_COPA1-1024x576.jpeg\" alt=\"\" class=\"wp-image-58170\" srcset=\"https:\/\/ffcv.es\/wp\/wp-content\/uploads\/2021\/04\/ALE_ALA_COPA1-1024x576.jpeg 1024w, https:\/\/ffcv.es\/wp\/wp-content\/uploads\/2021\/04\/ALE_ALA_COPA1-300x169.jpeg 300w, https:\/\/ffcv.es\/wp\/wp-content\/uploads\/2021\/04\/ALE_ALA_COPA1-768x432.jpeg 768w, https:\/\/ffcv.es\/wp\/wp-content\/uploads\/2021\/04\/ALE_ALA_COPA1-1536x864.jpeg 1536w, https:\/\/ffcv.es\/wp\/wp-content\/uploads\/2021\/04\/ALE_ALA_COPA1-280x158.jpeg 280w, https:\/\/ffcv.es\/wp\/wp-content\/uploads\/2021\/04\/ALE_ALA_COPA1-1170x658.jpeg 1170w, https:\/\/ffcv.es\/wp\/wp-content\/uploads\/2021\/04\/ALE_ALA_COPA1.jpeg 1600w\" sizes=\"(max-width: 1024px) 100vw, 1024px\" \/><\/noscript><\/figure>\n\n\n\n<h4 class=\"wp-block-heading\">Primera Alev\u00ed Alacant Copa #JuguemSegurs 2<\/h4>\n\n\n\n<p><a href=\"https:\/\/ffcv.es\/wp\/wp-content\/uploads\/2021\/04\/Calendario-II-Fase-Alicante-Copa-JuguemSegurs-Grupo-B.pdf\" target=\"_blank\" rel=\"noreferrer noopener\">CALENDARIO<\/a><\/p>\n\n\n\n<figure class=\"wp-block-image size-large\"><img loading=\"lazy\" decoding=\"async\" width=\"1024\" height=\"576\" data-src=\"https:\/\/ffcv.es\/wp\/wp-content\/uploads\/2021\/04\/ALE_ALA_COPA2-1024x576.jpeg\" alt=\"\" class=\"wp-image-58171 lazyload\" data-srcset=\"https:\/\/ffcv.es\/wp\/wp-content\/uploads\/2021\/04\/ALE_ALA_COPA2-1024x576.jpeg 1024w, https:\/\/ffcv.es\/wp\/wp-content\/uploads\/2021\/04\/ALE_ALA_COPA2-300x169.jpeg 300w, https:\/\/ffcv.es\/wp\/wp-content\/uploads\/2021\/04\/ALE_ALA_COPA2-768x432.jpeg 768w, https:\/\/ffcv.es\/wp\/wp-content\/uploads\/2021\/04\/ALE_ALA_COPA2-1536x864.jpeg 1536w, https:\/\/ffcv.es\/wp\/wp-content\/uploads\/2021\/04\/ALE_ALA_COPA2-280x158.jpeg 280w, https:\/\/ffcv.es\/wp\/wp-content\/uploads\/2021\/04\/ALE_ALA_COPA2-1170x658.jpeg 1170w, https:\/\/ffcv.es\/wp\/wp-content\/uploads\/2021\/04\/ALE_ALA_COPA2.jpeg 1600w\" data-sizes=\"(max-width: 1024px) 100vw, 1024px\" src=\"data:image\/gif;base64,R0lGODlhAQABAAAAACH5BAEKAAEALAAAAAABAAEAAAICTAEAOw==\" style=\"--smush-placeholder-width: 1024px; --smush-placeholder-aspect-ratio: 1024\/576;\" \/><noscript><img loading=\"lazy\" decoding=\"async\" width=\"1024\" height=\"576\" src=\"https:\/\/ffcv.es\/wp\/wp-content\/uploads\/2021\/04\/ALE_ALA_COPA2-1024x576.jpeg\" alt=\"\" class=\"wp-image-58171\" srcset=\"https:\/\/ffcv.es\/wp\/wp-content\/uploads\/2021\/04\/ALE_ALA_COPA2-1024x576.jpeg 1024w, https:\/\/ffcv.es\/wp\/wp-content\/uploads\/2021\/04\/ALE_ALA_COPA2-300x169.jpeg 300w, https:\/\/ffcv.es\/wp\/wp-content\/uploads\/2021\/04\/ALE_ALA_COPA2-768x432.jpeg 768w, https:\/\/ffcv.es\/wp\/wp-content\/uploads\/2021\/04\/ALE_ALA_COPA2-1536x864.jpeg 1536w, https:\/\/ffcv.es\/wp\/wp-content\/uploads\/2021\/04\/ALE_ALA_COPA2-280x158.jpeg 280w, https:\/\/ffcv.es\/wp\/wp-content\/uploads\/2021\/04\/ALE_ALA_COPA2-1170x658.jpeg 1170w, https:\/\/ffcv.es\/wp\/wp-content\/uploads\/2021\/04\/ALE_ALA_COPA2.jpeg 1600w\" sizes=\"(max-width: 1024px) 100vw, 1024px\" \/><\/noscript><\/figure>\n\n\n\n<h4 class=\"wp-block-heading\">Primera Alev\u00ed Alacant Copa #JuguemSegurs 3<\/h4>\n\n\n\n<p><a href=\"https:\/\/ffcv.es\/wp\/wp-content\/uploads\/2021\/04\/Calendario-II-Fase-Alicante-Copa-JuguemSegurs-Grupo-C.pdf\" target=\"_blank\" rel=\"noreferrer noopener\">CALENDARIO<\/a><\/p>\n\n\n\n<figure class=\"wp-block-image size-large\"><img loading=\"lazy\" decoding=\"async\" width=\"1024\" height=\"576\" data-src=\"https:\/\/ffcv.es\/wp\/wp-content\/uploads\/2021\/04\/ALE_ALA_COPA3-1024x576.jpeg\" alt=\"\" class=\"wp-image-58173 lazyload\" data-srcset=\"https:\/\/ffcv.es\/wp\/wp-content\/uploads\/2021\/04\/ALE_ALA_COPA3-1024x576.jpeg 1024w, https:\/\/ffcv.es\/wp\/wp-content\/uploads\/2021\/04\/ALE_ALA_COPA3-300x169.jpeg 300w, https:\/\/ffcv.es\/wp\/wp-content\/uploads\/2021\/04\/ALE_ALA_COPA3-768x432.jpeg 768w, https:\/\/ffcv.es\/wp\/wp-content\/uploads\/2021\/04\/ALE_ALA_COPA3-1536x864.jpeg 1536w, https:\/\/ffcv.es\/wp\/wp-content\/uploads\/2021\/04\/ALE_ALA_COPA3-280x158.jpeg 280w, https:\/\/ffcv.es\/wp\/wp-content\/uploads\/2021\/04\/ALE_ALA_COPA3-1170x658.jpeg 1170w, https:\/\/ffcv.es\/wp\/wp-content\/uploads\/2021\/04\/ALE_ALA_COPA3.jpeg 1600w\" data-sizes=\"(max-width: 1024px) 100vw, 1024px\" src=\"data:image\/gif;base64,R0lGODlhAQABAAAAACH5BAEKAAEALAAAAAABAAEAAAICTAEAOw==\" style=\"--smush-placeholder-width: 1024px; --smush-placeholder-aspect-ratio: 1024\/576;\" \/><noscript><img loading=\"lazy\" decoding=\"async\" width=\"1024\" height=\"576\" src=\"https:\/\/ffcv.es\/wp\/wp-content\/uploads\/2021\/04\/ALE_ALA_COPA3-1024x576.jpeg\" alt=\"\" class=\"wp-image-58173\" srcset=\"https:\/\/ffcv.es\/wp\/wp-content\/uploads\/2021\/04\/ALE_ALA_COPA3-1024x576.jpeg 1024w, https:\/\/ffcv.es\/wp\/wp-content\/uploads\/2021\/04\/ALE_ALA_COPA3-300x169.jpeg 300w, https:\/\/ffcv.es\/wp\/wp-content\/uploads\/2021\/04\/ALE_ALA_COPA3-768x432.jpeg 768w, https:\/\/ffcv.es\/wp\/wp-content\/uploads\/2021\/04\/ALE_ALA_COPA3-1536x864.jpeg 1536w, https:\/\/ffcv.es\/wp\/wp-content\/uploads\/2021\/04\/ALE_ALA_COPA3-280x158.jpeg 280w, https:\/\/ffcv.es\/wp\/wp-content\/uploads\/2021\/04\/ALE_ALA_COPA3-1170x658.jpeg 1170w, https:\/\/ffcv.es\/wp\/wp-content\/uploads\/2021\/04\/ALE_ALA_COPA3.jpeg 1600w\" sizes=\"(max-width: 1024px) 100vw, 1024px\" \/><\/noscript><\/figure>\n\n\n\n<h4 class=\"wp-block-heading\">Primera Alev\u00ed Castell\u00f3 Ascens<\/h4>\n\n\n\n<p><a href=\"https:\/\/ffcv.es\/wp\/wp-content\/uploads\/2021\/04\/Calendario-II-Fase-1a-Regional-Alevin-Castello\u0301n-Play-off-Titulo.pdf\" target=\"_blank\" rel=\"noreferrer noopener\">CALENDARIO<\/a><\/p>\n\n\n\n<figure class=\"wp-block-image size-large\"><img loading=\"lazy\" decoding=\"async\" width=\"1024\" height=\"576\" data-src=\"https:\/\/ffcv.es\/wp\/wp-content\/uploads\/2021\/04\/ALE_CS_ASCE-1024x576.jpeg\" alt=\"\" class=\"wp-image-58174 lazyload\" data-srcset=\"https:\/\/ffcv.es\/wp\/wp-content\/uploads\/2021\/04\/ALE_CS_ASCE-1024x576.jpeg 1024w, https:\/\/ffcv.es\/wp\/wp-content\/uploads\/2021\/04\/ALE_CS_ASCE-300x169.jpeg 300w, https:\/\/ffcv.es\/wp\/wp-content\/uploads\/2021\/04\/ALE_CS_ASCE-768x432.jpeg 768w, https:\/\/ffcv.es\/wp\/wp-content\/uploads\/2021\/04\/ALE_CS_ASCE-1536x864.jpeg 1536w, https:\/\/ffcv.es\/wp\/wp-content\/uploads\/2021\/04\/ALE_CS_ASCE-280x158.jpeg 280w, https:\/\/ffcv.es\/wp\/wp-content\/uploads\/2021\/04\/ALE_CS_ASCE-1170x658.jpeg 1170w, https:\/\/ffcv.es\/wp\/wp-content\/uploads\/2021\/04\/ALE_CS_ASCE.jpeg 1600w\" data-sizes=\"(max-width: 1024px) 100vw, 1024px\" src=\"data:image\/gif;base64,R0lGODlhAQABAAAAACH5BAEKAAEALAAAAAABAAEAAAICTAEAOw==\" style=\"--smush-placeholder-width: 1024px; --smush-placeholder-aspect-ratio: 1024\/576;\" \/><noscript><img loading=\"lazy\" decoding=\"async\" width=\"1024\" height=\"576\" src=\"https:\/\/ffcv.es\/wp\/wp-content\/uploads\/2021\/04\/ALE_CS_ASCE-1024x576.jpeg\" alt=\"\" class=\"wp-image-58174\" srcset=\"https:\/\/ffcv.es\/wp\/wp-content\/uploads\/2021\/04\/ALE_CS_ASCE-1024x576.jpeg 1024w, https:\/\/ffcv.es\/wp\/wp-content\/uploads\/2021\/04\/ALE_CS_ASCE-300x169.jpeg 300w, https:\/\/ffcv.es\/wp\/wp-content\/uploads\/2021\/04\/ALE_CS_ASCE-768x432.jpeg 768w, https:\/\/ffcv.es\/wp\/wp-content\/uploads\/2021\/04\/ALE_CS_ASCE-1536x864.jpeg 1536w, https:\/\/ffcv.es\/wp\/wp-content\/uploads\/2021\/04\/ALE_CS_ASCE-280x158.jpeg 280w, https:\/\/ffcv.es\/wp\/wp-content\/uploads\/2021\/04\/ALE_CS_ASCE-1170x658.jpeg 1170w, https:\/\/ffcv.es\/wp\/wp-content\/uploads\/2021\/04\/ALE_CS_ASCE.jpeg 1600w\" sizes=\"(max-width: 1024px) 100vw, 1024px\" \/><\/noscript><\/figure>\n\n\n\n<h4 class=\"wp-block-heading\">Primera Alev\u00ed Castell\u00f3 Copa #JuguemSegurs<\/h4>\n\n\n\n<p><a href=\"https:\/\/ffcv.es\/wp\/wp-content\/uploads\/2021\/04\/Calendario-II-Fase-1a-Regional-Alevin-Castello\u0301n-Copa-JuguemSegurs.pdf\" target=\"_blank\" rel=\"noreferrer noopener\">CALENDARIO<\/a><\/p>\n\n\n\n<figure class=\"wp-block-image size-large\"><img loading=\"lazy\" decoding=\"async\" width=\"1024\" height=\"576\" data-src=\"https:\/\/ffcv.es\/wp\/wp-content\/uploads\/2021\/04\/ALE_CAS_COPA-1024x576.jpeg\" alt=\"\" class=\"wp-image-58175 lazyload\" data-srcset=\"https:\/\/ffcv.es\/wp\/wp-content\/uploads\/2021\/04\/ALE_CAS_COPA-1024x576.jpeg 1024w, https:\/\/ffcv.es\/wp\/wp-content\/uploads\/2021\/04\/ALE_CAS_COPA-300x169.jpeg 300w, https:\/\/ffcv.es\/wp\/wp-content\/uploads\/2021\/04\/ALE_CAS_COPA-768x432.jpeg 768w, https:\/\/ffcv.es\/wp\/wp-content\/uploads\/2021\/04\/ALE_CAS_COPA-1536x864.jpeg 1536w, https:\/\/ffcv.es\/wp\/wp-content\/uploads\/2021\/04\/ALE_CAS_COPA-280x158.jpeg 280w, https:\/\/ffcv.es\/wp\/wp-content\/uploads\/2021\/04\/ALE_CAS_COPA-1170x658.jpeg 1170w, https:\/\/ffcv.es\/wp\/wp-content\/uploads\/2021\/04\/ALE_CAS_COPA.jpeg 1600w\" data-sizes=\"(max-width: 1024px) 100vw, 1024px\" src=\"data:image\/gif;base64,R0lGODlhAQABAAAAACH5BAEKAAEALAAAAAABAAEAAAICTAEAOw==\" style=\"--smush-placeholder-width: 1024px; --smush-placeholder-aspect-ratio: 1024\/576;\" \/><noscript><img loading=\"lazy\" decoding=\"async\" width=\"1024\" height=\"576\" src=\"https:\/\/ffcv.es\/wp\/wp-content\/uploads\/2021\/04\/ALE_CAS_COPA-1024x576.jpeg\" alt=\"\" class=\"wp-image-58175\" srcset=\"https:\/\/ffcv.es\/wp\/wp-content\/uploads\/2021\/04\/ALE_CAS_COPA-1024x576.jpeg 1024w, https:\/\/ffcv.es\/wp\/wp-content\/uploads\/2021\/04\/ALE_CAS_COPA-300x169.jpeg 300w, https:\/\/ffcv.es\/wp\/wp-content\/uploads\/2021\/04\/ALE_CAS_COPA-768x432.jpeg 768w, https:\/\/ffcv.es\/wp\/wp-content\/uploads\/2021\/04\/ALE_CAS_COPA-1536x864.jpeg 1536w, https:\/\/ffcv.es\/wp\/wp-content\/uploads\/2021\/04\/ALE_CAS_COPA-280x158.jpeg 280w, https:\/\/ffcv.es\/wp\/wp-content\/uploads\/2021\/04\/ALE_CAS_COPA-1170x658.jpeg 1170w, https:\/\/ffcv.es\/wp\/wp-content\/uploads\/2021\/04\/ALE_CAS_COPA.jpeg 1600w\" sizes=\"(max-width: 1024px) 100vw, 1024px\" \/><\/noscript><\/figure>\n\n\n\n<h4 class=\"wp-block-heading\">Primera Alev\u00ed Val\u00e8ncia Ascens<\/h4>\n\n\n\n<p><a href=\"https:\/\/ffcv.es\/wp\/wp-content\/uploads\/2021\/04\/Calendario-II-Fase-1a-Regional-Alevin-Valencia-Play-off-Titulo.pdf\" target=\"_blank\" rel=\"noreferrer noopener\">CALENDARIO<\/a><\/p>\n\n\n\n<figure class=\"wp-block-image size-large\"><img loading=\"lazy\" decoding=\"async\" width=\"1024\" height=\"576\" data-src=\"https:\/\/ffcv.es\/wp\/wp-content\/uploads\/2021\/04\/ALE_VLC_ASCE-1024x576.jpeg\" alt=\"\" class=\"wp-image-58176 lazyload\" data-srcset=\"https:\/\/ffcv.es\/wp\/wp-content\/uploads\/2021\/04\/ALE_VLC_ASCE-1024x576.jpeg 1024w, https:\/\/ffcv.es\/wp\/wp-content\/uploads\/2021\/04\/ALE_VLC_ASCE-300x169.jpeg 300w, https:\/\/ffcv.es\/wp\/wp-content\/uploads\/2021\/04\/ALE_VLC_ASCE-768x432.jpeg 768w, https:\/\/ffcv.es\/wp\/wp-content\/uploads\/2021\/04\/ALE_VLC_ASCE-1536x864.jpeg 1536w, https:\/\/ffcv.es\/wp\/wp-content\/uploads\/2021\/04\/ALE_VLC_ASCE-280x158.jpeg 280w, https:\/\/ffcv.es\/wp\/wp-content\/uploads\/2021\/04\/ALE_VLC_ASCE-1170x658.jpeg 1170w, https:\/\/ffcv.es\/wp\/wp-content\/uploads\/2021\/04\/ALE_VLC_ASCE.jpeg 1600w\" data-sizes=\"(max-width: 1024px) 100vw, 1024px\" src=\"data:image\/gif;base64,R0lGODlhAQABAAAAACH5BAEKAAEALAAAAAABAAEAAAICTAEAOw==\" style=\"--smush-placeholder-width: 1024px; --smush-placeholder-aspect-ratio: 1024\/576;\" \/><noscript><img loading=\"lazy\" decoding=\"async\" width=\"1024\" height=\"576\" src=\"https:\/\/ffcv.es\/wp\/wp-content\/uploads\/2021\/04\/ALE_VLC_ASCE-1024x576.jpeg\" alt=\"\" class=\"wp-image-58176\" srcset=\"https:\/\/ffcv.es\/wp\/wp-content\/uploads\/2021\/04\/ALE_VLC_ASCE-1024x576.jpeg 1024w, https:\/\/ffcv.es\/wp\/wp-content\/uploads\/2021\/04\/ALE_VLC_ASCE-300x169.jpeg 300w, https:\/\/ffcv.es\/wp\/wp-content\/uploads\/2021\/04\/ALE_VLC_ASCE-768x432.jpeg 768w, https:\/\/ffcv.es\/wp\/wp-content\/uploads\/2021\/04\/ALE_VLC_ASCE-1536x864.jpeg 1536w, https:\/\/ffcv.es\/wp\/wp-content\/uploads\/2021\/04\/ALE_VLC_ASCE-280x158.jpeg 280w, https:\/\/ffcv.es\/wp\/wp-content\/uploads\/2021\/04\/ALE_VLC_ASCE-1170x658.jpeg 1170w, https:\/\/ffcv.es\/wp\/wp-content\/uploads\/2021\/04\/ALE_VLC_ASCE.jpeg 1600w\" sizes=\"(max-width: 1024px) 100vw, 1024px\" \/><\/noscript><\/figure>\n\n\n\n<h4 class=\"wp-block-heading\">Primera Alev\u00ed Val\u00e8ncia Perman\u00e8ncia<\/h4>\n\n\n\n<p><a href=\"https:\/\/ffcv.es\/wp\/wp-content\/uploads\/2021\/04\/Calendario-II-Fase-1a-Regional-Alevin-Valencia-Promocio\u0301n-Descenso.pdf\" target=\"_blank\" rel=\"noreferrer noopener\">CALENDARIO<\/a><\/p>\n\n\n\n<figure class=\"wp-block-image size-large\"><img loading=\"lazy\" decoding=\"async\" width=\"1024\" height=\"576\" data-src=\"https:\/\/ffcv.es\/wp\/wp-content\/uploads\/2021\/04\/ALE_VLC_PERM-1024x576.jpeg\" alt=\"\" class=\"wp-image-58177 lazyload\" data-srcset=\"https:\/\/ffcv.es\/wp\/wp-content\/uploads\/2021\/04\/ALE_VLC_PERM-1024x576.jpeg 1024w, https:\/\/ffcv.es\/wp\/wp-content\/uploads\/2021\/04\/ALE_VLC_PERM-300x169.jpeg 300w, https:\/\/ffcv.es\/wp\/wp-content\/uploads\/2021\/04\/ALE_VLC_PERM-768x432.jpeg 768w, https:\/\/ffcv.es\/wp\/wp-content\/uploads\/2021\/04\/ALE_VLC_PERM-1536x864.jpeg 1536w, https:\/\/ffcv.es\/wp\/wp-content\/uploads\/2021\/04\/ALE_VLC_PERM-280x158.jpeg 280w, https:\/\/ffcv.es\/wp\/wp-content\/uploads\/2021\/04\/ALE_VLC_PERM-1170x658.jpeg 1170w, https:\/\/ffcv.es\/wp\/wp-content\/uploads\/2021\/04\/ALE_VLC_PERM.jpeg 1600w\" data-sizes=\"(max-width: 1024px) 100vw, 1024px\" src=\"data:image\/gif;base64,R0lGODlhAQABAAAAACH5BAEKAAEALAAAAAABAAEAAAICTAEAOw==\" style=\"--smush-placeholder-width: 1024px; --smush-placeholder-aspect-ratio: 1024\/576;\" \/><noscript><img loading=\"lazy\" decoding=\"async\" width=\"1024\" height=\"576\" src=\"https:\/\/ffcv.es\/wp\/wp-content\/uploads\/2021\/04\/ALE_VLC_PERM-1024x576.jpeg\" alt=\"\" class=\"wp-image-58177\" srcset=\"https:\/\/ffcv.es\/wp\/wp-content\/uploads\/2021\/04\/ALE_VLC_PERM-1024x576.jpeg 1024w, https:\/\/ffcv.es\/wp\/wp-content\/uploads\/2021\/04\/ALE_VLC_PERM-300x169.jpeg 300w, https:\/\/ffcv.es\/wp\/wp-content\/uploads\/2021\/04\/ALE_VLC_PERM-768x432.jpeg 768w, https:\/\/ffcv.es\/wp\/wp-content\/uploads\/2021\/04\/ALE_VLC_PERM-1536x864.jpeg 1536w, https:\/\/ffcv.es\/wp\/wp-content\/uploads\/2021\/04\/ALE_VLC_PERM-280x158.jpeg 280w, https:\/\/ffcv.es\/wp\/wp-content\/uploads\/2021\/04\/ALE_VLC_PERM-1170x658.jpeg 1170w, https:\/\/ffcv.es\/wp\/wp-content\/uploads\/2021\/04\/ALE_VLC_PERM.jpeg 1600w\" sizes=\"(max-width: 1024px) 100vw, 1024px\" \/><\/noscript><\/figure>\n","protected":false},"excerpt":{"rendered":"<p>La Federaci\u00f3 de Futbol de la Comunitat Valenciana ha hecho p\u00fablicos los grupos de Primera Alev\u00ed para la segunda fase de la competici\u00f3n (ascenso, permanencia y copas). Primera Alev\u00ed Alacant Ascens CALENDARIO Primera Alev\u00ed Alacant Copa #JuguemSegurs 1 CALENDARIO Primera Alev\u00ed Alacant Copa #JuguemSegurs 2 CALENDARIO Primera Alev\u00ed Alacant Copa #JuguemSegurs 3 CALENDARIO Primera Alev\u00ed<\/p>\n","protected":false},"author":16,"featured_media":58176,"comment_status":"closed","ping_status":"closed","sticky":false,"template":"","format":"standard","meta":{"om_disable_all_campaigns":false,"footnotes":""},"categories":[4],"tags":[411,696,51],"class_list":["post-58168","post","type-post","status-publish","format-standard","has-post-thumbnail","hentry","category-noticias-futbol-sala","tag-alevines","tag-competiciones-alevines-de-futbol-sala","tag-futbol-sala"],"aioseo_notices":[],"_links":{"self":[{"href":"https:\/\/ffcv.es\/wp\/wp-json\/wp\/v2\/posts\/58168"}],"collection":[{"href":"https:\/\/ffcv.es\/wp\/wp-json\/wp\/v2\/posts"}],"about":[{"href":"https:\/\/ffcv.es\/wp\/wp-json\/wp\/v2\/types\/post"}],"author":[{"embeddable":true,"href":"https:\/\/ffcv.es\/wp\/wp-json\/wp\/v2\/users\/16"}],"replies":[{"embeddable":true,"href":"https:\/\/ffcv.es\/wp\/wp-json\/wp\/v2\/comments?post=58168"}],"version-history":[{"count":2,"href":"https:\/\/ffcv.es\/wp\/wp-json\/wp\/v2\/posts\/58168\/revisions"}],"predecessor-version":[{"id":58231,"href":"https:\/\/ffcv.es\/wp\/wp-json\/wp\/v2\/posts\/58168\/revisions\/58231"}],"wp:featuredmedia":[{"embeddable":true,"href":"https:\/\/ffcv.es\/wp\/wp-json\/wp\/v2\/media\/58176"}],"wp:attachment":[{"href":"https:\/\/ffcv.es\/wp\/wp-json\/wp\/v2\/media?parent=58168"}],"wp:term":[{"taxonomy":"category","embeddable":true,"href":"https:\/\/ffcv.es\/wp\/wp-json\/wp\/v2\/categories?post=58168"},{"taxonomy":"post_tag","embeddable":true,"href":"https:\/\/ffcv.es\/wp\/wp-json\/wp\/v2\/tags?post=58168"}],"curies":[{"name":"wp","href":"https:\/\/api.w.org\/{rel}","templated":true}]}}