{"id":56928,"date":"2021-03-26T12:55:43","date_gmt":"2021-03-26T10:55:43","guid":{"rendered":"https:\/\/ffcv.es\/wp\/?p=56928"},"modified":"2021-03-26T13:19:57","modified_gmt":"2021-03-26T11:19:57","slug":"se-cumplen-dos-anos-del-record-de-participacion-en-un-clinic-valenta","status":"publish","type":"post","link":"https:\/\/ffcv.es\/wp\/blog\/2021\/03\/se-cumplen-dos-anos-del-record-de-participacion-en-un-clinic-valenta\/","title":{"rendered":"Se cumplen dos a\u00f1os del r\u00e9cord de participaci\u00f3n en un cl\u00ednic Valenta"},"content":{"rendered":"\n<p>El 26 de marzo de 2019 tuvo lugar un acontecimiento muy especial para el f\u00fatbol de la<strong> Comunitat Valenciana<\/strong>. Ese d\u00eda, 120 ni\u00f1as participaron en el <a href=\"https:\/\/ffcv.es\/wp\/blog\/2019\/03\/26\/clinicparti\/\">cl\u00ednic <strong>Valenta<\/strong> organizado por la <strong>FFCV<\/strong> en <strong>Xirivella<\/strong><\/a>.<\/p>\n\n\n\n<p>Ese es, hasta el momento, el r\u00e9cord de participaci\u00f3n en un cl\u00ednic <strong>Valenta<\/strong>, de entre los m\u00e1s de 40 cl\u00ednics <strong>Valenta<\/strong> que ha organizado la <strong>FFCV<\/strong> desde la creaci\u00f3n del <strong>\u00c1rea Valenta<\/strong>, en diciembre de 2018.<\/p>\n\n\n\n<figure class=\"wp-block-embed is-type-rich is-provider-twitter wp-block-embed-twitter\"><div class=\"wp-block-embed__wrapper\">\n<blockquote class=\"twitter-tweet\" data-width=\"500\" data-dnt=\"true\"><p lang=\"ca\" dir=\"ltr\">| VALENTA |<br><br>\ud83c\udf89  Hui es compleixen 2\ufe0f\u20e3 anys del Clinic femen\u00ed m\u00e9s multitudinari de la hist\u00f2ria <br><br>\ud83e\uddd2\ud83c\udffb Xirivella va reunir a 1\ufe0f\u20e32\ufe0f\u20e30\ufe0f\u20e3 xiquetes  \ud83d\udc4f\ud83c\udffc<br>\u2705 Moltes s&#39;uniren a les Lligues Valenta a partir d&#39;aquell dia <br><br>\ud83d\udcce <a href=\"https:\/\/t.co\/StzJpIjtEk\">https:\/\/t.co\/StzJpIjtEk<\/a><a href=\"https:\/\/twitter.com\/hashtag\/Valenta?src=hash&amp;ref_src=twsrc%5Etfw\">#Valenta<\/a>\ud83d\ude4b\u200d\u2640\ufe0f <a href=\"https:\/\/t.co\/cfv1w8RWnW\">pic.twitter.com\/cfv1w8RWnW<\/a><\/p>&mdash; FFCV (@FFCV_info) <a href=\"https:\/\/twitter.com\/FFCV_info\/status\/1375401912942612486?ref_src=twsrc%5Etfw\">March 26, 2021<\/a><\/blockquote><script async src=\"https:\/\/platform.twitter.com\/widgets.js\" charset=\"utf-8\"><\/script>\n<\/div><\/figure>\n\n\n\n<p>Adem\u00e1s, esa tarde se dio la circunstancia de que fue la del <a href=\"https:\/\/ffcv.es\/wp\/blog\/2019\/03\/27\/andrea-esteban-no-creia-que-podria-ser-entrenadora-despues-de-dejar-el-futbol\/\">estreno de <strong>Andrea Esteban<\/strong> como seleccionadora <strong>Valenta<\/strong> sub15<\/a>.<\/p>\n\n\n\n<h3 class=\"wp-block-heading\">El cl\u00ednic, herramienta b\u00e1sica para Valenta<\/h3>\n\n\n\n<p>El cl\u00ednic es una herramienta muy importante del <strong>\u00c1rea Valenta<\/strong> para poder captar nuevas jugadoras en toda la <strong>Comunitat<\/strong>.<\/p>\n\n\n\n<figure class=\"wp-block-image size-large\"><img loading=\"lazy\" decoding=\"async\" width=\"1024\" height=\"641\" data-src=\"https:\/\/ffcv.es\/wp\/wp-content\/uploads\/2019\/06\/IMG_9687-1024x641.jpg\" alt=\"04 junio - Cl\u00ednic Valenta en J\u00e9rica\" class=\"wp-image-31338 lazyload\" data-srcset=\"https:\/\/ffcv.es\/wp\/wp-content\/uploads\/2019\/06\/IMG_9687-1024x641.jpg 1024w, https:\/\/ffcv.es\/wp\/wp-content\/uploads\/2019\/06\/IMG_9687-300x188.jpg 300w, https:\/\/ffcv.es\/wp\/wp-content\/uploads\/2019\/06\/IMG_9687-768x481.jpg 768w, https:\/\/ffcv.es\/wp\/wp-content\/uploads\/2019\/06\/IMG_9687-280x175.jpg 280w, https:\/\/ffcv.es\/wp\/wp-content\/uploads\/2019\/06\/IMG_9687-1170x732.jpg 1170w\" data-sizes=\"(max-width: 1024px) 100vw, 1024px\" src=\"data:image\/gif;base64,R0lGODlhAQABAAAAACH5BAEKAAEALAAAAAABAAEAAAICTAEAOw==\" style=\"--smush-placeholder-width: 1024px; --smush-placeholder-aspect-ratio: 1024\/641;\" \/><noscript><img loading=\"lazy\" decoding=\"async\" width=\"1024\" height=\"641\" src=\"https:\/\/ffcv.es\/wp\/wp-content\/uploads\/2019\/06\/IMG_9687-1024x641.jpg\" alt=\"04 junio - Cl\u00ednic Valenta en J\u00e9rica\" class=\"wp-image-31338\" srcset=\"https:\/\/ffcv.es\/wp\/wp-content\/uploads\/2019\/06\/IMG_9687-1024x641.jpg 1024w, https:\/\/ffcv.es\/wp\/wp-content\/uploads\/2019\/06\/IMG_9687-300x188.jpg 300w, https:\/\/ffcv.es\/wp\/wp-content\/uploads\/2019\/06\/IMG_9687-768x481.jpg 768w, https:\/\/ffcv.es\/wp\/wp-content\/uploads\/2019\/06\/IMG_9687-280x175.jpg 280w, https:\/\/ffcv.es\/wp\/wp-content\/uploads\/2019\/06\/IMG_9687-1170x732.jpg 1170w\" sizes=\"(max-width: 1024px) 100vw, 1024px\" \/><\/noscript><figcaption>Imagen del cl\u00ednic Valenta organizado por la FFCV en J\u00e9rica<\/figcaption><\/figure>\n\n\n\n<p>La pandemia paraliz\u00f3 esta parte del programa <strong>Valenta<\/strong>, que estaba siendo todo un \u00e9xito hasta marzo del a\u00f1o pasado.<\/p>\n\n\n\n<p>La <strong>FFCV<\/strong> contactaba con los clubes interesados en crear m\u00e1s equipos femeninos y organizaba en su campo un cl\u00ednic. El ayuntamiento de la localidad colaboraba tambi\u00e9n en la organizaci\u00f3n, mientras que la <strong>FFCV<\/strong> aportaba t\u00e9cnicos y la participaci\u00f3n de una de las selecciones valencianas.<\/p>\n\n\n\n<p>Las nuevas j\u00f3venes aspirantes a futbolistas ve\u00edan en las jugadoras de la <strong>Selecci\u00f3<\/strong> que era posible disfrutar y vivir el f\u00fatbol con la m\u00e1s absoluta normalidad.<\/p>\n\n\n\n<blockquote class=\"twitter-tweet\"><p lang=\"es\" dir=\"ltr\">Bon dia!!<br><br>\ud83d\ude4b\u200d\u2642\ufe0f<a href=\"https:\/\/twitter.com\/CIRAOLOvcf?ref_src=twsrc%5Etfw\">@CIRAOLOvcf<\/a><br>\ud83d\udcac \u201cPara el <a href=\"https:\/\/twitter.com\/SpXirivella?ref_src=twsrc%5Etfw\">@SpXirivella<\/a> es un \u00e9xito\u201d<br><br>\ud83d\ude4b\u200d\u2640\ufe0f<a href=\"https:\/\/twitter.com\/andreaesteban10?ref_src=twsrc%5Etfw\">@andreaesteban10<\/a><br>\ud83d\udcac \u201cQue vean que les gusta el f\u00fatbol\u201d<br><br>\ud83d\udcce <a href=\"https:\/\/t.co\/KEaTN5GZA4\">https:\/\/t.co\/KEaTN5GZA4<\/a><br><br>Ayer en <a href=\"https:\/\/twitter.com\/hashtag\/Xirivella?src=hash&amp;ref_src=twsrc%5Etfw\">#Xirivella<\/a> batimos r\u00e9cord de participaci\u00f3n en un cl\u00ednic femenino con 1\ufe0f\u20e32\ufe0f\u20e30\ufe0f\u20e3 chicas\u2764\ufe0f<a href=\"https:\/\/twitter.com\/hashtag\/Valenta?src=hash&amp;ref_src=twsrc%5Etfw\">#Valenta<\/a>\ud83d\ude4b\u200d\u2640\ufe0f <a href=\"https:\/\/t.co\/cwndyIsrYx\">pic.twitter.com\/cwndyIsrYx<\/a><\/p>\u2014 FFCV (@FFCV_info) <a href=\"https:\/\/twitter.com\/FFCV_info\/status\/1110796594084044800?ref_src=twsrc%5Etfw\">March 27, 2019<\/a><\/blockquote> <a href=\"https:\/\/platform.twitter.com\/widgets.js\">https:\/\/platform.twitter.com\/widgets.js<\/a>\n\n\n\n<p><strong>Valenta<\/strong> llev\u00f3 los cl\u00ednics a localidades como <strong>Xirivella<\/strong>, <strong>Moncada<\/strong>, <strong>Elda<\/strong>, <strong>Pobla Vallbona<\/strong>, <strong>Vall d&#8217;Uix\u00f2<\/strong>, <strong>J\u00e9rica<\/strong>, <strong>Alcoy<\/strong>, <strong>Sagunt<\/strong>, <strong>Riba-Roja<\/strong>, <strong>Santa Pola<\/strong>, <strong>Simat de la Valldigna<\/strong>, <strong>Llosa del Obispo<\/strong>, <strong>Elche<\/strong>, <strong>Onda<\/strong>&#8230; son algunas de las localidades de la <strong>Comunitat Valenciana<\/strong> que han acogido un <strong>cl\u00ednic Valenta<\/strong>.<\/p>\n\n\n\n<p><a href=\"https:\/\/ffcv.es\/wp\/blog\/2019\/07\/09\/valenta-un-proyecto-de-exito\/\">Fruto de todo ese trabajo<\/a>, unido a la potenciaci\u00f3n de las selecciones femeninas, a las tecnificaciones, al plan estrat\u00e9gico de crecimiento de las competiciones femeninas y a la labor de comunicaci\u00f3n y visibilidad que se le da desde la <strong>FFCV<\/strong>, las licencias de jugadoras de f\u00fatbol y f\u00fatbol sala siguen creciendo a\u00f1o a a\u00f1o en la <strong>Comunitat Valenciana<\/strong>.<\/p>\n\n\n\n<figure class=\"wp-block-image size-large\"><img loading=\"lazy\" decoding=\"async\" width=\"1024\" height=\"683\" data-src=\"https:\/\/ffcv.es\/wp\/wp-content\/uploads\/2019\/09\/2-1024x683.jpg\" alt=\"\" class=\"wp-image-36039 lazyload\" data-srcset=\"https:\/\/ffcv.es\/wp\/wp-content\/uploads\/2019\/09\/2-1024x683.jpg 1024w, https:\/\/ffcv.es\/wp\/wp-content\/uploads\/2019\/09\/2-300x200.jpg 300w, https:\/\/ffcv.es\/wp\/wp-content\/uploads\/2019\/09\/2-768x512.jpg 768w, https:\/\/ffcv.es\/wp\/wp-content\/uploads\/2019\/09\/2-280x187.jpg 280w, https:\/\/ffcv.es\/wp\/wp-content\/uploads\/2019\/09\/2-1170x780.jpg 1170w, https:\/\/ffcv.es\/wp\/wp-content\/uploads\/2019\/09\/2.jpg 1920w\" data-sizes=\"(max-width: 1024px) 100vw, 1024px\" src=\"data:image\/gif;base64,R0lGODlhAQABAAAAACH5BAEKAAEALAAAAAABAAEAAAICTAEAOw==\" style=\"--smush-placeholder-width: 1024px; --smush-placeholder-aspect-ratio: 1024\/683;\" \/><noscript><img loading=\"lazy\" decoding=\"async\" width=\"1024\" height=\"683\" src=\"https:\/\/ffcv.es\/wp\/wp-content\/uploads\/2019\/09\/2-1024x683.jpg\" alt=\"\" class=\"wp-image-36039\" srcset=\"https:\/\/ffcv.es\/wp\/wp-content\/uploads\/2019\/09\/2-1024x683.jpg 1024w, https:\/\/ffcv.es\/wp\/wp-content\/uploads\/2019\/09\/2-300x200.jpg 300w, https:\/\/ffcv.es\/wp\/wp-content\/uploads\/2019\/09\/2-768x512.jpg 768w, https:\/\/ffcv.es\/wp\/wp-content\/uploads\/2019\/09\/2-280x187.jpg 280w, https:\/\/ffcv.es\/wp\/wp-content\/uploads\/2019\/09\/2-1170x780.jpg 1170w, https:\/\/ffcv.es\/wp\/wp-content\/uploads\/2019\/09\/2.jpg 1920w\" sizes=\"(max-width: 1024px) 100vw, 1024px\" \/><\/noscript><figcaption>Imagen del cl\u00ednic Valenta celebrado en Riba-roja del T\u00faria<\/figcaption><\/figure>\n\n\n\n<p>La <strong>FFCV<\/strong> reabrir\u00e1 la celebraci\u00f3n de <strong>cl\u00ednics Valenta <\/strong>en cuanto la situaci\u00f3n sanitaria sea m\u00e1s propicia. De momento, tenemos el recuerdo de tardes como la de aquel 26 de marzo de 2019 en <strong>Xirivella<\/strong>.<\/p>\n\n\n\n<figure class=\"wp-block-embed is-type-video is-provider-youtube wp-block-embed-youtube wp-embed-aspect-16-9 wp-has-aspect-ratio\"><div class=\"wp-block-embed__wrapper\">\n<iframe loading=\"lazy\" title=\"Andrea Esteban ya es entrenadora   \ud83d\udc4f\ud83c\udffb\ud83d\udc4f\ud83c\udffb ENTREVISTA\" width=\"500\" height=\"281\" data-src=\"https:\/\/www.youtube.com\/embed\/wM7-3m89VLE?feature=oembed\" frameborder=\"0\" allow=\"accelerometer; autoplay; clipboard-write; encrypted-media; gyroscope; picture-in-picture; web-share\" referrerpolicy=\"strict-origin-when-cross-origin\" allowfullscreen src=\"data:image\/gif;base64,R0lGODlhAQABAAAAACH5BAEKAAEALAAAAAABAAEAAAICTAEAOw==\" class=\"lazyload\" data-load-mode=\"1\"><\/iframe>\n<\/div><\/figure>\n","protected":false},"excerpt":{"rendered":"<p>El 26 de marzo de 2019 tuvo lugar un acontecimiento muy especial para el f\u00fatbol de la Comunitat Valenciana. Ese d\u00eda, 120 ni\u00f1as participaron en el cl\u00ednic Valenta organizado por la FFCV en Xirivella. Ese es, hasta el momento, el r\u00e9cord de participaci\u00f3n en un cl\u00ednic Valenta, de entre los m\u00e1s de 40 cl\u00ednics Valenta<\/p>\n","protected":false},"author":15,"featured_media":26681,"comment_status":"closed","ping_status":"closed","sticky":false,"template":"","format":"standard","meta":{"om_disable_all_campaigns":false,"footnotes":""},"categories":[1177],"tags":[1593],"class_list":["post-56928","post","type-post","status-publish","format-standard","has-post-thumbnail","hentry","category-noticias-valenta","tag-clinic-2"],"aioseo_notices":[],"_links":{"self":[{"href":"https:\/\/ffcv.es\/wp\/wp-json\/wp\/v2\/posts\/56928"}],"collection":[{"href":"https:\/\/ffcv.es\/wp\/wp-json\/wp\/v2\/posts"}],"about":[{"href":"https:\/\/ffcv.es\/wp\/wp-json\/wp\/v2\/types\/post"}],"author":[{"embeddable":true,"href":"https:\/\/ffcv.es\/wp\/wp-json\/wp\/v2\/users\/15"}],"replies":[{"embeddable":true,"href":"https:\/\/ffcv.es\/wp\/wp-json\/wp\/v2\/comments?post=56928"}],"version-history":[{"count":5,"href":"https:\/\/ffcv.es\/wp\/wp-json\/wp\/v2\/posts\/56928\/revisions"}],"predecessor-version":[{"id":57057,"href":"https:\/\/ffcv.es\/wp\/wp-json\/wp\/v2\/posts\/56928\/revisions\/57057"}],"wp:featuredmedia":[{"embeddable":true,"href":"https:\/\/ffcv.es\/wp\/wp-json\/wp\/v2\/media\/26681"}],"wp:attachment":[{"href":"https:\/\/ffcv.es\/wp\/wp-json\/wp\/v2\/media?parent=56928"}],"wp:term":[{"taxonomy":"category","embeddable":true,"href":"https:\/\/ffcv.es\/wp\/wp-json\/wp\/v2\/categories?post=56928"},{"taxonomy":"post_tag","embeddable":true,"href":"https:\/\/ffcv.es\/wp\/wp-json\/wp\/v2\/tags?post=56928"}],"curies":[{"name":"wp","href":"https:\/\/api.w.org\/{rel}","templated":true}]}}