{"id":56781,"date":"2021-03-17T10:11:51","date_gmt":"2021-03-17T08:11:51","guid":{"rendered":"https:\/\/ffcv.es\/wp\/?p=56781"},"modified":"2021-03-17T10:11:54","modified_gmt":"2021-03-17T08:11:54","slug":"la-ffcv-reobrira-totes-les-competicions-el-proxim-26-de-marc","status":"publish","type":"post","link":"https:\/\/ffcv.es\/wp\/va\/blog\/2021\/03\/la-ffcv-reobrira-totes-les-competicions-el-proxim-26-de-marc\/","title":{"rendered":"La FFCV reobrir\u00e0 totes les competicions el pr\u00f2xim 26 de mar\u00e7"},"content":{"rendered":"\n<p>La <strong>Federaci\u00f3 de Futbol de la Comunitat Valenciana<\/strong> reobrir\u00e0 totes les competicions territorials el pr\u00f2xim cap de setmana del 26-27-28 de mar\u00e7.<\/p>\n\n\n\n<p>Aquesta reobertura s&#8217;ha pactat amb la <strong>Conselleria de Sanitat Universal i Salut P\u00fablica<\/strong> despr\u00e9s de la reuni\u00f3 que s&#8217;ha mantingut en el mat\u00ed de hui entre membres de la <strong>Conselleria<\/strong> i la <strong>FFCV<\/strong>.<\/p>\n\n\n\n<p>Dilluns que ve, el president de la <strong>FFCV<\/strong>, <strong>Salva Gomar<\/strong>, est\u00e0 citat en la Conselleria per a aportar dades necess\u00e0ries a la redacci\u00f3 de la resoluci\u00f3 que permeta la volta de l&#8217;esport en la <strong>Comunitat Valenciana<\/strong>.<\/p>\n\n\n\n<p>La <strong>Conselleria de Sanitat<\/strong> ha at\u00e9s les peticions de la <strong>FFCV<\/strong> i preparar\u00e0 una resoluci\u00f3 en la qual es permeten les competicions i l&#8217;entrada de p\u00fablic en els partits de futbol i futbol sala.<\/p>\n\n\n\n<p>En un comunicat, la <strong>Conselleria de Sanitat <\/strong>explica que la consellera, <strong>Ana Barcel\u00f3<\/strong>, \u00abha assegurat que revisar\u00e0 les mesures en el sentit de relaxar les restriccions\u00bb.<\/p>\n\n\n\n<p>La <strong>FFCV<\/strong> confia en la paraula de la consellera, ja que ja ha demostrat complir-la amb el futbol de la <strong>Comunitat Valenciana<\/strong> en anteriors ocasions.<\/p>\n\n\n\n<p>Per tant, la <strong>FFCV<\/strong> desconvoca les concentracions que estaven previstes per a dem\u00e0 dimecres 17 a Val\u00e8ncia i agraeix als clubs la gran implicaci\u00f3 que han tingut per a ajudar al fet que la <strong>Generalitat Valenciana<\/strong> rectifique la resoluci\u00f3.<\/p>\n","protected":false},"excerpt":{"rendered":"<p>La Federaci\u00f3 de Futbol de la Comunitat Valenciana reobrir\u00e0 totes les competicions territorials el pr\u00f2xim cap de setmana del 26-27-28 de mar\u00e7. Aquesta reobertura s&#8217;ha pactat amb la Conselleria de Sanitat Universal i Salut P\u00fablica despr\u00e9s de la reuni\u00f3 que s&#8217;ha mantingut en el mat\u00ed de hui entre membres de la Conselleria i la FFCV.<\/p>\n","protected":false},"author":16,"featured_media":56652,"comment_status":"closed","ping_status":"closed","sticky":false,"template":"","format":"standard","meta":{"om_disable_all_campaigns":false,"footnotes":""},"categories":[1684,3321],"tags":[],"class_list":["post-56781","post","type-post","status-publish","format-standard","has-post-thumbnail","hentry","category-noticies-ffcv","category-portada-va"],"aioseo_notices":[],"_links":{"self":[{"href":"https:\/\/ffcv.es\/wp\/wp-json\/wp\/v2\/posts\/56781"}],"collection":[{"href":"https:\/\/ffcv.es\/wp\/wp-json\/wp\/v2\/posts"}],"about":[{"href":"https:\/\/ffcv.es\/wp\/wp-json\/wp\/v2\/types\/post"}],"author":[{"embeddable":true,"href":"https:\/\/ffcv.es\/wp\/wp-json\/wp\/v2\/users\/16"}],"replies":[{"embeddable":true,"href":"https:\/\/ffcv.es\/wp\/wp-json\/wp\/v2\/comments?post=56781"}],"version-history":[{"count":1,"href":"https:\/\/ffcv.es\/wp\/wp-json\/wp\/v2\/posts\/56781\/revisions"}],"predecessor-version":[{"id":56782,"href":"https:\/\/ffcv.es\/wp\/wp-json\/wp\/v2\/posts\/56781\/revisions\/56782"}],"wp:featuredmedia":[{"embeddable":true,"href":"https:\/\/ffcv.es\/wp\/wp-json\/wp\/v2\/media\/56652"}],"wp:attachment":[{"href":"https:\/\/ffcv.es\/wp\/wp-json\/wp\/v2\/media?parent=56781"}],"wp:term":[{"taxonomy":"category","embeddable":true,"href":"https:\/\/ffcv.es\/wp\/wp-json\/wp\/v2\/categories?post=56781"},{"taxonomy":"post_tag","embeddable":true,"href":"https:\/\/ffcv.es\/wp\/wp-json\/wp\/v2\/tags?post=56781"}],"curies":[{"name":"wp","href":"https:\/\/api.w.org\/{rel}","templated":true}]}}