{"id":54830,"date":"2021-01-15T11:36:25","date_gmt":"2021-01-15T09:36:25","guid":{"rendered":"https:\/\/ffcv.es\/wp\/?p=54830"},"modified":"2021-01-15T11:40:06","modified_gmt":"2021-01-15T09:40:06","slug":"fin-semana-copero-para-equipos-comunitat-valenciana","status":"publish","type":"post","link":"https:\/\/ffcv.es\/wp\/blog\/2021\/01\/fin-semana-copero-para-equipos-comunitat-valenciana\/","title":{"rendered":"Fin de semana copero para los equipos de la Comunitat Valenciana"},"content":{"rendered":"\n<p>Par\u00f3n liguero en las m\u00e1ximas competiciones para dilucidar los diecieseisavos de final de la <strong>Copa del Rey,<\/strong> en los que cuatro de los cinco equipos de la <strong>Comunitat <\/strong>resolver\u00e1n sus eliminatorias.<\/p>\n\n\n\n<p><strong>Elche CF, Levante UD, Valencia CF <\/strong>y<strong> Villarreal CF <\/strong>afrontar\u00e1n este pr\u00f3ximo fin de semana la eliminatoria de dieciseisavos de final del torneo del KO.<\/p>\n\n\n\n<p>El s\u00e1bado 16 de enero los ilicitanos abrir\u00e1n el fuego a las doce del mediod\u00eda sobre el c\u00e9sped del Estadio de <strong>Vallecas <\/strong>ante el <strong>Rayo<\/strong>. <\/p>\n\n\n\n<p>Ya por la tarde, ser\u00e1 el turno del <strong>Levante <\/strong>tambi\u00e9n en tierras madrile\u00f1as; concretamente la <strong>Ciudad del F\u00fatbol de Las Rozas<\/strong> ser\u00e1 el escenario del duelo ante el <strong>Fuenlabrada <\/strong>a partir de las 18.00 horas.<\/p>\n\n\n\n<figure class=\"wp-block-image size-large\"><img loading=\"lazy\" decoding=\"async\" width=\"1024\" height=\"742\" data-src=\"https:\/\/ffcv.es\/wp\/wp-content\/uploads\/2021\/01\/ErEv7V9WMAEn1-C-1170x848-1-1024x742.jpg\" alt=\"\" class=\"wp-image-54856 lazyload\" data-srcset=\"https:\/\/ffcv.es\/wp\/wp-content\/uploads\/2021\/01\/ErEv7V9WMAEn1-C-1170x848-1-1024x742.jpg 1024w, https:\/\/ffcv.es\/wp\/wp-content\/uploads\/2021\/01\/ErEv7V9WMAEn1-C-1170x848-1-300x217.jpg 300w, https:\/\/ffcv.es\/wp\/wp-content\/uploads\/2021\/01\/ErEv7V9WMAEn1-C-1170x848-1-768x557.jpg 768w, https:\/\/ffcv.es\/wp\/wp-content\/uploads\/2021\/01\/ErEv7V9WMAEn1-C-1170x848-1-258x187.jpg 258w, https:\/\/ffcv.es\/wp\/wp-content\/uploads\/2021\/01\/ErEv7V9WMAEn1-C-1170x848-1.jpg 1170w\" data-sizes=\"(max-width: 1024px) 100vw, 1024px\" src=\"data:image\/gif;base64,R0lGODlhAQABAAAAACH5BAEKAAEALAAAAAABAAEAAAICTAEAOw==\" style=\"--smush-placeholder-width: 1024px; --smush-placeholder-aspect-ratio: 1024\/742;\" \/><noscript><img loading=\"lazy\" decoding=\"async\" width=\"1024\" height=\"742\" src=\"https:\/\/ffcv.es\/wp\/wp-content\/uploads\/2021\/01\/ErEv7V9WMAEn1-C-1170x848-1-1024x742.jpg\" alt=\"\" class=\"wp-image-54856\" srcset=\"https:\/\/ffcv.es\/wp\/wp-content\/uploads\/2021\/01\/ErEv7V9WMAEn1-C-1170x848-1-1024x742.jpg 1024w, https:\/\/ffcv.es\/wp\/wp-content\/uploads\/2021\/01\/ErEv7V9WMAEn1-C-1170x848-1-300x217.jpg 300w, https:\/\/ffcv.es\/wp\/wp-content\/uploads\/2021\/01\/ErEv7V9WMAEn1-C-1170x848-1-768x557.jpg 768w, https:\/\/ffcv.es\/wp\/wp-content\/uploads\/2021\/01\/ErEv7V9WMAEn1-C-1170x848-1-258x187.jpg 258w, https:\/\/ffcv.es\/wp\/wp-content\/uploads\/2021\/01\/ErEv7V9WMAEn1-C-1170x848-1.jpg 1170w\" sizes=\"(max-width: 1024px) 100vw, 1024px\" \/><\/noscript><\/figure>\n\n\n\n<p>Ya el domingo, <strong>Valencia <\/strong>y <strong>Villarreal <\/strong>se la jugar\u00e1n en <strong>Copa <\/strong>a partir de las 18:00 horas. Los &#8216;ch\u00e9&#8217; se las ver\u00e1n con el <strong>Alcorc\u00f3n<\/strong>, mientras que los &#8216;groguets&#8217; habr\u00e1n viajado hasta las <strong>Islas Canarias <\/strong>para medirse al <strong>Tenerife<\/strong>.<\/p>\n\n\n\n<figure class=\"wp-block-image size-large\"><img loading=\"lazy\" decoding=\"async\" width=\"1024\" height=\"576\" data-src=\"https:\/\/ffcv.es\/wp\/wp-content\/uploads\/2021\/01\/6f72b15d2323762dc155ecfdaf5ef8b1_XL-1-1024x576.jpg\" alt=\"\" class=\"wp-image-54855 lazyload\" data-srcset=\"https:\/\/ffcv.es\/wp\/wp-content\/uploads\/2021\/01\/6f72b15d2323762dc155ecfdaf5ef8b1_XL-1-1024x576.jpg 1024w, https:\/\/ffcv.es\/wp\/wp-content\/uploads\/2021\/01\/6f72b15d2323762dc155ecfdaf5ef8b1_XL-1-300x169.jpg 300w, https:\/\/ffcv.es\/wp\/wp-content\/uploads\/2021\/01\/6f72b15d2323762dc155ecfdaf5ef8b1_XL-1-768x432.jpg 768w, https:\/\/ffcv.es\/wp\/wp-content\/uploads\/2021\/01\/6f72b15d2323762dc155ecfdaf5ef8b1_XL-1-280x157.jpg 280w, https:\/\/ffcv.es\/wp\/wp-content\/uploads\/2021\/01\/6f72b15d2323762dc155ecfdaf5ef8b1_XL-1.jpg 1170w\" data-sizes=\"(max-width: 1024px) 100vw, 1024px\" src=\"data:image\/gif;base64,R0lGODlhAQABAAAAACH5BAEKAAEALAAAAAABAAEAAAICTAEAOw==\" style=\"--smush-placeholder-width: 1024px; --smush-placeholder-aspect-ratio: 1024\/576;\" \/><noscript><img loading=\"lazy\" decoding=\"async\" width=\"1024\" height=\"576\" src=\"https:\/\/ffcv.es\/wp\/wp-content\/uploads\/2021\/01\/6f72b15d2323762dc155ecfdaf5ef8b1_XL-1-1024x576.jpg\" alt=\"\" class=\"wp-image-54855\" srcset=\"https:\/\/ffcv.es\/wp\/wp-content\/uploads\/2021\/01\/6f72b15d2323762dc155ecfdaf5ef8b1_XL-1-1024x576.jpg 1024w, https:\/\/ffcv.es\/wp\/wp-content\/uploads\/2021\/01\/6f72b15d2323762dc155ecfdaf5ef8b1_XL-1-300x169.jpg 300w, https:\/\/ffcv.es\/wp\/wp-content\/uploads\/2021\/01\/6f72b15d2323762dc155ecfdaf5ef8b1_XL-1-768x432.jpg 768w, https:\/\/ffcv.es\/wp\/wp-content\/uploads\/2021\/01\/6f72b15d2323762dc155ecfdaf5ef8b1_XL-1-280x157.jpg 280w, https:\/\/ffcv.es\/wp\/wp-content\/uploads\/2021\/01\/6f72b15d2323762dc155ecfdaf5ef8b1_XL-1.jpg 1170w\" sizes=\"(max-width: 1024px) 100vw, 1024px\" \/><\/noscript><\/figure>\n\n\n\n<p>Completar\u00e1 estos dieciseisavos de final para los representantes valencianos el duelo <strong>Alcoyano-Real Madrid<\/strong>, que se disputar\u00e1 el pr\u00f3ximo mi\u00e9rcoles, 20 de enero, a las 21:00 horas.<\/p>\n","protected":false},"excerpt":{"rendered":"<p>Par\u00f3n liguero en las m\u00e1ximas competiciones para dilucidar los diecieseisavos de final de la Copa del Rey, en los que cuatro de los cinco equipos de la Comunitat resolver\u00e1n sus eliminatorias. Elche CF, Levante UD, Valencia CF y Villarreal CF afrontar\u00e1n este pr\u00f3ximo fin de semana la eliminatoria de dieciseisavos de final del torneo del<\/p>\n","protected":false},"author":5,"featured_media":54857,"comment_status":"closed","ping_status":"closed","sticky":false,"template":"","format":"standard","meta":{"om_disable_all_campaigns":false,"footnotes":""},"categories":[16,69],"tags":[136,741,137],"class_list":["post-54830","post","type-post","status-publish","format-standard","has-post-thumbnail","hentry","category-actualidad","category-noticias-ffcv","tag-copa-del-rey","tag-dieciseisavos-de-final","tag-rfef"],"aioseo_notices":[],"_links":{"self":[{"href":"https:\/\/ffcv.es\/wp\/wp-json\/wp\/v2\/posts\/54830"}],"collection":[{"href":"https:\/\/ffcv.es\/wp\/wp-json\/wp\/v2\/posts"}],"about":[{"href":"https:\/\/ffcv.es\/wp\/wp-json\/wp\/v2\/types\/post"}],"author":[{"embeddable":true,"href":"https:\/\/ffcv.es\/wp\/wp-json\/wp\/v2\/users\/5"}],"replies":[{"embeddable":true,"href":"https:\/\/ffcv.es\/wp\/wp-json\/wp\/v2\/comments?post=54830"}],"version-history":[{"count":5,"href":"https:\/\/ffcv.es\/wp\/wp-json\/wp\/v2\/posts\/54830\/revisions"}],"predecessor-version":[{"id":55125,"href":"https:\/\/ffcv.es\/wp\/wp-json\/wp\/v2\/posts\/54830\/revisions\/55125"}],"wp:featuredmedia":[{"embeddable":true,"href":"https:\/\/ffcv.es\/wp\/wp-json\/wp\/v2\/media\/54857"}],"wp:attachment":[{"href":"https:\/\/ffcv.es\/wp\/wp-json\/wp\/v2\/media?parent=54830"}],"wp:term":[{"taxonomy":"category","embeddable":true,"href":"https:\/\/ffcv.es\/wp\/wp-json\/wp\/v2\/categories?post=54830"},{"taxonomy":"post_tag","embeddable":true,"href":"https:\/\/ffcv.es\/wp\/wp-json\/wp\/v2\/tags?post=54830"}],"curies":[{"name":"wp","href":"https:\/\/api.w.org\/{rel}","templated":true}]}}