{"id":54131,"date":"2020-12-15T18:23:12","date_gmt":"2020-12-15T16:23:12","guid":{"rendered":"https:\/\/ffcv.es\/wp\/?p=54131"},"modified":"2020-12-15T18:23:15","modified_gmt":"2020-12-15T16:23:15","slug":"arranca-la-copa-del-rei-per-als-huit-equips-representants-de-la-comunitat-valenciana","status":"publish","type":"post","link":"https:\/\/ffcv.es\/wp\/va\/blog\/2020\/12\/arranca-la-copa-del-rei-per-als-huit-equips-representants-de-la-comunitat-valenciana\/","title":{"rendered":"Arranca la Copa del Rei per als huit equips representants de la Comunitat Valenciana"},"content":{"rendered":"\n<p><strong>Valencia CF, Levante UD, Villarreal CF, Elche CF, CD Castell\u00f3n, CF La Nuc\u00eda <\/strong>i<strong> CD Bu\u00f1ol<\/strong>  comencen dem\u00e0 la seua participaci\u00f3 en la Copa de SM el Rei de futbol. L&#8217;Alcoyano far\u00e0 el propi dijous que ve.<\/p>\n\n\n\n<p>El gruix dels representants de la <strong>Comunitat <\/strong>en el torneig del KO dona principi dem\u00e0 a la primera eliminat\u00f2ria d&#8217;aquest.<\/p>\n\n\n\n<p>El primer a obrir el foc en <strong>Copa <\/strong>ser\u00e0 el <strong>CD Castell\u00f3n<\/strong>, que a les 18:00 saltar\u00e0 a la gespa del \u2018Bah\u00eda Sur\u2019 per a enfrontar-se al <strong>San Fernando CD Isle\u00f1o <\/strong>despr\u00e9s de la seua transcendental vict\u00f2ria en lliga en l&#8217;\u00faltima jornada.<\/p>\n\n\n\n<figure class=\"wp-block-image size-large\"><img loading=\"lazy\" decoding=\"async\" width=\"980\" height=\"554\" data-src=\"https:\/\/ffcv.es\/wp\/wp-content\/uploads\/2020\/12\/20190525235655951-kjvF-U462459847577Bj-980x554@MundoDeportivo-Web-1-1.jpg\" alt=\"\" class=\"wp-image-54133 lazyload\" data-srcset=\"https:\/\/ffcv.es\/wp\/wp-content\/uploads\/2020\/12\/20190525235655951-kjvF-U462459847577Bj-980x554@MundoDeportivo-Web-1-1.jpg 980w, https:\/\/ffcv.es\/wp\/wp-content\/uploads\/2020\/12\/20190525235655951-kjvF-U462459847577Bj-980x554@MundoDeportivo-Web-1-1-300x170.jpg 300w, https:\/\/ffcv.es\/wp\/wp-content\/uploads\/2020\/12\/20190525235655951-kjvF-U462459847577Bj-980x554@MundoDeportivo-Web-1-1-768x434.jpg 768w, https:\/\/ffcv.es\/wp\/wp-content\/uploads\/2020\/12\/20190525235655951-kjvF-U462459847577Bj-980x554@MundoDeportivo-Web-1-1-280x158.jpg 280w\" data-sizes=\"(max-width: 980px) 100vw, 980px\" src=\"data:image\/gif;base64,R0lGODlhAQABAAAAACH5BAEKAAEALAAAAAABAAEAAAICTAEAOw==\" style=\"--smush-placeholder-width: 980px; --smush-placeholder-aspect-ratio: 980\/554;\" \/><noscript><img loading=\"lazy\" decoding=\"async\" width=\"980\" height=\"554\" src=\"https:\/\/ffcv.es\/wp\/wp-content\/uploads\/2020\/12\/20190525235655951-kjvF-U462459847577Bj-980x554@MundoDeportivo-Web-1-1.jpg\" alt=\"\" class=\"wp-image-54133\" srcset=\"https:\/\/ffcv.es\/wp\/wp-content\/uploads\/2020\/12\/20190525235655951-kjvF-U462459847577Bj-980x554@MundoDeportivo-Web-1-1.jpg 980w, https:\/\/ffcv.es\/wp\/wp-content\/uploads\/2020\/12\/20190525235655951-kjvF-U462459847577Bj-980x554@MundoDeportivo-Web-1-1-300x170.jpg 300w, https:\/\/ffcv.es\/wp\/wp-content\/uploads\/2020\/12\/20190525235655951-kjvF-U462459847577Bj-980x554@MundoDeportivo-Web-1-1-768x434.jpg 768w, https:\/\/ffcv.es\/wp\/wp-content\/uploads\/2020\/12\/20190525235655951-kjvF-U462459847577Bj-980x554@MundoDeportivo-Web-1-1-280x158.jpg 280w\" sizes=\"(max-width: 980px) 100vw, 980px\" \/><\/noscript><figcaption>El Valencia CF \u00e9s el vigent Campi\u00f3 de la Copa de Sa Majestat el Rei<\/figcaption><\/figure>\n\n\n\n<p>Una hora m\u00e9s tard (19.00) faran el propi el <strong>Levante UD<\/strong> a casa del <strong>Racing Murcia FC<\/strong>, i el vigent campi\u00f3, el <strong>Valencia CF<\/strong>, en el feu del <strong>Terrassa FC<\/strong>.<\/p>\n\n\n\n<p>Per part seua, el <strong>CF La Nucia<\/strong> debutar\u00e0 en <strong>Copa <\/strong>a les 20:30 hores sobre la gespa de  <strong>La Planilla<\/strong> per a mesurar-se al <strong>CD Calahorra<\/strong>.<\/p>\n\n\n\n<p>A les 21.00 ser\u00e0 el torn per a <strong>CD Bu\u00f1ol i Elche CF<\/strong>, en un enfrontament fratricida que assegurar\u00e0 la pres\u00e8ncia d&#8217;almenys un equip valenci\u00e0 en la seg\u00fcent ronda. La cita, a la Ciutat Esportiva del <strong>Levante <\/strong>a <strong>Bu\u00f1ol<\/strong>.<\/p>\n\n\n\n<figure class=\"wp-block-image size-large\"><img loading=\"lazy\" decoding=\"async\" width=\"1024\" height=\"631\" data-src=\"https:\/\/ffcv.es\/wp\/wp-content\/uploads\/2020\/12\/EpL_N-uXIAAaoXG-1024x631-1.jpg\" alt=\"\" class=\"wp-image-54132 lazyload\" data-srcset=\"https:\/\/ffcv.es\/wp\/wp-content\/uploads\/2020\/12\/EpL_N-uXIAAaoXG-1024x631-1.jpg 1024w, https:\/\/ffcv.es\/wp\/wp-content\/uploads\/2020\/12\/EpL_N-uXIAAaoXG-1024x631-1-300x185.jpg 300w, https:\/\/ffcv.es\/wp\/wp-content\/uploads\/2020\/12\/EpL_N-uXIAAaoXG-1024x631-1-768x473.jpg 768w, https:\/\/ffcv.es\/wp\/wp-content\/uploads\/2020\/12\/EpL_N-uXIAAaoXG-1024x631-1-280x173.jpg 280w\" data-sizes=\"(max-width: 1024px) 100vw, 1024px\" src=\"data:image\/gif;base64,R0lGODlhAQABAAAAACH5BAEKAAEALAAAAAABAAEAAAICTAEAOw==\" style=\"--smush-placeholder-width: 1024px; --smush-placeholder-aspect-ratio: 1024\/631;\" \/><noscript><img loading=\"lazy\" decoding=\"async\" width=\"1024\" height=\"631\" src=\"https:\/\/ffcv.es\/wp\/wp-content\/uploads\/2020\/12\/EpL_N-uXIAAaoXG-1024x631-1.jpg\" alt=\"\" class=\"wp-image-54132\" srcset=\"https:\/\/ffcv.es\/wp\/wp-content\/uploads\/2020\/12\/EpL_N-uXIAAaoXG-1024x631-1.jpg 1024w, https:\/\/ffcv.es\/wp\/wp-content\/uploads\/2020\/12\/EpL_N-uXIAAaoXG-1024x631-1-300x185.jpg 300w, https:\/\/ffcv.es\/wp\/wp-content\/uploads\/2020\/12\/EpL_N-uXIAAaoXG-1024x631-1-768x473.jpg 768w, https:\/\/ffcv.es\/wp\/wp-content\/uploads\/2020\/12\/EpL_N-uXIAAaoXG-1024x631-1-280x173.jpg 280w\" sizes=\"(max-width: 1024px) 100vw, 1024px\" \/><\/noscript><figcaption>El Elche CF viatjar\u00e0 a Bu\u00f1ol per a estrenar-se en la Copa 2020\/21<\/figcaption><\/figure>\n\n\n\n<p>Tamb\u00e9 a les 21.00 saltar\u00e0 el Villarreal al camp de les Instal\u00b7lacions Esportives Municipals de <strong>Sarriena <\/strong>per a jugar davant la <strong>SD Leioa<\/strong>.<\/p>\n\n\n\n<p>Per al dimecres, dia 17 de desembre, tan sols restar\u00e0 per disputar l&#8217;encontre entre <strong>CD Alcoyano i CD Laredo<\/strong> a les 20.15 hores en <strong>El Collao.<\/strong><\/p>\n","protected":false},"excerpt":{"rendered":"<p>Valencia CF, Levante UD, Villarreal CF, Elche CF, CD Castell\u00f3n, CF La Nuc\u00eda i CD Bu\u00f1ol comencen dem\u00e0 la seua participaci\u00f3 en la Copa de SM el Rei de futbol. L&#8217;Alcoyano far\u00e0 el propi dijous que ve. El gruix dels representants de la Comunitat en el torneig del KO dona principi dem\u00e0 a la primera<\/p>\n","protected":false},"author":5,"featured_media":54104,"comment_status":"closed","ping_status":"closed","sticky":false,"template":"","format":"standard","meta":{"om_disable_all_campaigns":false,"footnotes":""},"categories":[3323,1684,3321],"tags":[4874],"class_list":["post-54131","post","type-post","status-publish","format-standard","has-post-thumbnail","hentry","category-noticies","category-noticies-ffcv","category-portada-va","tag-copa-del-rei"],"aioseo_notices":[],"_links":{"self":[{"href":"https:\/\/ffcv.es\/wp\/wp-json\/wp\/v2\/posts\/54131"}],"collection":[{"href":"https:\/\/ffcv.es\/wp\/wp-json\/wp\/v2\/posts"}],"about":[{"href":"https:\/\/ffcv.es\/wp\/wp-json\/wp\/v2\/types\/post"}],"author":[{"embeddable":true,"href":"https:\/\/ffcv.es\/wp\/wp-json\/wp\/v2\/users\/5"}],"replies":[{"embeddable":true,"href":"https:\/\/ffcv.es\/wp\/wp-json\/wp\/v2\/comments?post=54131"}],"version-history":[{"count":2,"href":"https:\/\/ffcv.es\/wp\/wp-json\/wp\/v2\/posts\/54131\/revisions"}],"predecessor-version":[{"id":54135,"href":"https:\/\/ffcv.es\/wp\/wp-json\/wp\/v2\/posts\/54131\/revisions\/54135"}],"wp:featuredmedia":[{"embeddable":true,"href":"https:\/\/ffcv.es\/wp\/wp-json\/wp\/v2\/media\/54104"}],"wp:attachment":[{"href":"https:\/\/ffcv.es\/wp\/wp-json\/wp\/v2\/media?parent=54131"}],"wp:term":[{"taxonomy":"category","embeddable":true,"href":"https:\/\/ffcv.es\/wp\/wp-json\/wp\/v2\/categories?post=54131"},{"taxonomy":"post_tag","embeddable":true,"href":"https:\/\/ffcv.es\/wp\/wp-json\/wp\/v2\/tags?post=54131"}],"curies":[{"name":"wp","href":"https:\/\/api.w.org\/{rel}","templated":true}]}}