{"id":54007,"date":"2020-12-14T11:04:21","date_gmt":"2020-12-14T09:04:21","guid":{"rendered":"https:\/\/ffcv.es\/wp\/?p=54007"},"modified":"2020-12-14T11:04:23","modified_gmt":"2020-12-14T09:04:23","slug":"delegats-ffcv-constaten-clubs-compleixen-norma-generalitat-protocols-anti-covid-19","status":"publish","type":"post","link":"https:\/\/ffcv.es\/wp\/va\/blog\/2020\/12\/delegats-ffcv-constaten-clubs-compleixen-norma-generalitat-protocols-anti-covid-19\/","title":{"rendered":"Els delegats FFCV constaten que els clubs de la Comunitat compleixen amb la norma de la Generalitat i els protocols anti COVID-19"},"content":{"rendered":"\n<p>Primer dia de delegats <strong>FFCV <\/strong>recorrent les instal\u00b7lacions de la <strong>Comunitat Valenciana <\/strong>que alberguen competicions oficials i ple de clubs que cuiden al m\u00e0xim els protocols.<\/p>\n\n\n\n<p>En la seua estrena, els delegats <strong>FFCV <\/strong>han visitat multitud de camps de les tres prov\u00edncies, <strong>Castell\u00f3, Val\u00e8ncia i Alacant<\/strong>, i han pogut constatar que el compliment de les normes \u00e9s escrupol\u00f3s.<\/p>\n\n\n\n<figure class=\"wp-block-embed-twitter wp-block-embed is-type-rich is-provider-twitter\"><div class=\"wp-block-embed__wrapper\">\n<blockquote class=\"twitter-tweet\" data-width=\"500\" data-dnt=\"true\"><p lang=\"es\" dir=\"ltr\">| CLUBS |<br><br>\ud83d\udc4d\ud83c\udffb Los delegados federativos constatan que los clubs de la <a href=\"https:\/\/twitter.com\/hashtag\/Comunitat?src=hash&amp;ref_src=twsrc%5Etfw\">#Comunitat<\/a> cumplen con los protocolos y con la resoluci\u00f3n de la <a href=\"https:\/\/twitter.com\/GVAsanitat?ref_src=twsrc%5Etfw\">@GVAsanitat<\/a><br><br>\ud83d\udd1c Primer paso para solicitar mejores medidas<br><br>\ud83d\udcce <a href=\"https:\/\/t.co\/df5adBsrJ6\">https:\/\/t.co\/df5adBsrJ6<\/a><br><br>Gracias a los clubs por su implicaci\u00f3n \ud83d\udc4f\ud83c\udffb<a href=\"https:\/\/twitter.com\/hashtag\/EntremSegurs?src=hash&amp;ref_src=twsrc%5Etfw\">#EntremSegurs<\/a> <a href=\"https:\/\/t.co\/cEJ4bNLZwx\">pic.twitter.com\/cEJ4bNLZwx<\/a><\/p>&mdash; FFCV (@FFCV_info) <a href=\"https:\/\/twitter.com\/FFCV_info\/status\/1337822408372326405?ref_src=twsrc%5Etfw\">December 12, 2020<\/a><\/blockquote><script async src=\"https:\/\/platform.twitter.com\/widgets.js\" charset=\"utf-8\"><\/script>\n<\/div><\/figure>\n\n\n\n<p>D&#8217;una banda, els representants federatius revisen el treball del club local a l&#8217;hora de complir el protocol anti <strong>COVID-19<\/strong>. Per un altre, que es complisca <a href=\"https:\/\/ffcv.es\/wp\/blog\/2020\/12\/05\/la-generalitat-valenciana-permite-el-acceso-de-publico-a-los-campos-tras-la-peticion-de-la-ffcv\/\">l&#8217;\u00faltima resoluci\u00f3 de la <strong>Generalitat Valenciana<\/strong><\/a> respecte a l&#8217;aforament de les instal\u00b7lacions.<\/p>\n\n\n\n<figure class=\"wp-block-image size-large\"><img loading=\"lazy\" decoding=\"async\" width=\"1024\" height=\"606\" data-src=\"https:\/\/ffcv.es\/wp\/wp-content\/uploads\/2020\/12\/12-dic-campo-Poliesportiu-Picassent-la-gente-cumple-medidas-1024x606-1.jpg\" alt=\"\" class=\"wp-image-54008 lazyload\" data-srcset=\"https:\/\/ffcv.es\/wp\/wp-content\/uploads\/2020\/12\/12-dic-campo-Poliesportiu-Picassent-la-gente-cumple-medidas-1024x606-1.jpg 1024w, https:\/\/ffcv.es\/wp\/wp-content\/uploads\/2020\/12\/12-dic-campo-Poliesportiu-Picassent-la-gente-cumple-medidas-1024x606-1-300x178.jpg 300w, https:\/\/ffcv.es\/wp\/wp-content\/uploads\/2020\/12\/12-dic-campo-Poliesportiu-Picassent-la-gente-cumple-medidas-1024x606-1-768x455.jpg 768w, https:\/\/ffcv.es\/wp\/wp-content\/uploads\/2020\/12\/12-dic-campo-Poliesportiu-Picassent-la-gente-cumple-medidas-1024x606-1-280x166.jpg 280w\" data-sizes=\"(max-width: 1024px) 100vw, 1024px\" src=\"data:image\/gif;base64,R0lGODlhAQABAAAAACH5BAEKAAEALAAAAAABAAEAAAICTAEAOw==\" style=\"--smush-placeholder-width: 1024px; --smush-placeholder-aspect-ratio: 1024\/606;\" \/><noscript><img loading=\"lazy\" decoding=\"async\" width=\"1024\" height=\"606\" src=\"https:\/\/ffcv.es\/wp\/wp-content\/uploads\/2020\/12\/12-dic-campo-Poliesportiu-Picassent-la-gente-cumple-medidas-1024x606-1.jpg\" alt=\"\" class=\"wp-image-54008\" srcset=\"https:\/\/ffcv.es\/wp\/wp-content\/uploads\/2020\/12\/12-dic-campo-Poliesportiu-Picassent-la-gente-cumple-medidas-1024x606-1.jpg 1024w, https:\/\/ffcv.es\/wp\/wp-content\/uploads\/2020\/12\/12-dic-campo-Poliesportiu-Picassent-la-gente-cumple-medidas-1024x606-1-300x178.jpg 300w, https:\/\/ffcv.es\/wp\/wp-content\/uploads\/2020\/12\/12-dic-campo-Poliesportiu-Picassent-la-gente-cumple-medidas-1024x606-1-768x455.jpg 768w, https:\/\/ffcv.es\/wp\/wp-content\/uploads\/2020\/12\/12-dic-campo-Poliesportiu-Picassent-la-gente-cumple-medidas-1024x606-1-280x166.jpg 280w\" sizes=\"(max-width: 1024px) 100vw, 1024px\" \/><\/noscript><figcaption>Imatge d&#8217;ahir al Poliesportiu Municipal de Picassent.<\/figcaption><\/figure>\n\n\n\n<p>Gr\u00e0cies a la gran faena que estan realitzant els clubs de la <strong>Comunitat<\/strong>, certificat per aquests delegats, la <strong>FFCV <\/strong>podr\u00e0 demanar una ampliaci\u00f3 de les mesures de cara al pr\u00f2xim 15 de gener, data en la qual finalitza l&#8217;actual resoluci\u00f3 de <strong>Sanitat<\/strong>.<\/p>\n\n\n\n<p>L&#8217;objectiu \u00e9s que la <strong>Generalitat <\/strong>puga verificar que el futbol \u00e9s segur i que amplie l&#8217;aforament perm\u00e9s actualment (30% i 150 persones com a m\u00e0xim), sobretot en estadis de m\u00e9s capacitat.<\/p>\n","protected":false},"excerpt":{"rendered":"<p>Primer dia de delegats FFCV recorrent les instal\u00b7lacions de la Comunitat Valenciana que alberguen competicions oficials i ple de clubs que cuiden al m\u00e0xim els protocols. En la seua estrena, els delegats FFCV han visitat multitud de camps de les tres prov\u00edncies, Castell\u00f3, Val\u00e8ncia i Alacant, i han pogut constatar que el compliment de les<\/p>\n","protected":false},"author":5,"featured_media":53961,"comment_status":"closed","ping_status":"closed","sticky":false,"template":"","format":"standard","meta":{"om_disable_all_campaigns":false,"footnotes":""},"categories":[3323,1684,3321],"tags":[],"class_list":["post-54007","post","type-post","status-publish","format-standard","has-post-thumbnail","hentry","category-noticies","category-noticies-ffcv","category-portada-va"],"aioseo_notices":[],"_links":{"self":[{"href":"https:\/\/ffcv.es\/wp\/wp-json\/wp\/v2\/posts\/54007"}],"collection":[{"href":"https:\/\/ffcv.es\/wp\/wp-json\/wp\/v2\/posts"}],"about":[{"href":"https:\/\/ffcv.es\/wp\/wp-json\/wp\/v2\/types\/post"}],"author":[{"embeddable":true,"href":"https:\/\/ffcv.es\/wp\/wp-json\/wp\/v2\/users\/5"}],"replies":[{"embeddable":true,"href":"https:\/\/ffcv.es\/wp\/wp-json\/wp\/v2\/comments?post=54007"}],"version-history":[{"count":1,"href":"https:\/\/ffcv.es\/wp\/wp-json\/wp\/v2\/posts\/54007\/revisions"}],"predecessor-version":[{"id":54009,"href":"https:\/\/ffcv.es\/wp\/wp-json\/wp\/v2\/posts\/54007\/revisions\/54009"}],"wp:featuredmedia":[{"embeddable":true,"href":"https:\/\/ffcv.es\/wp\/wp-json\/wp\/v2\/media\/53961"}],"wp:attachment":[{"href":"https:\/\/ffcv.es\/wp\/wp-json\/wp\/v2\/media?parent=54007"}],"wp:term":[{"taxonomy":"category","embeddable":true,"href":"https:\/\/ffcv.es\/wp\/wp-json\/wp\/v2\/categories?post=54007"},{"taxonomy":"post_tag","embeddable":true,"href":"https:\/\/ffcv.es\/wp\/wp-json\/wp\/v2\/tags?post=54007"}],"curies":[{"name":"wp","href":"https:\/\/api.w.org\/{rel}","templated":true}]}}