{"id":52641,"date":"2020-11-18T10:23:58","date_gmt":"2020-11-18T08:23:58","guid":{"rendered":"https:\/\/ffcv.es\/wp\/?p=52641"},"modified":"2020-11-18T10:24:01","modified_gmt":"2020-11-18T08:24:01","slug":"sergio-calduch-debuta-como-seleccionador-sub16-de-futbol-sala","status":"publish","type":"post","link":"https:\/\/ffcv.es\/wp\/blog\/2020\/11\/sergio-calduch-debuta-como-seleccionador-sub16-de-futbol-sala\/","title":{"rendered":"Sergio Calduch debuta como seleccionador sub16 de f\u00fatbol sala"},"content":{"rendered":"\n<p><strong>Sergio Calduch<\/strong> debut\u00f3 ayer en <strong>Alfafar<\/strong> como seleccionador sub16 masculino de f\u00fatbol sala en la primera sesi\u00f3n de trabajo del combinado auton\u00f3mico.<\/p>\n\n\n\n<p>Con esta primera convocatoria de jugadores de primer a\u00f1o de clubes de <strong>Castell\u00f3n<\/strong> y <strong>Valencia<\/strong>, <strong>Calduch<\/strong> se estren\u00f3 por segunda vez como seleccionador de la <strong>FFCV<\/strong>.<\/p>\n\n\n\n<p>El <strong>Pabell\u00f3n Polideportivo SUMA de Alfafar <\/strong>fue el escenario de esta primera toma de contacto de la <strong>Selecci\u00f3 Valenciana sub16<\/strong> masculina, que congreg\u00f3 a 19 jugadores.<\/p>\n\n\n\n<figure class=\"wp-block-gallery columns-3 is-cropped wp-block-gallery-1 is-layout-flex wp-block-gallery-is-layout-flex\"><ul class=\"blocks-gallery-grid\"><li class=\"blocks-gallery-item\"><figure><img loading=\"lazy\" decoding=\"async\" width=\"1024\" height=\"683\" data-src=\"https:\/\/ffcv.es\/wp\/wp-content\/uploads\/2020\/11\/1-1024x683.jpg\" alt=\"\" data-id=\"52647\" data-full-url=\"https:\/\/ffcv.es\/wp\/wp-content\/uploads\/2020\/11\/1-scaled.jpg\" data-link=\"https:\/\/ffcv.es\/wp\/?attachment_id=52647\" class=\"wp-image-52647 lazyload\" data-srcset=\"https:\/\/ffcv.es\/wp\/wp-content\/uploads\/2020\/11\/1-1024x683.jpg 1024w, https:\/\/ffcv.es\/wp\/wp-content\/uploads\/2020\/11\/1-300x200.jpg 300w, https:\/\/ffcv.es\/wp\/wp-content\/uploads\/2020\/11\/1-768x512.jpg 768w, https:\/\/ffcv.es\/wp\/wp-content\/uploads\/2020\/11\/1-1536x1024.jpg 1536w, https:\/\/ffcv.es\/wp\/wp-content\/uploads\/2020\/11\/1-2048x1365.jpg 2048w, https:\/\/ffcv.es\/wp\/wp-content\/uploads\/2020\/11\/1-280x187.jpg 280w, https:\/\/ffcv.es\/wp\/wp-content\/uploads\/2020\/11\/1-1170x780.jpg 1170w, https:\/\/ffcv.es\/wp\/wp-content\/uploads\/2020\/11\/1-scaled.jpg 1620w\" data-sizes=\"(max-width: 1024px) 100vw, 1024px\" src=\"data:image\/gif;base64,R0lGODlhAQABAAAAACH5BAEKAAEALAAAAAABAAEAAAICTAEAOw==\" style=\"--smush-placeholder-width: 1024px; --smush-placeholder-aspect-ratio: 1024\/683;\" \/><noscript><img loading=\"lazy\" decoding=\"async\" width=\"1024\" height=\"683\" src=\"https:\/\/ffcv.es\/wp\/wp-content\/uploads\/2020\/11\/1-1024x683.jpg\" alt=\"\" data-id=\"52647\" data-full-url=\"https:\/\/ffcv.es\/wp\/wp-content\/uploads\/2020\/11\/1-scaled.jpg\" data-link=\"https:\/\/ffcv.es\/wp\/?attachment_id=52647\" class=\"wp-image-52647\" srcset=\"https:\/\/ffcv.es\/wp\/wp-content\/uploads\/2020\/11\/1-1024x683.jpg 1024w, https:\/\/ffcv.es\/wp\/wp-content\/uploads\/2020\/11\/1-300x200.jpg 300w, https:\/\/ffcv.es\/wp\/wp-content\/uploads\/2020\/11\/1-768x512.jpg 768w, https:\/\/ffcv.es\/wp\/wp-content\/uploads\/2020\/11\/1-1536x1024.jpg 1536w, https:\/\/ffcv.es\/wp\/wp-content\/uploads\/2020\/11\/1-2048x1365.jpg 2048w, https:\/\/ffcv.es\/wp\/wp-content\/uploads\/2020\/11\/1-280x187.jpg 280w, https:\/\/ffcv.es\/wp\/wp-content\/uploads\/2020\/11\/1-1170x780.jpg 1170w, https:\/\/ffcv.es\/wp\/wp-content\/uploads\/2020\/11\/1-scaled.jpg 1620w\" sizes=\"(max-width: 1024px) 100vw, 1024px\" \/><\/noscript><\/figure><\/li><li class=\"blocks-gallery-item\"><figure><img loading=\"lazy\" decoding=\"async\" width=\"1024\" height=\"683\" data-src=\"https:\/\/ffcv.es\/wp\/wp-content\/uploads\/2020\/11\/25-1-1024x683.jpg\" alt=\"\" data-id=\"52644\" data-link=\"https:\/\/ffcv.es\/wp\/?attachment_id=52644\" class=\"wp-image-52644 lazyload\" data-srcset=\"https:\/\/ffcv.es\/wp\/wp-content\/uploads\/2020\/11\/25-1-1024x683.jpg 1024w, https:\/\/ffcv.es\/wp\/wp-content\/uploads\/2020\/11\/25-1-300x200.jpg 300w, https:\/\/ffcv.es\/wp\/wp-content\/uploads\/2020\/11\/25-1-768x512.jpg 768w, https:\/\/ffcv.es\/wp\/wp-content\/uploads\/2020\/11\/25-1-1536x1024.jpg 1536w, https:\/\/ffcv.es\/wp\/wp-content\/uploads\/2020\/11\/25-1-2048x1365.jpg 2048w, https:\/\/ffcv.es\/wp\/wp-content\/uploads\/2020\/11\/25-1-280x187.jpg 280w, https:\/\/ffcv.es\/wp\/wp-content\/uploads\/2020\/11\/25-1-1170x780.jpg 1170w, https:\/\/ffcv.es\/wp\/wp-content\/uploads\/2020\/11\/25-1-scaled.jpg 1620w\" data-sizes=\"(max-width: 1024px) 100vw, 1024px\" src=\"data:image\/gif;base64,R0lGODlhAQABAAAAACH5BAEKAAEALAAAAAABAAEAAAICTAEAOw==\" style=\"--smush-placeholder-width: 1024px; --smush-placeholder-aspect-ratio: 1024\/683;\" \/><noscript><img loading=\"lazy\" decoding=\"async\" width=\"1024\" height=\"683\" src=\"https:\/\/ffcv.es\/wp\/wp-content\/uploads\/2020\/11\/25-1-1024x683.jpg\" alt=\"\" data-id=\"52644\" data-link=\"https:\/\/ffcv.es\/wp\/?attachment_id=52644\" class=\"wp-image-52644\" srcset=\"https:\/\/ffcv.es\/wp\/wp-content\/uploads\/2020\/11\/25-1-1024x683.jpg 1024w, https:\/\/ffcv.es\/wp\/wp-content\/uploads\/2020\/11\/25-1-300x200.jpg 300w, https:\/\/ffcv.es\/wp\/wp-content\/uploads\/2020\/11\/25-1-768x512.jpg 768w, https:\/\/ffcv.es\/wp\/wp-content\/uploads\/2020\/11\/25-1-1536x1024.jpg 1536w, https:\/\/ffcv.es\/wp\/wp-content\/uploads\/2020\/11\/25-1-2048x1365.jpg 2048w, https:\/\/ffcv.es\/wp\/wp-content\/uploads\/2020\/11\/25-1-280x187.jpg 280w, https:\/\/ffcv.es\/wp\/wp-content\/uploads\/2020\/11\/25-1-1170x780.jpg 1170w, https:\/\/ffcv.es\/wp\/wp-content\/uploads\/2020\/11\/25-1-scaled.jpg 1620w\" sizes=\"(max-width: 1024px) 100vw, 1024px\" \/><\/noscript><\/figure><\/li><li class=\"blocks-gallery-item\"><figure><img loading=\"lazy\" decoding=\"async\" width=\"1024\" height=\"683\" data-src=\"https:\/\/ffcv.es\/wp\/wp-content\/uploads\/2020\/11\/14-1024x683.jpg\" alt=\"\" data-id=\"52646\" data-link=\"https:\/\/ffcv.es\/wp\/?attachment_id=52646\" class=\"wp-image-52646 lazyload\" data-srcset=\"https:\/\/ffcv.es\/wp\/wp-content\/uploads\/2020\/11\/14-1024x683.jpg 1024w, https:\/\/ffcv.es\/wp\/wp-content\/uploads\/2020\/11\/14-300x200.jpg 300w, https:\/\/ffcv.es\/wp\/wp-content\/uploads\/2020\/11\/14-768x512.jpg 768w, https:\/\/ffcv.es\/wp\/wp-content\/uploads\/2020\/11\/14-1536x1024.jpg 1536w, https:\/\/ffcv.es\/wp\/wp-content\/uploads\/2020\/11\/14-2048x1365.jpg 2048w, https:\/\/ffcv.es\/wp\/wp-content\/uploads\/2020\/11\/14-280x187.jpg 280w, https:\/\/ffcv.es\/wp\/wp-content\/uploads\/2020\/11\/14-1170x780.jpg 1170w, https:\/\/ffcv.es\/wp\/wp-content\/uploads\/2020\/11\/14-scaled.jpg 1620w\" data-sizes=\"(max-width: 1024px) 100vw, 1024px\" src=\"data:image\/gif;base64,R0lGODlhAQABAAAAACH5BAEKAAEALAAAAAABAAEAAAICTAEAOw==\" style=\"--smush-placeholder-width: 1024px; --smush-placeholder-aspect-ratio: 1024\/683;\" \/><noscript><img loading=\"lazy\" decoding=\"async\" width=\"1024\" height=\"683\" src=\"https:\/\/ffcv.es\/wp\/wp-content\/uploads\/2020\/11\/14-1024x683.jpg\" alt=\"\" data-id=\"52646\" data-link=\"https:\/\/ffcv.es\/wp\/?attachment_id=52646\" class=\"wp-image-52646\" srcset=\"https:\/\/ffcv.es\/wp\/wp-content\/uploads\/2020\/11\/14-1024x683.jpg 1024w, https:\/\/ffcv.es\/wp\/wp-content\/uploads\/2020\/11\/14-300x200.jpg 300w, https:\/\/ffcv.es\/wp\/wp-content\/uploads\/2020\/11\/14-768x512.jpg 768w, https:\/\/ffcv.es\/wp\/wp-content\/uploads\/2020\/11\/14-1536x1024.jpg 1536w, https:\/\/ffcv.es\/wp\/wp-content\/uploads\/2020\/11\/14-2048x1365.jpg 2048w, https:\/\/ffcv.es\/wp\/wp-content\/uploads\/2020\/11\/14-280x187.jpg 280w, https:\/\/ffcv.es\/wp\/wp-content\/uploads\/2020\/11\/14-1170x780.jpg 1170w, https:\/\/ffcv.es\/wp\/wp-content\/uploads\/2020\/11\/14-scaled.jpg 1620w\" sizes=\"(max-width: 1024px) 100vw, 1024px\" \/><\/noscript><\/figure><\/li><li class=\"blocks-gallery-item\"><figure><img loading=\"lazy\" decoding=\"async\" width=\"1024\" height=\"683\" data-src=\"https:\/\/ffcv.es\/wp\/wp-content\/uploads\/2020\/11\/11-1024x683.jpg\" alt=\"\" data-id=\"52645\" data-link=\"https:\/\/ffcv.es\/wp\/?attachment_id=52645\" class=\"wp-image-52645 lazyload\" data-srcset=\"https:\/\/ffcv.es\/wp\/wp-content\/uploads\/2020\/11\/11-1024x683.jpg 1024w, https:\/\/ffcv.es\/wp\/wp-content\/uploads\/2020\/11\/11-300x200.jpg 300w, https:\/\/ffcv.es\/wp\/wp-content\/uploads\/2020\/11\/11-768x512.jpg 768w, https:\/\/ffcv.es\/wp\/wp-content\/uploads\/2020\/11\/11-1536x1024.jpg 1536w, https:\/\/ffcv.es\/wp\/wp-content\/uploads\/2020\/11\/11-2048x1365.jpg 2048w, https:\/\/ffcv.es\/wp\/wp-content\/uploads\/2020\/11\/11-280x187.jpg 280w, https:\/\/ffcv.es\/wp\/wp-content\/uploads\/2020\/11\/11-1170x780.jpg 1170w, https:\/\/ffcv.es\/wp\/wp-content\/uploads\/2020\/11\/11-scaled.jpg 1620w\" data-sizes=\"(max-width: 1024px) 100vw, 1024px\" src=\"data:image\/gif;base64,R0lGODlhAQABAAAAACH5BAEKAAEALAAAAAABAAEAAAICTAEAOw==\" style=\"--smush-placeholder-width: 1024px; --smush-placeholder-aspect-ratio: 1024\/683;\" \/><noscript><img loading=\"lazy\" decoding=\"async\" width=\"1024\" height=\"683\" src=\"https:\/\/ffcv.es\/wp\/wp-content\/uploads\/2020\/11\/11-1024x683.jpg\" alt=\"\" data-id=\"52645\" data-link=\"https:\/\/ffcv.es\/wp\/?attachment_id=52645\" class=\"wp-image-52645\" srcset=\"https:\/\/ffcv.es\/wp\/wp-content\/uploads\/2020\/11\/11-1024x683.jpg 1024w, https:\/\/ffcv.es\/wp\/wp-content\/uploads\/2020\/11\/11-300x200.jpg 300w, https:\/\/ffcv.es\/wp\/wp-content\/uploads\/2020\/11\/11-768x512.jpg 768w, https:\/\/ffcv.es\/wp\/wp-content\/uploads\/2020\/11\/11-1536x1024.jpg 1536w, https:\/\/ffcv.es\/wp\/wp-content\/uploads\/2020\/11\/11-2048x1365.jpg 2048w, https:\/\/ffcv.es\/wp\/wp-content\/uploads\/2020\/11\/11-280x187.jpg 280w, https:\/\/ffcv.es\/wp\/wp-content\/uploads\/2020\/11\/11-1170x780.jpg 1170w, https:\/\/ffcv.es\/wp\/wp-content\/uploads\/2020\/11\/11-scaled.jpg 1620w\" sizes=\"(max-width: 1024px) 100vw, 1024px\" \/><\/noscript><\/figure><\/li><\/ul><\/figure>\n\n\n\n<p>En la pr\u00f3xima citaci\u00f3n ser\u00e1n jugadores de clubes de la provincia de <strong>Alicante<\/strong> los protagonistas. <\/p>\n\n\n\n<p><\/p>\n","protected":false},"excerpt":{"rendered":"<p>Sergio Calduch debut\u00f3 ayer en Alfafar como seleccionador sub16 masculino de f\u00fatbol sala en la primera sesi\u00f3n de trabajo del combinado auton\u00f3mico. Con esta primera convocatoria de jugadores de primer a\u00f1o de clubes de Castell\u00f3n y Valencia, Calduch se estren\u00f3 por segunda vez como seleccionador de la FFCV. El Pabell\u00f3n Polideportivo SUMA de Alfafar fue<\/p>\n","protected":false},"author":16,"featured_media":52642,"comment_status":"closed","ping_status":"closed","sticky":false,"template":"","format":"standard","meta":{"om_disable_all_campaigns":false,"footnotes":""},"categories":[3456,72],"tags":[3424,4938],"class_list":["post-52641","post","type-post","status-publish","format-standard","has-post-thumbnail","hentry","category-seleccio-valenciana-futsal-sub16","category-noticias-selecciones","tag-alfafar","tag-sergio-calduch"],"aioseo_notices":[],"_links":{"self":[{"href":"https:\/\/ffcv.es\/wp\/wp-json\/wp\/v2\/posts\/52641"}],"collection":[{"href":"https:\/\/ffcv.es\/wp\/wp-json\/wp\/v2\/posts"}],"about":[{"href":"https:\/\/ffcv.es\/wp\/wp-json\/wp\/v2\/types\/post"}],"author":[{"embeddable":true,"href":"https:\/\/ffcv.es\/wp\/wp-json\/wp\/v2\/users\/16"}],"replies":[{"embeddable":true,"href":"https:\/\/ffcv.es\/wp\/wp-json\/wp\/v2\/comments?post=52641"}],"version-history":[{"count":1,"href":"https:\/\/ffcv.es\/wp\/wp-json\/wp\/v2\/posts\/52641\/revisions"}],"predecessor-version":[{"id":52648,"href":"https:\/\/ffcv.es\/wp\/wp-json\/wp\/v2\/posts\/52641\/revisions\/52648"}],"wp:featuredmedia":[{"embeddable":true,"href":"https:\/\/ffcv.es\/wp\/wp-json\/wp\/v2\/media\/52642"}],"wp:attachment":[{"href":"https:\/\/ffcv.es\/wp\/wp-json\/wp\/v2\/media?parent=52641"}],"wp:term":[{"taxonomy":"category","embeddable":true,"href":"https:\/\/ffcv.es\/wp\/wp-json\/wp\/v2\/categories?post=52641"},{"taxonomy":"post_tag","embeddable":true,"href":"https:\/\/ffcv.es\/wp\/wp-json\/wp\/v2\/tags?post=52641"}],"curies":[{"name":"wp","href":"https:\/\/api.w.org\/{rel}","templated":true}]}}