{"id":51778,"date":"2020-10-27T12:40:29","date_gmt":"2020-10-27T10:40:29","guid":{"rendered":"https:\/\/ffcv.es\/wp\/?p=51778"},"modified":"2020-10-27T12:40:32","modified_gmt":"2020-10-27T10:40:32","slug":"familia-albinegra-ultimo-adios-historico-ricardo-arranz","status":"publish","type":"post","link":"https:\/\/ffcv.es\/wp\/blog\/2020\/10\/familia-albinegra-ultimo-adios-historico-ricardo-arranz\/","title":{"rendered":"La familia albinegra da el \u00faltimo adi\u00f3s a su hist\u00f3rico exjugador Ricardo Arranz"},"content":{"rendered":"\n<p>La <strong>Federaci\u00f3 de Futbol de la Comunitat Valenciana<\/strong> desea expresar sus condolencias por el fallecimiento del legendario delantero del<strong> CD Castell\u00f3n Ricardo Arranz Garc\u00eda<\/strong>.<\/p>\n\n\n\n<p>A los 79 a\u00f1os nos ha dejado Ricardo Arranz, un pedazo de la historia del CD Castell\u00f3n. <\/p>\n\n\n\n<p>Nacido en <strong>Madrid<\/strong>, debut\u00f3 en el <strong>Plus Ultra<\/strong> en la temporada 1962-63 para posteriormente jugar en el <strong>Onteniente<\/strong> antes de firmar por el club de <strong>La Plana<\/strong>.<\/p>\n\n\n\n<p>En sus dos temporadas en el CD Castell\u00f3n, Arranz se convirti\u00f3 en protagonista<strong> <\/strong>destacado de la delantera albinegra al anotar los dos goles que permitieron el <strong>ascenso de categor\u00eda a Segunda Divisi\u00f3n &#8216;A&#8217;<\/strong> en la campa\u00f1a 1965\/66. <\/p>\n\n\n\n<p>Tras dejar Castell\u00f3n recal\u00f3 en el <strong>Talavera<\/strong>, donde jug\u00f3 hasta 1971. Descanse en paz.<\/p>\n","protected":false},"excerpt":{"rendered":"<p>La Federaci\u00f3 de Futbol de la Comunitat Valenciana desea expresar sus condolencias por el fallecimiento del legendario delantero del CD Castell\u00f3n Ricardo Arranz Garc\u00eda. A los 79 a\u00f1os nos ha dejado Ricardo Arranz, un pedazo de la historia del CD Castell\u00f3n. Nacido en Madrid, debut\u00f3 en el Plus Ultra en la temporada 1962-63 para posteriormente<\/p>\n","protected":false},"author":5,"featured_media":51791,"comment_status":"closed","ping_status":"closed","sticky":false,"template":"","format":"standard","meta":{"om_disable_all_campaigns":false,"footnotes":""},"categories":[16,69],"tags":[601,224],"class_list":["post-51778","post","type-post","status-publish","format-standard","has-post-thumbnail","hentry","category-actualidad","category-noticias-ffcv","tag-cd-castellon","tag-obituario"],"aioseo_notices":[],"_links":{"self":[{"href":"https:\/\/ffcv.es\/wp\/wp-json\/wp\/v2\/posts\/51778"}],"collection":[{"href":"https:\/\/ffcv.es\/wp\/wp-json\/wp\/v2\/posts"}],"about":[{"href":"https:\/\/ffcv.es\/wp\/wp-json\/wp\/v2\/types\/post"}],"author":[{"embeddable":true,"href":"https:\/\/ffcv.es\/wp\/wp-json\/wp\/v2\/users\/5"}],"replies":[{"embeddable":true,"href":"https:\/\/ffcv.es\/wp\/wp-json\/wp\/v2\/comments?post=51778"}],"version-history":[{"count":3,"href":"https:\/\/ffcv.es\/wp\/wp-json\/wp\/v2\/posts\/51778\/revisions"}],"predecessor-version":[{"id":51795,"href":"https:\/\/ffcv.es\/wp\/wp-json\/wp\/v2\/posts\/51778\/revisions\/51795"}],"wp:featuredmedia":[{"embeddable":true,"href":"https:\/\/ffcv.es\/wp\/wp-json\/wp\/v2\/media\/51791"}],"wp:attachment":[{"href":"https:\/\/ffcv.es\/wp\/wp-json\/wp\/v2\/media?parent=51778"}],"wp:term":[{"taxonomy":"category","embeddable":true,"href":"https:\/\/ffcv.es\/wp\/wp-json\/wp\/v2\/categories?post=51778"},{"taxonomy":"post_tag","embeddable":true,"href":"https:\/\/ffcv.es\/wp\/wp-json\/wp\/v2\/tags?post=51778"}],"curies":[{"name":"wp","href":"https:\/\/api.w.org\/{rel}","templated":true}]}}