{"id":51356,"date":"2020-10-19T18:57:50","date_gmt":"2020-10-19T16:57:50","guid":{"rendered":"https:\/\/ffcv.es\/wp\/?p=51356"},"modified":"2020-10-19T18:57:54","modified_gmt":"2020-10-19T16:57:54","slug":"bases-competicion-juegos-deportivos-valencia","status":"publish","type":"post","link":"https:\/\/ffcv.es\/wp\/blog\/2020\/10\/bases-competicion-juegos-deportivos-valencia\/","title":{"rendered":"Bases de Competici\u00f3n de los Juegos Deportivos 2020\/21 &#8211; Val\u00e8ncia"},"content":{"rendered":"\n<p>El <strong>Comit\u00e9 T\u00e9cnico de F\u00fatbol Sala de la Federaci\u00f3 de Futbol de la Comunitat Valenciana<\/strong> da a conocer p\u00fablicamente las Bases de Competici\u00f3n de los  Juegos Deportivos 2020\/21.<\/p>\n\n\n\n<p>Ya est\u00e1n disponibles las <strong>Bases de Competici\u00f3n de los Juegos Deportivos<\/strong> que para la presente campa\u00f1a ha preparado el Ayuntamiento de la capital del T\u00faria, y cuyo plazo de inscripci\u00f3n ha concluido hoy.<\/p>\n\n\n\n<div class=\"wp-block-image\"><figure class=\"aligncenter size-large\"><img loading=\"lazy\" decoding=\"async\" width=\"1024\" height=\"407\" data-src=\"https:\/\/ffcv.es\/wp\/wp-content\/uploads\/2020\/06\/9.marca_fdm_institucional-1-1024x407.jpg\" alt=\"\" class=\"wp-image-47075 lazyload\" data-srcset=\"https:\/\/ffcv.es\/wp\/wp-content\/uploads\/2020\/06\/9.marca_fdm_institucional-1-1024x407.jpg 1024w, https:\/\/ffcv.es\/wp\/wp-content\/uploads\/2020\/06\/9.marca_fdm_institucional-1-300x119.jpg 300w, https:\/\/ffcv.es\/wp\/wp-content\/uploads\/2020\/06\/9.marca_fdm_institucional-1-768x305.jpg 768w, https:\/\/ffcv.es\/wp\/wp-content\/uploads\/2020\/06\/9.marca_fdm_institucional-1-280x111.jpg 280w, https:\/\/ffcv.es\/wp\/wp-content\/uploads\/2020\/06\/9.marca_fdm_institucional-1.jpg 1063w\" data-sizes=\"(max-width: 1024px) 100vw, 1024px\" src=\"data:image\/gif;base64,R0lGODlhAQABAAAAACH5BAEKAAEALAAAAAABAAEAAAICTAEAOw==\" style=\"--smush-placeholder-width: 1024px; --smush-placeholder-aspect-ratio: 1024\/407;\" \/><noscript><img loading=\"lazy\" decoding=\"async\" width=\"1024\" height=\"407\" src=\"https:\/\/ffcv.es\/wp\/wp-content\/uploads\/2020\/06\/9.marca_fdm_institucional-1-1024x407.jpg\" alt=\"\" class=\"wp-image-47075\" srcset=\"https:\/\/ffcv.es\/wp\/wp-content\/uploads\/2020\/06\/9.marca_fdm_institucional-1-1024x407.jpg 1024w, https:\/\/ffcv.es\/wp\/wp-content\/uploads\/2020\/06\/9.marca_fdm_institucional-1-300x119.jpg 300w, https:\/\/ffcv.es\/wp\/wp-content\/uploads\/2020\/06\/9.marca_fdm_institucional-1-768x305.jpg 768w, https:\/\/ffcv.es\/wp\/wp-content\/uploads\/2020\/06\/9.marca_fdm_institucional-1-280x111.jpg 280w, https:\/\/ffcv.es\/wp\/wp-content\/uploads\/2020\/06\/9.marca_fdm_institucional-1.jpg 1063w\" sizes=\"(max-width: 1024px) 100vw, 1024px\" \/><\/noscript><\/figure><\/div>\n\n\n\n<p>La <strong>Fundaci\u00f3n Deportiva Municipal de Val\u00e8ncia<\/strong> ha marcado ya el plazo de inicio de las competiciones en los<strong> Juegos Deportivos Municipales<\/strong> para la temporada 2020\/21, cuya primera jornada se disputar\u00e1 el pr\u00f3ximo d\u00eda 7 de noviembre.<\/p>\n\n\n\n<p><a href=\"http:\/\/www.fdmvalencia.es\/es\/deporte-escolar\/juegos\/\">Bases de Competici\u00f3n<\/a><\/p>\n","protected":false},"excerpt":{"rendered":"<p>El Comit\u00e9 T\u00e9cnico de F\u00fatbol Sala de la Federaci\u00f3 de Futbol de la Comunitat Valenciana da a conocer p\u00fablicamente las Bases de Competici\u00f3n de los Juegos Deportivos 2020\/21. Ya est\u00e1n disponibles las Bases de Competici\u00f3n de los Juegos Deportivos que para la presente campa\u00f1a ha preparado el Ayuntamiento de la capital del T\u00faria, y cuyo<\/p>\n","protected":false},"author":5,"featured_media":51358,"comment_status":"closed","ping_status":"closed","sticky":false,"template":"","format":"standard","meta":{"om_disable_all_campaigns":false,"footnotes":""},"categories":[16,4],"tags":[690,230,113,431,430],"class_list":["post-51356","post","type-post","status-publish","format-standard","has-post-thumbnail","hentry","category-actualidad","category-noticias-futbol-sala","tag-competiciones-de-futbol-sala","tag-ctfs","tag-jjdd","tag-jjddmm","tag-juegos-deportivos-municipales"],"aioseo_notices":[],"_links":{"self":[{"href":"https:\/\/ffcv.es\/wp\/wp-json\/wp\/v2\/posts\/51356"}],"collection":[{"href":"https:\/\/ffcv.es\/wp\/wp-json\/wp\/v2\/posts"}],"about":[{"href":"https:\/\/ffcv.es\/wp\/wp-json\/wp\/v2\/types\/post"}],"author":[{"embeddable":true,"href":"https:\/\/ffcv.es\/wp\/wp-json\/wp\/v2\/users\/5"}],"replies":[{"embeddable":true,"href":"https:\/\/ffcv.es\/wp\/wp-json\/wp\/v2\/comments?post=51356"}],"version-history":[{"count":2,"href":"https:\/\/ffcv.es\/wp\/wp-json\/wp\/v2\/posts\/51356\/revisions"}],"predecessor-version":[{"id":51361,"href":"https:\/\/ffcv.es\/wp\/wp-json\/wp\/v2\/posts\/51356\/revisions\/51361"}],"wp:featuredmedia":[{"embeddable":true,"href":"https:\/\/ffcv.es\/wp\/wp-json\/wp\/v2\/media\/51358"}],"wp:attachment":[{"href":"https:\/\/ffcv.es\/wp\/wp-json\/wp\/v2\/media?parent=51356"}],"wp:term":[{"taxonomy":"category","embeddable":true,"href":"https:\/\/ffcv.es\/wp\/wp-json\/wp\/v2\/categories?post=51356"},{"taxonomy":"post_tag","embeddable":true,"href":"https:\/\/ffcv.es\/wp\/wp-json\/wp\/v2\/tags?post=51356"}],"curies":[{"name":"wp","href":"https:\/\/api.w.org\/{rel}","templated":true}]}}