{"id":5071,"date":"2016-09-05T16:23:55","date_gmt":"2016-09-05T16:23:55","guid":{"rendered":"https:\/\/ffcv.es\/wp\/?p=5071"},"modified":"2016-09-05T16:24:36","modified_gmt":"2016-09-05T16:24:36","slug":"hercules-villarreal-partido-la-jornada-dhj","status":"publish","type":"post","link":"https:\/\/ffcv.es\/wp\/blog\/2016\/09\/hercules-villarreal-partido-la-jornada-dhj\/","title":{"rendered":"H\u00e9rcules-Villarreal: Partido de la Jornada en DHJ"},"content":{"rendered":"<p>Con el H\u00e9rcules CF &#8211; Villarreal CF iniciamos el resumen semanal en v\u00eddeo de la Divisi\u00f3n de Honor Juvenil y su Partido de la Jornada.<\/p>\n<div align=\"center\"><script src=\"\/\/pagead2.googlesyndication.com\/pagead\/js\/adsbygoogle.js\" async=\"\"><\/script><!-- cabecera_paginas_adaptable --> <ins class=\"adsbygoogle\" style=\"display: block; background: none !important;\" data-ad-client=\"ca-pub-8508993344894927\" data-ad-slot=\"8273813495\" data-ad-format=\"auto\"><\/ins><script>\/\/ <![CDATA[\n(adsbygoogle = window.adsbygoogle || []).push({});\n\/\/ ]]><\/script><\/div>\n<p><img loading=\"lazy\" decoding=\"async\" class=\"size-full wp-image-5073 alignright lazyload\" data-src=\"https:\/\/ffcv.es\/wp\/wp-content\/uploads\/2016\/09\/villarreal-juvenil-villarrealcf.jpg\" alt=\"villarreal-juvenil--villarrealcf\" width=\"270\" height=\"202\" src=\"data:image\/gif;base64,R0lGODlhAQABAAAAACH5BAEKAAEALAAAAAABAAEAAAICTAEAOw==\" style=\"--smush-placeholder-width: 270px; --smush-placeholder-aspect-ratio: 270\/202;\" \/><noscript><img loading=\"lazy\" decoding=\"async\" class=\"size-full wp-image-5073 alignright\" src=\"https:\/\/ffcv.es\/wp\/wp-content\/uploads\/2016\/09\/villarreal-juvenil-villarrealcf.jpg\" alt=\"villarreal-juvenil--villarrealcf\" width=\"270\" height=\"202\" \/><\/noscript>Contundente victoria de los &#8216;groguets&#8217; por 0-3 en su visita a Alicante en la primera jornada del Grupo VII de la Divisi\u00f3n de Honor Juvenil. Alejandro Mill\u00e1n -por partida doble- e Iv\u00e1n Gil -en propia puerta- pusieron los goles en un choque en el que se mostraron hasta nueve tarjetas amarillas en el estreno de la DHJ en la Temporada 2016\/17. La Federaci\u00f3n de F\u00fatbol de la Comunidad Valenciana inicia con el resumen en video de este apasionante encuentro su nueva secci\u00f3n del \u2018Partido de la Jornada\u2019 en esta categor\u00eda. Cada lunes, el choque futbol\u00edstico m\u00e1s importante de la Divisi\u00f3n de Honor Juvenil ser\u00e1 destacado en nuestra web y redes sociales.<br \/>\n<iframe loading=\"lazy\" data-src=\"https:\/\/www.youtube.com\/embed\/E0Tv7Mct4G0\" width=\"560\" height=\"315\" frameborder=\"0\" allowfullscreen=\"allowfullscreen\" src=\"data:image\/gif;base64,R0lGODlhAQABAAAAACH5BAEKAAEALAAAAAABAAEAAAICTAEAOw==\" class=\"lazyload\" data-load-mode=\"1\"><\/iframe><br \/>\n<em>Autor: Prensa FFCV<\/em><\/p>\n","protected":false},"excerpt":{"rendered":"<p>Con el H\u00e9rcules CF &#8211; Villarreal CF iniciamos el resumen semanal en v\u00eddeo de la Divisi\u00f3n de Honor Juvenil y su Partido de la Jornada. Contundente victoria de los &#8216;groguets&#8217; por 0-3 en su visita a Alicante en la primera jornada del Grupo VII de la Divisi\u00f3n de Honor Juvenil. Alejandro Mill\u00e1n -por partida doble-<\/p>\n","protected":false},"author":5,"featured_media":5073,"comment_status":"closed","ping_status":"closed","sticky":false,"template":"","format":"standard","meta":{"om_disable_all_campaigns":false,"footnotes":""},"categories":[16,69,1],"tags":[235,98,97],"class_list":["post-5071","post","type-post","status-publish","format-standard","has-post-thumbnail","hentry","category-actualidad","category-noticias-ffcv","category-sin-categoria","tag-dhj","tag-futbol","tag-juvenil"],"aioseo_notices":[],"_links":{"self":[{"href":"https:\/\/ffcv.es\/wp\/wp-json\/wp\/v2\/posts\/5071"}],"collection":[{"href":"https:\/\/ffcv.es\/wp\/wp-json\/wp\/v2\/posts"}],"about":[{"href":"https:\/\/ffcv.es\/wp\/wp-json\/wp\/v2\/types\/post"}],"author":[{"embeddable":true,"href":"https:\/\/ffcv.es\/wp\/wp-json\/wp\/v2\/users\/5"}],"replies":[{"embeddable":true,"href":"https:\/\/ffcv.es\/wp\/wp-json\/wp\/v2\/comments?post=5071"}],"version-history":[{"count":2,"href":"https:\/\/ffcv.es\/wp\/wp-json\/wp\/v2\/posts\/5071\/revisions"}],"predecessor-version":[{"id":5074,"href":"https:\/\/ffcv.es\/wp\/wp-json\/wp\/v2\/posts\/5071\/revisions\/5074"}],"wp:featuredmedia":[{"embeddable":true,"href":"https:\/\/ffcv.es\/wp\/wp-json\/wp\/v2\/media\/5073"}],"wp:attachment":[{"href":"https:\/\/ffcv.es\/wp\/wp-json\/wp\/v2\/media?parent=5071"}],"wp:term":[{"taxonomy":"category","embeddable":true,"href":"https:\/\/ffcv.es\/wp\/wp-json\/wp\/v2\/categories?post=5071"},{"taxonomy":"post_tag","embeddable":true,"href":"https:\/\/ffcv.es\/wp\/wp-json\/wp\/v2\/tags?post=5071"}],"curies":[{"name":"wp","href":"https:\/\/api.w.org\/{rel}","templated":true}]}}