{"id":50671,"date":"2020-10-07T10:37:00","date_gmt":"2020-10-07T08:37:00","guid":{"rendered":"https:\/\/ffcv.es\/wp\/?p=50671"},"modified":"2020-10-07T10:37:03","modified_gmt":"2020-10-07T08:37:03","slug":"alzira-celebra-trofeo-juan-beteta-amistoso-segorbe","status":"publish","type":"post","link":"https:\/\/ffcv.es\/wp\/blog\/2020\/10\/alzira-celebra-trofeo-juan-beteta-amistoso-segorbe\/","title":{"rendered":"El Alzira celebrar\u00e1 el IV Trofeo Juan Beteta con un encuentro amistoso ante el Segorbe"},"content":{"rendered":"\n<p>El <strong>Family Cash Alzira FS<\/strong> celebrar\u00e1 el pr\u00f3ximo s\u00e1bado su cuarta edici\u00f3n del Trofeo ben\u00e9fico en homenaje al tristemente desaparecido \u00e1rbitro valenciano <strong>Juan Beteta<\/strong>.<\/p>\n\n\n\n<p><a href=\"https:\/\/ffcv.es\/wp\/blog\/2019\/09\/05\/adios-juan-beteta-referente-arbitral-futbol-sala\/\">Ha pasado poco m\u00e1s de un a\u00f1o<\/a> y el mundo del f\u00fatbol sala auton\u00f3mico sigue recordando con cari\u00f1o la figura de <strong>Juan Beteta<\/strong>. <\/p>\n\n\n\n<figure class=\"wp-block-image size-large\"><img loading=\"lazy\" decoding=\"async\" width=\"724\" height=\"1024\" data-src=\"https:\/\/ffcv.es\/wp\/wp-content\/uploads\/2020\/10\/IMG_1786-724x1024.jpg\" alt=\"\" class=\"wp-image-50754 lazyload\" data-srcset=\"https:\/\/ffcv.es\/wp\/wp-content\/uploads\/2020\/10\/IMG_1786-724x1024.jpg 724w, https:\/\/ffcv.es\/wp\/wp-content\/uploads\/2020\/10\/IMG_1786-212x300.jpg 212w, https:\/\/ffcv.es\/wp\/wp-content\/uploads\/2020\/10\/IMG_1786-768x1086.jpg 768w, https:\/\/ffcv.es\/wp\/wp-content\/uploads\/2020\/10\/IMG_1786-1086x1536.jpg 1086w, https:\/\/ffcv.es\/wp\/wp-content\/uploads\/2020\/10\/IMG_1786-132x187.jpg 132w, https:\/\/ffcv.es\/wp\/wp-content\/uploads\/2020\/10\/IMG_1786-1170x1655.jpg 1170w, https:\/\/ffcv.es\/wp\/wp-content\/uploads\/2020\/10\/IMG_1786-scaled.jpg 764w\" data-sizes=\"(max-width: 724px) 100vw, 724px\" src=\"data:image\/gif;base64,R0lGODlhAQABAAAAACH5BAEKAAEALAAAAAABAAEAAAICTAEAOw==\" style=\"--smush-placeholder-width: 724px; --smush-placeholder-aspect-ratio: 724\/1024;\" \/><noscript><img loading=\"lazy\" decoding=\"async\" width=\"724\" height=\"1024\" src=\"https:\/\/ffcv.es\/wp\/wp-content\/uploads\/2020\/10\/IMG_1786-724x1024.jpg\" alt=\"\" class=\"wp-image-50754\" srcset=\"https:\/\/ffcv.es\/wp\/wp-content\/uploads\/2020\/10\/IMG_1786-724x1024.jpg 724w, https:\/\/ffcv.es\/wp\/wp-content\/uploads\/2020\/10\/IMG_1786-212x300.jpg 212w, https:\/\/ffcv.es\/wp\/wp-content\/uploads\/2020\/10\/IMG_1786-768x1086.jpg 768w, https:\/\/ffcv.es\/wp\/wp-content\/uploads\/2020\/10\/IMG_1786-1086x1536.jpg 1086w, https:\/\/ffcv.es\/wp\/wp-content\/uploads\/2020\/10\/IMG_1786-132x187.jpg 132w, https:\/\/ffcv.es\/wp\/wp-content\/uploads\/2020\/10\/IMG_1786-1170x1655.jpg 1170w, https:\/\/ffcv.es\/wp\/wp-content\/uploads\/2020\/10\/IMG_1786-scaled.jpg 764w\" sizes=\"(max-width: 724px) 100vw, 724px\" \/><\/noscript><figcaption>Cartel del IV Trofeu Juan Beteta<\/figcaption><\/figure>\n\n\n\n<p>Y <strong>Alzira<\/strong>, una campa\u00f1a m\u00e1s, organiza el pr\u00f3ximo s\u00e1bado el <strong>Trofeo ben\u00e9fico<\/strong> que lleva el nombre del colegiado valenciano.<\/p>\n\n\n\n<div class=\"wp-block-image\"><figure class=\"aligncenter size-large\"><img loading=\"lazy\" decoding=\"async\" width=\"600\" height=\"337\" data-src=\"https:\/\/ffcv.es\/wp\/wp-content\/uploads\/2020\/10\/cropped-EDpKaR1XUAAogdO-1.jpg\" alt=\"\" class=\"wp-image-50683 lazyload\" data-srcset=\"https:\/\/ffcv.es\/wp\/wp-content\/uploads\/2020\/10\/cropped-EDpKaR1XUAAogdO-1.jpg 600w, https:\/\/ffcv.es\/wp\/wp-content\/uploads\/2020\/10\/cropped-EDpKaR1XUAAogdO-1-300x169.jpg 300w, https:\/\/ffcv.es\/wp\/wp-content\/uploads\/2020\/10\/cropped-EDpKaR1XUAAogdO-1-280x157.jpg 280w\" data-sizes=\"(max-width: 600px) 100vw, 600px\" src=\"data:image\/gif;base64,R0lGODlhAQABAAAAACH5BAEKAAEALAAAAAABAAEAAAICTAEAOw==\" style=\"--smush-placeholder-width: 600px; --smush-placeholder-aspect-ratio: 600\/337;\" \/><noscript><img loading=\"lazy\" decoding=\"async\" width=\"600\" height=\"337\" src=\"https:\/\/ffcv.es\/wp\/wp-content\/uploads\/2020\/10\/cropped-EDpKaR1XUAAogdO-1.jpg\" alt=\"\" class=\"wp-image-50683\" srcset=\"https:\/\/ffcv.es\/wp\/wp-content\/uploads\/2020\/10\/cropped-EDpKaR1XUAAogdO-1.jpg 600w, https:\/\/ffcv.es\/wp\/wp-content\/uploads\/2020\/10\/cropped-EDpKaR1XUAAogdO-1-300x169.jpg 300w, https:\/\/ffcv.es\/wp\/wp-content\/uploads\/2020\/10\/cropped-EDpKaR1XUAAogdO-1-280x157.jpg 280w\" sizes=\"(max-width: 600px) 100vw, 600px\" \/><\/noscript><\/figure><\/div>\n\n\n\n<p><strong>Beteta<\/strong>, muy querido y apreciado en el f\u00fatbol sala auton\u00f3mico, fue \u00e1rbitro nacional por el Comit\u00e9 auton\u00f3mico y tras su retirada recibi\u00f3 la Insignia de Oro del Ayuntamiento de su localidad natal. <\/p>\n\n\n\n<figure class=\"wp-block-image size-large\"><img loading=\"lazy\" decoding=\"async\" width=\"1024\" height=\"536\" data-src=\"https:\/\/ffcv.es\/wp\/wp-content\/uploads\/2020\/10\/IMG-20171229-WA0005-1170x612-1-1024x536.jpg\" alt=\"\" class=\"wp-image-50682 lazyload\" data-srcset=\"https:\/\/ffcv.es\/wp\/wp-content\/uploads\/2020\/10\/IMG-20171229-WA0005-1170x612-1-1024x536.jpg 1024w, https:\/\/ffcv.es\/wp\/wp-content\/uploads\/2020\/10\/IMG-20171229-WA0005-1170x612-1-300x157.jpg 300w, https:\/\/ffcv.es\/wp\/wp-content\/uploads\/2020\/10\/IMG-20171229-WA0005-1170x612-1-768x402.jpg 768w, https:\/\/ffcv.es\/wp\/wp-content\/uploads\/2020\/10\/IMG-20171229-WA0005-1170x612-1-280x146.jpg 280w, https:\/\/ffcv.es\/wp\/wp-content\/uploads\/2020\/10\/IMG-20171229-WA0005-1170x612-1.jpg 1170w\" data-sizes=\"(max-width: 1024px) 100vw, 1024px\" src=\"data:image\/gif;base64,R0lGODlhAQABAAAAACH5BAEKAAEALAAAAAABAAEAAAICTAEAOw==\" style=\"--smush-placeholder-width: 1024px; --smush-placeholder-aspect-ratio: 1024\/536;\" \/><noscript><img loading=\"lazy\" decoding=\"async\" width=\"1024\" height=\"536\" src=\"https:\/\/ffcv.es\/wp\/wp-content\/uploads\/2020\/10\/IMG-20171229-WA0005-1170x612-1-1024x536.jpg\" alt=\"\" class=\"wp-image-50682\" srcset=\"https:\/\/ffcv.es\/wp\/wp-content\/uploads\/2020\/10\/IMG-20171229-WA0005-1170x612-1-1024x536.jpg 1024w, https:\/\/ffcv.es\/wp\/wp-content\/uploads\/2020\/10\/IMG-20171229-WA0005-1170x612-1-300x157.jpg 300w, https:\/\/ffcv.es\/wp\/wp-content\/uploads\/2020\/10\/IMG-20171229-WA0005-1170x612-1-768x402.jpg 768w, https:\/\/ffcv.es\/wp\/wp-content\/uploads\/2020\/10\/IMG-20171229-WA0005-1170x612-1-280x146.jpg 280w, https:\/\/ffcv.es\/wp\/wp-content\/uploads\/2020\/10\/IMG-20171229-WA0005-1170x612-1.jpg 1170w\" sizes=\"(max-width: 1024px) 100vw, 1024px\" \/><\/noscript><figcaption>La Selecci\u00f3n Valenciana Juvenil particip\u00f3 en las dos primeras ediciones del Trofeo.<\/figcaption><\/figure>\n\n\n\n<p>El primer equipo del <strong>Family Cash Alzira<\/strong> -ascendido a <strong>Segunda Divisi\u00f3n <\/strong>nacional- se enfrentar\u00e1 al <strong>CDFS Segorbe<\/strong> de <strong>Segunda B <\/strong>a las 18:00 horas del 10 de octubre sobre la pista del <strong>Palau d&#8217;Esports<\/strong>.<\/p>\n\n\n\n<p>Siete meses despu\u00e9s, el coliseo alzire\u00f1o volver\u00e1 a disfrutar del f\u00fatbol sala <strong>con p\u00fablico en las gradas<\/strong>. Eso s\u00ed, ser\u00e1 mediante la <a href=\"https:\/\/alzirafs.playoffinformatica.com\/Preinscripcion.php?idConfiguracioFormulariColegi=11&amp;fbclid=IwAR0lk76v0BGOa8mXFyhON9tbINAxtO8e9LrkvsQ1snr5GWXYVwU-FnQhm_c\">compra online de entradas<\/a> (5 euros), y respetando las indicaciones pertinentes establecidas en los protocolos sanitarios y deportivos respecto al <strong>COVID-19<\/strong>.<\/p>\n","protected":false},"excerpt":{"rendered":"<p>El Family Cash Alzira FS celebrar\u00e1 el pr\u00f3ximo s\u00e1bado su cuarta edici\u00f3n del Trofeo ben\u00e9fico en homenaje al tristemente desaparecido \u00e1rbitro valenciano Juan Beteta. Ha pasado poco m\u00e1s de un a\u00f1o y el mundo del f\u00fatbol sala auton\u00f3mico sigue recordando con cari\u00f1o la figura de Juan Beteta. Y Alzira, una campa\u00f1a m\u00e1s, organiza el pr\u00f3ximo<\/p>\n","protected":false},"author":5,"featured_media":50684,"comment_status":"closed","ping_status":"closed","sticky":false,"template":"","format":"standard","meta":{"om_disable_all_campaigns":false,"footnotes":""},"categories":[16,69,4],"tags":[188,230,279,1674,3856],"class_list":["post-50671","post","type-post","status-publish","format-standard","has-post-thumbnail","hentry","category-actualidad","category-noticias-ffcv","category-noticias-futbol-sala","tag-cta","tag-ctfs","tag-homenaje","tag-juan-beteta","tag-torneo-benefico"],"aioseo_notices":[],"_links":{"self":[{"href":"https:\/\/ffcv.es\/wp\/wp-json\/wp\/v2\/posts\/50671"}],"collection":[{"href":"https:\/\/ffcv.es\/wp\/wp-json\/wp\/v2\/posts"}],"about":[{"href":"https:\/\/ffcv.es\/wp\/wp-json\/wp\/v2\/types\/post"}],"author":[{"embeddable":true,"href":"https:\/\/ffcv.es\/wp\/wp-json\/wp\/v2\/users\/5"}],"replies":[{"embeddable":true,"href":"https:\/\/ffcv.es\/wp\/wp-json\/wp\/v2\/comments?post=50671"}],"version-history":[{"count":5,"href":"https:\/\/ffcv.es\/wp\/wp-json\/wp\/v2\/posts\/50671\/revisions"}],"predecessor-version":[{"id":50755,"href":"https:\/\/ffcv.es\/wp\/wp-json\/wp\/v2\/posts\/50671\/revisions\/50755"}],"wp:featuredmedia":[{"embeddable":true,"href":"https:\/\/ffcv.es\/wp\/wp-json\/wp\/v2\/media\/50684"}],"wp:attachment":[{"href":"https:\/\/ffcv.es\/wp\/wp-json\/wp\/v2\/media?parent=50671"}],"wp:term":[{"taxonomy":"category","embeddable":true,"href":"https:\/\/ffcv.es\/wp\/wp-json\/wp\/v2\/categories?post=50671"},{"taxonomy":"post_tag","embeddable":true,"href":"https:\/\/ffcv.es\/wp\/wp-json\/wp\/v2\/tags?post=50671"}],"curies":[{"name":"wp","href":"https:\/\/api.w.org\/{rel}","templated":true}]}}