{"id":47256,"date":"2020-06-23T12:30:15","date_gmt":"2020-06-23T10:30:15","guid":{"rendered":"https:\/\/ffcv.es\/wp\/?p=47256"},"modified":"2020-06-23T12:30:16","modified_gmt":"2020-06-23T10:30:16","slug":"empieza-la-estiucup-con-16-clubes-de-tercera-en-liza","status":"publish","type":"post","link":"https:\/\/ffcv.es\/wp\/blog\/2020\/06\/empieza-la-estiucup-con-16-clubes-de-tercera-en-liza\/","title":{"rendered":"Empieza la #EstiuCup con 16 clubes de Tercera en liza"},"content":{"rendered":"\n<p>Un total de 16 clubes valencianos de <strong>Tercera Divisi\u00f3n<\/strong> tendr\u00e1n representaci\u00f3n en la<strong> #EstiuCup<\/strong>, torneo online de FIFA 20 que organiza la <strong>FFCV<\/strong>.<\/p>\n\n\n\n<p>Desde esta tarde, los 16 <em>gamers<\/em> que representan a los clubes competir\u00e1n en cuatro grupos por las plazas en semifinales, que se celebrar\u00e1n el jueves y ser\u00e1n retransmitidas en directo.<\/p>\n\n\n\n<p>Los canales de <strong>YouTube<\/strong> y <strong>Twitch<\/strong> de la <strong>FFCV<\/strong>, con la narraci\u00f3n de los periodistas <strong>Luis Urrutia <\/strong>y <strong>Salva Folgado<\/strong>, ofrecer\u00e1n las semifinales y la final de la #<strong>EstiuCup.<\/strong><\/p>\n\n\n\n<figure class=\"wp-block-image size-large\"><img loading=\"lazy\" decoding=\"async\" width=\"1024\" height=\"576\" data-src=\"https:\/\/ffcv.es\/wp\/wp-content\/uploads\/2020\/06\/estiucup-1024x576.jpg\" alt=\"\" class=\"wp-image-47020 lazyload\" data-srcset=\"https:\/\/ffcv.es\/wp\/wp-content\/uploads\/2020\/06\/estiucup-1024x576.jpg 1024w, https:\/\/ffcv.es\/wp\/wp-content\/uploads\/2020\/06\/estiucup-300x169.jpg 300w, https:\/\/ffcv.es\/wp\/wp-content\/uploads\/2020\/06\/estiucup-768x432.jpg 768w, https:\/\/ffcv.es\/wp\/wp-content\/uploads\/2020\/06\/estiucup-1536x864.jpg 1536w, https:\/\/ffcv.es\/wp\/wp-content\/uploads\/2020\/06\/estiucup-280x158.jpg 280w, https:\/\/ffcv.es\/wp\/wp-content\/uploads\/2020\/06\/estiucup-1170x658.jpg 1170w, https:\/\/ffcv.es\/wp\/wp-content\/uploads\/2020\/06\/estiucup.jpg 1920w\" data-sizes=\"(max-width: 1024px) 100vw, 1024px\" src=\"data:image\/gif;base64,R0lGODlhAQABAAAAACH5BAEKAAEALAAAAAABAAEAAAICTAEAOw==\" style=\"--smush-placeholder-width: 1024px; --smush-placeholder-aspect-ratio: 1024\/576;\" \/><noscript><img loading=\"lazy\" decoding=\"async\" width=\"1024\" height=\"576\" src=\"https:\/\/ffcv.es\/wp\/wp-content\/uploads\/2020\/06\/estiucup-1024x576.jpg\" alt=\"\" class=\"wp-image-47020\" srcset=\"https:\/\/ffcv.es\/wp\/wp-content\/uploads\/2020\/06\/estiucup-1024x576.jpg 1024w, https:\/\/ffcv.es\/wp\/wp-content\/uploads\/2020\/06\/estiucup-300x169.jpg 300w, https:\/\/ffcv.es\/wp\/wp-content\/uploads\/2020\/06\/estiucup-768x432.jpg 768w, https:\/\/ffcv.es\/wp\/wp-content\/uploads\/2020\/06\/estiucup-1536x864.jpg 1536w, https:\/\/ffcv.es\/wp\/wp-content\/uploads\/2020\/06\/estiucup-280x158.jpg 280w, https:\/\/ffcv.es\/wp\/wp-content\/uploads\/2020\/06\/estiucup-1170x658.jpg 1170w, https:\/\/ffcv.es\/wp\/wp-content\/uploads\/2020\/06\/estiucup.jpg 1920w\" sizes=\"(max-width: 1024px) 100vw, 1024px\" \/><\/noscript><\/figure>\n\n\n\n<p>Durante el martes y el mi\u00e9rcoles se desarrollar\u00e1 la fase de grupos para determinar los semifinalistas, con seguimiento puntual en las redes sociales de la <strong>FFCV<\/strong>. <\/p>\n\n\n\n<h3 class=\"wp-block-heading\">Clubes participantes<\/h3>\n\n\n\n<p>Los clubes con representaci\u00f3n en la #EstiuCup son los siguientes:<\/p>\n\n\n\n<p>GRUPO A: <strong>CD Alcoyano<\/strong>, <strong>CD Intercity<\/strong>, <strong>CD Roda<\/strong>, <strong>Paterna CF<\/strong><\/p>\n\n\n\n<p>GRUPO B: <strong>UD Alzira<\/strong>, <strong>At. Saguntino<\/strong>, <strong>FC Jove Espa\u00f1ol<\/strong>, <strong>Villarreal CF<\/strong><\/p>\n\n\n\n<p>GRUPO C: <strong>Elche CF<\/strong>, <strong>Novelda CF<\/strong>, <strong>CD Ol\u00edmpic<\/strong>, <strong>H\u00e9rcules CF<\/strong><\/p>\n\n\n\n<p>GRUPO D: <strong>Atzeneta UE<\/strong>, <strong>UD Benig\u00e1nim<\/strong>, <strong>CD Eldense<\/strong>, <strong>Crevillente Deportivo<\/strong><\/p>\n\n\n\n<h3 class=\"wp-block-heading\">Precedente de la #PijamaCup<\/h3>\n\n\n\n<p>Este torneo de<strong> FIFA 20 <\/strong>es el segundo que organiza la <strong>FFCV<\/strong> tras el \u00e9xito de la <a href=\"https:\/\/ffcv.es\/wp\/blog\/2020\/04\/19\/el-torneo-benefico-pijamacup-conoce-hoy-a-su-campeon\/\" target=\"_blank\" rel=\"noreferrer noopener\" aria-label=\"#PijamaCup que se celebr\u00f3 en abril (se abre en una nueva pesta\u00f1a)\"><strong>#PijamaCup<\/strong> que se celebr\u00f3 en abril<\/a> durante el confinamiento.<\/p>\n\n\n\n<p>En ese primer torneo de eSports de la FFCV, que tuvo car\u00e1cter solidario, participaron representantes de la Liga Auton\u00f3mica Cadete, <a rel=\"noreferrer noopener\" aria-label=\"con triunfo de Josep Montero (se abre en una nueva pesta\u00f1a)\" href=\"https:\/\/ffcv.es\/wp\/blog\/2020\/04\/19\/josep-montero-jugador-del-torrent-cf-gana-la-i-pijama-cup-de-la-ffcv\/\" target=\"_blank\">con triunfo de<strong> Josep Montero<\/strong><\/a>, del <strong>Torrent CF<\/strong>.<\/p>\n\n\n\n<figure class=\"wp-block-image size-large\"><img loading=\"lazy\" decoding=\"async\" width=\"1024\" height=\"576\" data-src=\"https:\/\/ffcv.es\/wp\/wp-content\/uploads\/2020\/04\/pijamacup_bannerOK-1024x576.jpeg\" alt=\"\" class=\"wp-image-45512 lazyload\" data-srcset=\"https:\/\/ffcv.es\/wp\/wp-content\/uploads\/2020\/04\/pijamacup_bannerOK-1024x576.jpeg 1024w, https:\/\/ffcv.es\/wp\/wp-content\/uploads\/2020\/04\/pijamacup_bannerOK-300x169.jpeg 300w, https:\/\/ffcv.es\/wp\/wp-content\/uploads\/2020\/04\/pijamacup_bannerOK-768x432.jpeg 768w, https:\/\/ffcv.es\/wp\/wp-content\/uploads\/2020\/04\/pijamacup_bannerOK-1536x864.jpeg 1536w, https:\/\/ffcv.es\/wp\/wp-content\/uploads\/2020\/04\/pijamacup_bannerOK-280x158.jpeg 280w, https:\/\/ffcv.es\/wp\/wp-content\/uploads\/2020\/04\/pijamacup_bannerOK-1170x658.jpeg 1170w, https:\/\/ffcv.es\/wp\/wp-content\/uploads\/2020\/04\/pijamacup_bannerOK.jpeg 1600w\" data-sizes=\"(max-width: 1024px) 100vw, 1024px\" src=\"data:image\/gif;base64,R0lGODlhAQABAAAAACH5BAEKAAEALAAAAAABAAEAAAICTAEAOw==\" style=\"--smush-placeholder-width: 1024px; --smush-placeholder-aspect-ratio: 1024\/576;\" \/><noscript><img loading=\"lazy\" decoding=\"async\" width=\"1024\" height=\"576\" src=\"https:\/\/ffcv.es\/wp\/wp-content\/uploads\/2020\/04\/pijamacup_bannerOK-1024x576.jpeg\" alt=\"\" class=\"wp-image-45512\" srcset=\"https:\/\/ffcv.es\/wp\/wp-content\/uploads\/2020\/04\/pijamacup_bannerOK-1024x576.jpeg 1024w, https:\/\/ffcv.es\/wp\/wp-content\/uploads\/2020\/04\/pijamacup_bannerOK-300x169.jpeg 300w, https:\/\/ffcv.es\/wp\/wp-content\/uploads\/2020\/04\/pijamacup_bannerOK-768x432.jpeg 768w, https:\/\/ffcv.es\/wp\/wp-content\/uploads\/2020\/04\/pijamacup_bannerOK-1536x864.jpeg 1536w, https:\/\/ffcv.es\/wp\/wp-content\/uploads\/2020\/04\/pijamacup_bannerOK-280x158.jpeg 280w, https:\/\/ffcv.es\/wp\/wp-content\/uploads\/2020\/04\/pijamacup_bannerOK-1170x658.jpeg 1170w, https:\/\/ffcv.es\/wp\/wp-content\/uploads\/2020\/04\/pijamacup_bannerOK.jpeg 1600w\" sizes=\"(max-width: 1024px) 100vw, 1024px\" \/><\/noscript><\/figure>\n","protected":false},"excerpt":{"rendered":"<p>Un total de 16 clubes valencianos de Tercera Divisi\u00f3n tendr\u00e1n representaci\u00f3n en la #EstiuCup, torneo online de FIFA 20 que organiza la FFCV. Desde esta tarde, los 16 gamers que representan a los clubes competir\u00e1n en cuatro grupos por las plazas en semifinales, que se celebrar\u00e1n el jueves y ser\u00e1n retransmitidas en directo. Los canales<\/p>\n","protected":false},"author":16,"featured_media":47276,"comment_status":"closed","ping_status":"closed","sticky":false,"template":"","format":"standard","meta":{"om_disable_all_campaigns":false,"footnotes":""},"categories":[3867,69,1282],"tags":[3923,27],"class_list":["post-47256","post","type-post","status-publish","format-standard","has-post-thumbnail","hentry","category-noticias-esports","category-noticias-ffcv","category-portada","tag-estiucup","tag-ffcv"],"aioseo_notices":[],"_links":{"self":[{"href":"https:\/\/ffcv.es\/wp\/wp-json\/wp\/v2\/posts\/47256"}],"collection":[{"href":"https:\/\/ffcv.es\/wp\/wp-json\/wp\/v2\/posts"}],"about":[{"href":"https:\/\/ffcv.es\/wp\/wp-json\/wp\/v2\/types\/post"}],"author":[{"embeddable":true,"href":"https:\/\/ffcv.es\/wp\/wp-json\/wp\/v2\/users\/16"}],"replies":[{"embeddable":true,"href":"https:\/\/ffcv.es\/wp\/wp-json\/wp\/v2\/comments?post=47256"}],"version-history":[{"count":2,"href":"https:\/\/ffcv.es\/wp\/wp-json\/wp\/v2\/posts\/47256\/revisions"}],"predecessor-version":[{"id":47278,"href":"https:\/\/ffcv.es\/wp\/wp-json\/wp\/v2\/posts\/47256\/revisions\/47278"}],"wp:featuredmedia":[{"embeddable":true,"href":"https:\/\/ffcv.es\/wp\/wp-json\/wp\/v2\/media\/47276"}],"wp:attachment":[{"href":"https:\/\/ffcv.es\/wp\/wp-json\/wp\/v2\/media?parent=47256"}],"wp:term":[{"taxonomy":"category","embeddable":true,"href":"https:\/\/ffcv.es\/wp\/wp-json\/wp\/v2\/categories?post=47256"},{"taxonomy":"post_tag","embeddable":true,"href":"https:\/\/ffcv.es\/wp\/wp-json\/wp\/v2\/tags?post=47256"}],"curies":[{"name":"wp","href":"https:\/\/api.w.org\/{rel}","templated":true}]}}