{"id":4688,"date":"2016-07-08T08:29:16","date_gmt":"2016-07-08T08:29:16","guid":{"rendered":"https:\/\/ffcv.es\/wp\/?p=4688"},"modified":"2016-07-08T08:29:16","modified_gmt":"2016-07-08T08:29:16","slug":"los-mejores-momentos-de-la-gala-de-futbol-sala-de-valencia","status":"publish","type":"post","link":"https:\/\/ffcv.es\/wp\/blog\/2016\/07\/los-mejores-momentos-de-la-gala-de-futbol-sala-de-valencia\/","title":{"rendered":"Los mejores momentos de la Gala de F\u00fatbol Sala de Valencia"},"content":{"rendered":"<p>\u00bfFuiste uno de los premiados en la Gala de Entrega de Premios al F\u00fatbol Sala Base de Valencia en la pasada Temporada? Revive los mejores momentos en im\u00e1genes en la nueva galer\u00eda con todos los protagonistas de aquella tarde.<\/p>\n<div align=\"center\"><script src=\"\/\/pagead2.googlesyndication.com\/pagead\/js\/adsbygoogle.js\" async=\"\"><\/script><!-- cabecera_paginas_adaptable --> <ins class=\"adsbygoogle\" style=\"display: block; background: none !important;\" data-ad-client=\"ca-pub-8508993344894927\" data-ad-slot=\"8273813495\" data-ad-format=\"auto\"><\/ins><script>\/\/ <![CDATA[\n(adsbygoogle = window.adsbygoogle || []).push({});\n\/\/ ]]><\/script><\/div>\n<p><img loading=\"lazy\" decoding=\"async\" class=\"alignnone size-medium wp-image-4690 lazyload\" data-src=\"https:\/\/ffcv.es\/wp\/wp-content\/uploads\/2016\/07\/PREMIOS-PALAU-2016-0006-300x200.jpg\" alt=\"PREMIOS PALAU 2016 0006\" width=\"300\" height=\"200\" data-srcset=\"https:\/\/ffcv.es\/wp\/wp-content\/uploads\/2016\/07\/PREMIOS-PALAU-2016-0006-300x200.jpg 300w, https:\/\/ffcv.es\/wp\/wp-content\/uploads\/2016\/07\/PREMIOS-PALAU-2016-0006-768x513.jpg 768w, https:\/\/ffcv.es\/wp\/wp-content\/uploads\/2016\/07\/PREMIOS-PALAU-2016-0006-1024x684.jpg 1024w\" data-sizes=\"(max-width: 300px) 100vw, 300px\" src=\"data:image\/gif;base64,R0lGODlhAQABAAAAACH5BAEKAAEALAAAAAABAAEAAAICTAEAOw==\" style=\"--smush-placeholder-width: 300px; --smush-placeholder-aspect-ratio: 300\/200;\" \/><noscript><img loading=\"lazy\" decoding=\"async\" class=\"alignnone size-medium wp-image-4690\" src=\"https:\/\/ffcv.es\/wp\/wp-content\/uploads\/2016\/07\/PREMIOS-PALAU-2016-0006-300x200.jpg\" alt=\"PREMIOS PALAU 2016 0006\" width=\"300\" height=\"200\" srcset=\"https:\/\/ffcv.es\/wp\/wp-content\/uploads\/2016\/07\/PREMIOS-PALAU-2016-0006-300x200.jpg 300w, https:\/\/ffcv.es\/wp\/wp-content\/uploads\/2016\/07\/PREMIOS-PALAU-2016-0006-768x513.jpg 768w, https:\/\/ffcv.es\/wp\/wp-content\/uploads\/2016\/07\/PREMIOS-PALAU-2016-0006-1024x684.jpg 1024w\" sizes=\"(max-width: 300px) 100vw, 300px\" \/><\/noscript><\/p>\n<p><a href=\"https:\/\/www.facebook.com\/FFCV.es\/photos\/?tab=album&amp;album_id=649216281901585\">Galer\u00eda completa de im\u00e1genes<\/a><\/p>\n<p>Autor: Prensa FFCV<\/p>\n","protected":false},"excerpt":{"rendered":"<p>\u00bfFuiste uno de los premiados en la Gala de Entrega de Premios al F\u00fatbol Sala Base de Valencia en la pasada Temporada? Revive los mejores momentos en im\u00e1genes en la nueva galer\u00eda con todos los protagonistas de aquella tarde. Galer\u00eda completa de im\u00e1genes Autor: Prensa FFCV<\/p>\n","protected":false},"author":5,"featured_media":4690,"comment_status":"closed","ping_status":"closed","sticky":false,"template":"","format":"standard","meta":{"om_disable_all_campaigns":false,"footnotes":""},"categories":[16,69,4,1],"tags":[51,150,91],"class_list":["post-4688","post","type-post","status-publish","format-standard","has-post-thumbnail","hentry","category-actualidad","category-noticias-ffcv","category-noticias-futbol-sala","category-sin-categoria","tag-futbol-sala","tag-premios","tag-valencia"],"aioseo_notices":[],"_links":{"self":[{"href":"https:\/\/ffcv.es\/wp\/wp-json\/wp\/v2\/posts\/4688"}],"collection":[{"href":"https:\/\/ffcv.es\/wp\/wp-json\/wp\/v2\/posts"}],"about":[{"href":"https:\/\/ffcv.es\/wp\/wp-json\/wp\/v2\/types\/post"}],"author":[{"embeddable":true,"href":"https:\/\/ffcv.es\/wp\/wp-json\/wp\/v2\/users\/5"}],"replies":[{"embeddable":true,"href":"https:\/\/ffcv.es\/wp\/wp-json\/wp\/v2\/comments?post=4688"}],"version-history":[{"count":2,"href":"https:\/\/ffcv.es\/wp\/wp-json\/wp\/v2\/posts\/4688\/revisions"}],"predecessor-version":[{"id":4691,"href":"https:\/\/ffcv.es\/wp\/wp-json\/wp\/v2\/posts\/4688\/revisions\/4691"}],"wp:featuredmedia":[{"embeddable":true,"href":"https:\/\/ffcv.es\/wp\/wp-json\/wp\/v2\/media\/4690"}],"wp:attachment":[{"href":"https:\/\/ffcv.es\/wp\/wp-json\/wp\/v2\/media?parent=4688"}],"wp:term":[{"taxonomy":"category","embeddable":true,"href":"https:\/\/ffcv.es\/wp\/wp-json\/wp\/v2\/categories?post=4688"},{"taxonomy":"post_tag","embeddable":true,"href":"https:\/\/ffcv.es\/wp\/wp-json\/wp\/v2\/tags?post=4688"}],"curies":[{"name":"wp","href":"https:\/\/api.w.org\/{rel}","templated":true}]}}