{"id":46256,"date":"2020-05-25T14:58:31","date_gmt":"2020-05-25T12:58:31","guid":{"rendered":"https:\/\/ffcv.es\/wp\/?p=46256"},"modified":"2020-05-27T14:13:23","modified_gmt":"2020-05-27T12:13:23","slug":"rfef-resuelve-clasificaciones-futbol-futbol-sala-no-profesionales","status":"publish","type":"post","link":"https:\/\/ffcv.es\/wp\/blog\/2020\/05\/rfef-resuelve-clasificaciones-futbol-futbol-sala-no-profesionales\/","title":{"rendered":"La RFEF resuelve las clasificaciones no profesionales de f\u00fatbol y f\u00fatbol sala"},"content":{"rendered":"\n<p>La <strong>Real Federaci\u00f3n Espa\u00f1ola de F\u00fatbol<\/strong> ha publicado las resoluciones que establecen las clasificaciones definitivas de las competiciones no profesionales del f\u00fatbol y el f\u00fatbol sala espa\u00f1oles.<\/p>\n\n\n\n<p>Se trata de un total de<strong> 102 resoluciones<\/strong>, 56 de ellas de f\u00fatbol y 46 de f\u00fatbol  sala, dictadas en cumplimiento del compromiso establecido en la <strong>Circular  68<\/strong>.<\/p>\n\n\n\n<p>Este documento, publicado el pasado d\u00eda 19, fij\u00f3 las 14:00 horas de hoy como fecha l\u00edmite para estas comunicaciones, que<strong> <\/strong>validan de manera definitiva las clasificaciones a todos los efectos competicionales.<\/p>\n\n\n\n<figure class=\"wp-block-image size-large\"><img loading=\"lazy\" decoding=\"async\" width=\"1024\" height=\"573\" data-src=\"https:\/\/ffcv.es\/wp\/wp-content\/uploads\/2020\/05\/EJ143IfXUAAeaIt-1024x573.jpg\" alt=\"\" class=\"wp-image-46265 lazyload\" data-srcset=\"https:\/\/ffcv.es\/wp\/wp-content\/uploads\/2020\/05\/EJ143IfXUAAeaIt-1024x573.jpg 1024w, https:\/\/ffcv.es\/wp\/wp-content\/uploads\/2020\/05\/EJ143IfXUAAeaIt-300x168.jpg 300w, https:\/\/ffcv.es\/wp\/wp-content\/uploads\/2020\/05\/EJ143IfXUAAeaIt-768x430.jpg 768w, https:\/\/ffcv.es\/wp\/wp-content\/uploads\/2020\/05\/EJ143IfXUAAeaIt-1536x860.jpg 1536w, https:\/\/ffcv.es\/wp\/wp-content\/uploads\/2020\/05\/EJ143IfXUAAeaIt-280x157.jpg 280w, https:\/\/ffcv.es\/wp\/wp-content\/uploads\/2020\/05\/EJ143IfXUAAeaIt-1170x655.jpg 1170w, https:\/\/ffcv.es\/wp\/wp-content\/uploads\/2020\/05\/EJ143IfXUAAeaIt.jpg 1600w\" data-sizes=\"(max-width: 1024px) 100vw, 1024px\" src=\"data:image\/gif;base64,R0lGODlhAQABAAAAACH5BAEKAAEALAAAAAABAAEAAAICTAEAOw==\" style=\"--smush-placeholder-width: 1024px; --smush-placeholder-aspect-ratio: 1024\/573;\" \/><noscript><img loading=\"lazy\" decoding=\"async\" width=\"1024\" height=\"573\" src=\"https:\/\/ffcv.es\/wp\/wp-content\/uploads\/2020\/05\/EJ143IfXUAAeaIt-1024x573.jpg\" alt=\"\" class=\"wp-image-46265\" srcset=\"https:\/\/ffcv.es\/wp\/wp-content\/uploads\/2020\/05\/EJ143IfXUAAeaIt-1024x573.jpg 1024w, https:\/\/ffcv.es\/wp\/wp-content\/uploads\/2020\/05\/EJ143IfXUAAeaIt-300x168.jpg 300w, https:\/\/ffcv.es\/wp\/wp-content\/uploads\/2020\/05\/EJ143IfXUAAeaIt-768x430.jpg 768w, https:\/\/ffcv.es\/wp\/wp-content\/uploads\/2020\/05\/EJ143IfXUAAeaIt-1536x860.jpg 1536w, https:\/\/ffcv.es\/wp\/wp-content\/uploads\/2020\/05\/EJ143IfXUAAeaIt-280x157.jpg 280w, https:\/\/ffcv.es\/wp\/wp-content\/uploads\/2020\/05\/EJ143IfXUAAeaIt-1170x655.jpg 1170w, https:\/\/ffcv.es\/wp\/wp-content\/uploads\/2020\/05\/EJ143IfXUAAeaIt.jpg 1600w\" sizes=\"(max-width: 1024px) 100vw, 1024px\" \/><\/noscript><\/figure>\n\n\n\n<p>Puede consultar las resoluciones sobre las clasificaciones oficiales definitivas de todas las competiciones no profesionales de f\u00fatbol y f\u00fatbol sala en los siguientes enlaces:<\/p>\n\n\n\n<p><a href=\"https:\/\/www.rfef.es\/noticias\/atletico-baleares-ud-logrones-cd-castellon-y-fc-cartagena-campeones-cuatro-grupos-segunda-b\">Segunda B<\/a><\/p>\n\n\n\n<p><a href=\"https:\/\/www.rfef.es\/noticias\/asi-se-resuelve-competicion-20192020-tercera-division\">Tercera<\/a><\/p>\n\n\n\n<p><a href=\"https:\/\/www.rfef.es\/noticias\/jueza-competicion-valida-clasificacion-primera-y-segunda-division-femenina-y-primera\">Primera, Segunda y Primera Nacional Femenino<\/a><\/p>\n\n\n\n<p><a href=\"https:\/\/www.rfef.es\/noticias\/asi-se-resuelve-competicion-20192020-juveniles\">Juveniles<\/a><\/p>\n\n\n\n<p><a href=\"https:\/\/www.rfef.es\/futbol-sala\/noticias\/resoluciones-temporada-2019-2020-futbol-sala-espanol\">F\u00fatbol Sala<\/a><\/p>\n","protected":false},"excerpt":{"rendered":"<p>La Real Federaci\u00f3n Espa\u00f1ola de F\u00fatbol ha publicado las resoluciones que establecen las clasificaciones definitivas de las competiciones no profesionales del f\u00fatbol y el f\u00fatbol sala espa\u00f1oles. Se trata de un total de 102 resoluciones, 56 de ellas de f\u00fatbol y 46 de f\u00fatbol sala, dictadas en cumplimiento del compromiso establecido en la Circular 68.<\/p>\n","protected":false},"author":5,"featured_media":33065,"comment_status":"closed","ping_status":"closed","sticky":false,"template":"","format":"standard","meta":{"om_disable_all_campaigns":false,"footnotes":""},"categories":[16,69],"tags":[642,598,336,137],"class_list":["post-46256","post","type-post","status-publish","format-standard","has-post-thumbnail","hentry","category-actualidad","category-noticias-ffcv","tag-amateur","tag-clasificacion","tag-competiciones","tag-rfef"],"aioseo_notices":[],"_links":{"self":[{"href":"https:\/\/ffcv.es\/wp\/wp-json\/wp\/v2\/posts\/46256"}],"collection":[{"href":"https:\/\/ffcv.es\/wp\/wp-json\/wp\/v2\/posts"}],"about":[{"href":"https:\/\/ffcv.es\/wp\/wp-json\/wp\/v2\/types\/post"}],"author":[{"embeddable":true,"href":"https:\/\/ffcv.es\/wp\/wp-json\/wp\/v2\/users\/5"}],"replies":[{"embeddable":true,"href":"https:\/\/ffcv.es\/wp\/wp-json\/wp\/v2\/comments?post=46256"}],"version-history":[{"count":5,"href":"https:\/\/ffcv.es\/wp\/wp-json\/wp\/v2\/posts\/46256\/revisions"}],"predecessor-version":[{"id":46270,"href":"https:\/\/ffcv.es\/wp\/wp-json\/wp\/v2\/posts\/46256\/revisions\/46270"}],"wp:featuredmedia":[{"embeddable":true,"href":"https:\/\/ffcv.es\/wp\/wp-json\/wp\/v2\/media\/33065"}],"wp:attachment":[{"href":"https:\/\/ffcv.es\/wp\/wp-json\/wp\/v2\/media?parent=46256"}],"wp:term":[{"taxonomy":"category","embeddable":true,"href":"https:\/\/ffcv.es\/wp\/wp-json\/wp\/v2\/categories?post=46256"},{"taxonomy":"post_tag","embeddable":true,"href":"https:\/\/ffcv.es\/wp\/wp-json\/wp\/v2\/tags?post=46256"}],"curies":[{"name":"wp","href":"https:\/\/api.w.org\/{rel}","templated":true}]}}