{"id":44465,"date":"2020-03-10T18:41:13","date_gmt":"2020-03-10T16:41:13","guid":{"rendered":"https:\/\/ffcv.es\/wp\/?p=44465"},"modified":"2020-03-10T18:41:14","modified_gmt":"2020-03-10T16:41:14","slug":"agost-fc-y-alfas-del-pi-regalaron-un-ramo-a-la-arbitra-maria-romero-con-motivo-del-dia-de-la-mujer","status":"publish","type":"post","link":"https:\/\/ffcv.es\/wp\/blog\/2020\/03\/agost-fc-y-alfas-del-pi-regalaron-un-ramo-a-la-arbitra-maria-romero-con-motivo-del-dia-de-la-mujer\/","title":{"rendered":"Agost FC y Alf\u00e0s del Pi regalaron un ramo a la \u00e1rbitra Mar\u00eda Romero con motivo del D\u00eda de la Mujer"},"content":{"rendered":"\n<p>Uno de los detalles que dej\u00f3 la pasada jornada, que coincidi\u00f3 con el <strong>D\u00eda de la Mujer<\/strong>, lo protagonizaron el <strong>Agost FC <\/strong>y el <strong>Alfaz del Pi<\/strong> en su duelo del grupo 12 de <strong>Segunda Regional.<\/strong><\/p>\n\n\n\n<figure class=\"wp-block-image size-large\"><img loading=\"lazy\" decoding=\"async\" width=\"1024\" height=\"509\" data-src=\"https:\/\/ffcv.es\/wp\/wp-content\/uploads\/2020\/03\/Captura-de-pantalla-2020-03-10-a-las-17.03.34-1024x509.png\" alt=\"8 mar- Mar\u00eda Romero en el Agost-Alfaz\" class=\"wp-image-44467 lazyload\" data-srcset=\"https:\/\/ffcv.es\/wp\/wp-content\/uploads\/2020\/03\/Captura-de-pantalla-2020-03-10-a-las-17.03.34-1024x509.png 1024w, https:\/\/ffcv.es\/wp\/wp-content\/uploads\/2020\/03\/Captura-de-pantalla-2020-03-10-a-las-17.03.34-300x149.png 300w, https:\/\/ffcv.es\/wp\/wp-content\/uploads\/2020\/03\/Captura-de-pantalla-2020-03-10-a-las-17.03.34-768x382.png 768w, https:\/\/ffcv.es\/wp\/wp-content\/uploads\/2020\/03\/Captura-de-pantalla-2020-03-10-a-las-17.03.34-280x139.png 280w, https:\/\/ffcv.es\/wp\/wp-content\/uploads\/2020\/03\/Captura-de-pantalla-2020-03-10-a-las-17.03.34-1170x582.png 1170w, https:\/\/ffcv.es\/wp\/wp-content\/uploads\/2020\/03\/Captura-de-pantalla-2020-03-10-a-las-17.03.34.png 1202w\" data-sizes=\"(max-width: 1024px) 100vw, 1024px\" src=\"data:image\/gif;base64,R0lGODlhAQABAAAAACH5BAEKAAEALAAAAAABAAEAAAICTAEAOw==\" style=\"--smush-placeholder-width: 1024px; --smush-placeholder-aspect-ratio: 1024\/509;\" \/><noscript><img loading=\"lazy\" decoding=\"async\" width=\"1024\" height=\"509\" src=\"https:\/\/ffcv.es\/wp\/wp-content\/uploads\/2020\/03\/Captura-de-pantalla-2020-03-10-a-las-17.03.34-1024x509.png\" alt=\"8 mar- Mar\u00eda Romero en el Agost-Alfaz\" class=\"wp-image-44467\" srcset=\"https:\/\/ffcv.es\/wp\/wp-content\/uploads\/2020\/03\/Captura-de-pantalla-2020-03-10-a-las-17.03.34-1024x509.png 1024w, https:\/\/ffcv.es\/wp\/wp-content\/uploads\/2020\/03\/Captura-de-pantalla-2020-03-10-a-las-17.03.34-300x149.png 300w, https:\/\/ffcv.es\/wp\/wp-content\/uploads\/2020\/03\/Captura-de-pantalla-2020-03-10-a-las-17.03.34-768x382.png 768w, https:\/\/ffcv.es\/wp\/wp-content\/uploads\/2020\/03\/Captura-de-pantalla-2020-03-10-a-las-17.03.34-280x139.png 280w, https:\/\/ffcv.es\/wp\/wp-content\/uploads\/2020\/03\/Captura-de-pantalla-2020-03-10-a-las-17.03.34-1170x582.png 1170w, https:\/\/ffcv.es\/wp\/wp-content\/uploads\/2020\/03\/Captura-de-pantalla-2020-03-10-a-las-17.03.34.png 1202w\" sizes=\"(max-width: 1024px) 100vw, 1024px\" \/><\/noscript><figcaption>Saludo inicial del Agost-Alfaz del Pi del pasado domingo.<\/figcaption><\/figure>\n\n\n\n<p>La encargada de dirigir el partido fue la colegiada <strong>Mar\u00eda Romero<\/strong>, que recibi\u00f3 de parte de los dos clubes un ramo de flores para celebrar tan se\u00f1alada fecha.<\/p>\n\n\n\n<p>En la imagen, podemos observar el ramo que <strong>Mar\u00eda<\/strong>, adscrita a la delegaci\u00f3n de <strong>Elda<\/strong> del <strong>Comit\u00e9 T\u00e9cnico de \u00c1rbitros<\/strong> de la <strong>FFCV<\/strong>, recibi\u00f3 al finalizar el encuentro, que acab\u00f3 0-1. <\/p>\n\n\n\n<figure class=\"wp-block-image size-large\"><img loading=\"lazy\" decoding=\"async\" width=\"1024\" height=\"768\" data-src=\"https:\/\/ffcv.es\/wp\/wp-content\/uploads\/2020\/03\/ramo-1024x768.jpeg\" alt=\"\" class=\"wp-image-44468 lazyload\" data-srcset=\"https:\/\/ffcv.es\/wp\/wp-content\/uploads\/2020\/03\/ramo-1024x768.jpeg 1024w, https:\/\/ffcv.es\/wp\/wp-content\/uploads\/2020\/03\/ramo-300x225.jpeg 300w, https:\/\/ffcv.es\/wp\/wp-content\/uploads\/2020\/03\/ramo-768x576.jpeg 768w, https:\/\/ffcv.es\/wp\/wp-content\/uploads\/2020\/03\/ramo-1536x1152.jpeg 1536w, https:\/\/ffcv.es\/wp\/wp-content\/uploads\/2020\/03\/ramo-249x187.jpeg 249w, https:\/\/ffcv.es\/wp\/wp-content\/uploads\/2020\/03\/ramo-1170x878.jpeg 1170w, https:\/\/ffcv.es\/wp\/wp-content\/uploads\/2020\/03\/ramo.jpeg 1600w\" data-sizes=\"(max-width: 1024px) 100vw, 1024px\" src=\"data:image\/gif;base64,R0lGODlhAQABAAAAACH5BAEKAAEALAAAAAABAAEAAAICTAEAOw==\" style=\"--smush-placeholder-width: 1024px; --smush-placeholder-aspect-ratio: 1024\/768;\" \/><noscript><img loading=\"lazy\" decoding=\"async\" width=\"1024\" height=\"768\" src=\"https:\/\/ffcv.es\/wp\/wp-content\/uploads\/2020\/03\/ramo-1024x768.jpeg\" alt=\"\" class=\"wp-image-44468\" srcset=\"https:\/\/ffcv.es\/wp\/wp-content\/uploads\/2020\/03\/ramo-1024x768.jpeg 1024w, https:\/\/ffcv.es\/wp\/wp-content\/uploads\/2020\/03\/ramo-300x225.jpeg 300w, https:\/\/ffcv.es\/wp\/wp-content\/uploads\/2020\/03\/ramo-768x576.jpeg 768w, https:\/\/ffcv.es\/wp\/wp-content\/uploads\/2020\/03\/ramo-1536x1152.jpeg 1536w, https:\/\/ffcv.es\/wp\/wp-content\/uploads\/2020\/03\/ramo-249x187.jpeg 249w, https:\/\/ffcv.es\/wp\/wp-content\/uploads\/2020\/03\/ramo-1170x878.jpeg 1170w, https:\/\/ffcv.es\/wp\/wp-content\/uploads\/2020\/03\/ramo.jpeg 1600w\" sizes=\"(max-width: 1024px) 100vw, 1024px\" \/><\/noscript><figcaption>El ramo que recibi\u00f3 Mar\u00eda Romero en su vestuario. <\/figcaption><\/figure>\n","protected":false},"excerpt":{"rendered":"<p>Uno de los detalles que dej\u00f3 la pasada jornada, que coincidi\u00f3 con el D\u00eda de la Mujer, lo protagonizaron el Agost FC y el Alfaz del Pi en su duelo del grupo 12 de Segunda Regional. La encargada de dirigir el partido fue la colegiada Mar\u00eda Romero, que recibi\u00f3 de parte de los dos clubes<\/p>\n","protected":false},"author":16,"featured_media":43357,"comment_status":"closed","ping_status":"closed","sticky":false,"template":"","format":"standard","meta":{"om_disable_all_campaigns":false,"footnotes":""},"categories":[69,1177],"tags":[],"class_list":["post-44465","post","type-post","status-publish","format-standard","has-post-thumbnail","hentry","category-noticias-ffcv","category-noticias-valenta"],"aioseo_notices":[],"_links":{"self":[{"href":"https:\/\/ffcv.es\/wp\/wp-json\/wp\/v2\/posts\/44465"}],"collection":[{"href":"https:\/\/ffcv.es\/wp\/wp-json\/wp\/v2\/posts"}],"about":[{"href":"https:\/\/ffcv.es\/wp\/wp-json\/wp\/v2\/types\/post"}],"author":[{"embeddable":true,"href":"https:\/\/ffcv.es\/wp\/wp-json\/wp\/v2\/users\/16"}],"replies":[{"embeddable":true,"href":"https:\/\/ffcv.es\/wp\/wp-json\/wp\/v2\/comments?post=44465"}],"version-history":[{"count":1,"href":"https:\/\/ffcv.es\/wp\/wp-json\/wp\/v2\/posts\/44465\/revisions"}],"predecessor-version":[{"id":44470,"href":"https:\/\/ffcv.es\/wp\/wp-json\/wp\/v2\/posts\/44465\/revisions\/44470"}],"wp:featuredmedia":[{"embeddable":true,"href":"https:\/\/ffcv.es\/wp\/wp-json\/wp\/v2\/media\/43357"}],"wp:attachment":[{"href":"https:\/\/ffcv.es\/wp\/wp-json\/wp\/v2\/media?parent=44465"}],"wp:term":[{"taxonomy":"category","embeddable":true,"href":"https:\/\/ffcv.es\/wp\/wp-json\/wp\/v2\/categories?post=44465"},{"taxonomy":"post_tag","embeddable":true,"href":"https:\/\/ffcv.es\/wp\/wp-json\/wp\/v2\/tags?post=44465"}],"curies":[{"name":"wp","href":"https:\/\/api.w.org\/{rel}","templated":true}]}}