{"id":44059,"date":"2020-03-05T13:14:09","date_gmt":"2020-03-05T11:14:09","guid":{"rendered":"https:\/\/ffcv.es\/wp\/?p=44059"},"modified":"2020-03-05T13:14:11","modified_gmt":"2020-03-05T11:14:11","slug":"guia-de-la-segunda-fase-del-campeonato-nacional-de-selecciones-autonomicas-para-seguir-a-la-seleccio-valenciana-masculina","status":"publish","type":"post","link":"https:\/\/ffcv.es\/wp\/blog\/2020\/03\/guia-de-la-segunda-fase-del-campeonato-nacional-de-selecciones-autonomicas-para-seguir-a-la-seleccio-valenciana-masculina\/","title":{"rendered":"Gu\u00eda de la Segunda Fase del Campeonato Nacional de Selecciones Auton\u00f3micas para seguir a la Selecci\u00f3 Valenciana masculina"},"content":{"rendered":"\n<p>El estadio <strong>La Salud<\/strong> de<strong> Santa Cruz de Tenerife<\/strong> es una de las sedes este fin de semana de la Segunda Fase del <strong>Campeonato Nacional de Selecciones Auton\u00f3micas <\/strong>de f\u00fatbol masculino sub14 y sub16.<\/p>\n\n\n\n<p>Las selecciones de <strong>Canarias<\/strong>, <strong>Regi\u00f3n de Murcia<\/strong> y la <strong>Comunitat Valenciana<\/strong> se enfrentar\u00e1n entre s\u00ed en la isla, encuadradas todas ellas en el Grupo E.<\/p>\n\n\n\n<figure class=\"wp-block-image size-large\"><img loading=\"lazy\" decoding=\"async\" width=\"1024\" height=\"576\" data-src=\"https:\/\/ffcv.es\/wp\/wp-content\/uploads\/2019\/12\/GRUPOS-1024x576.png\" alt=\"\" class=\"wp-image-40914 lazyload\" data-srcset=\"https:\/\/ffcv.es\/wp\/wp-content\/uploads\/2019\/12\/GRUPOS-1024x576.png 1024w, https:\/\/ffcv.es\/wp\/wp-content\/uploads\/2019\/12\/GRUPOS-300x169.png 300w, https:\/\/ffcv.es\/wp\/wp-content\/uploads\/2019\/12\/GRUPOS-768x432.png 768w, https:\/\/ffcv.es\/wp\/wp-content\/uploads\/2019\/12\/GRUPOS-1536x864.png 1536w, https:\/\/ffcv.es\/wp\/wp-content\/uploads\/2019\/12\/GRUPOS-280x158.png 280w, https:\/\/ffcv.es\/wp\/wp-content\/uploads\/2019\/12\/GRUPOS-1170x658.png 1170w, https:\/\/ffcv.es\/wp\/wp-content\/uploads\/2019\/12\/GRUPOS.png 1920w\" data-sizes=\"(max-width: 1024px) 100vw, 1024px\" src=\"data:image\/gif;base64,R0lGODlhAQABAAAAACH5BAEKAAEALAAAAAABAAEAAAICTAEAOw==\" style=\"--smush-placeholder-width: 1024px; --smush-placeholder-aspect-ratio: 1024\/576;\" \/><noscript><img loading=\"lazy\" decoding=\"async\" width=\"1024\" height=\"576\" src=\"https:\/\/ffcv.es\/wp\/wp-content\/uploads\/2019\/12\/GRUPOS-1024x576.png\" alt=\"\" class=\"wp-image-40914\" srcset=\"https:\/\/ffcv.es\/wp\/wp-content\/uploads\/2019\/12\/GRUPOS-1024x576.png 1024w, https:\/\/ffcv.es\/wp\/wp-content\/uploads\/2019\/12\/GRUPOS-300x169.png 300w, https:\/\/ffcv.es\/wp\/wp-content\/uploads\/2019\/12\/GRUPOS-768x432.png 768w, https:\/\/ffcv.es\/wp\/wp-content\/uploads\/2019\/12\/GRUPOS-1536x864.png 1536w, https:\/\/ffcv.es\/wp\/wp-content\/uploads\/2019\/12\/GRUPOS-280x158.png 280w, https:\/\/ffcv.es\/wp\/wp-content\/uploads\/2019\/12\/GRUPOS-1170x658.png 1170w, https:\/\/ffcv.es\/wp\/wp-content\/uploads\/2019\/12\/GRUPOS.png 1920w\" sizes=\"(max-width: 1024px) 100vw, 1024px\" \/><\/noscript><\/figure>\n\n\n\n<h2 class=\"wp-block-heading\">Horarios<\/h2>\n\n\n\n<ul class=\"wp-block-list\"><li><strong>VIERNES 6 de marzo<\/strong><\/li><\/ul>\n\n\n\n<p>11h (10h en Canarias)\u00a0<strong>Selecci\u00f3 Valenciana sub14<\/strong> &#8211; <strong>Canarias<\/strong><\/p>\n\n\n\n<p>13h (12h en Canarias) <strong>Selecci\u00f3 Valenciana sub16<\/strong> &#8211; <strong>Canarias<\/strong><\/p>\n\n\n\n<ul class=\"wp-block-list\"><li><strong>S\u00c1BADO 7 de marzo<\/strong><\/li><\/ul>\n\n\n\n<p>11h (10h en Canarias)\u00a0<strong>Murcia<\/strong>\u00a0&#8211;\u00a0<strong>Selecci\u00f3 Valenciana sub14<\/strong><\/p>\n\n\n\n<p>13h (12h en Canarias) <strong>Murcia<\/strong> &#8211; <strong>Selecci\u00f3 Valenciana sub16<\/strong><\/p>\n\n\n\n<ul class=\"wp-block-list\"><li><strong>DOMINGO 8 de marzo<\/strong><\/li><\/ul>\n\n\n\n<p>11h (10h en Canarias) <strong>Canarias<\/strong> &#8211; <strong>Murcia<\/strong> sub14<\/p>\n\n\n\n<p>13h (12h en Canarias) <strong>Canarias<\/strong>  &#8211; <strong>Murcia<\/strong> sub16<\/p>\n\n\n\n<figure class=\"wp-block-image size-large\"><img loading=\"lazy\" decoding=\"async\" width=\"1024\" height=\"683\" data-src=\"https:\/\/ffcv.es\/wp\/wp-content\/uploads\/2019\/12\/JBH5127-1024x683.jpg\" alt=\"\" class=\"wp-image-40883 lazyload\" data-srcset=\"https:\/\/ffcv.es\/wp\/wp-content\/uploads\/2019\/12\/JBH5127-1024x683.jpg 1024w, https:\/\/ffcv.es\/wp\/wp-content\/uploads\/2019\/12\/JBH5127-300x200.jpg 300w, https:\/\/ffcv.es\/wp\/wp-content\/uploads\/2019\/12\/JBH5127-768x512.jpg 768w, https:\/\/ffcv.es\/wp\/wp-content\/uploads\/2019\/12\/JBH5127-1536x1024.jpg 1536w, https:\/\/ffcv.es\/wp\/wp-content\/uploads\/2019\/12\/JBH5127-2048x1365.jpg 2048w, https:\/\/ffcv.es\/wp\/wp-content\/uploads\/2019\/12\/JBH5127-280x187.jpg 280w, https:\/\/ffcv.es\/wp\/wp-content\/uploads\/2019\/12\/JBH5127-1170x780.jpg 1170w, https:\/\/ffcv.es\/wp\/wp-content\/uploads\/2019\/12\/JBH5127-scaled.jpg 1920w\" data-sizes=\"(max-width: 1024px) 100vw, 1024px\" src=\"data:image\/gif;base64,R0lGODlhAQABAAAAACH5BAEKAAEALAAAAAABAAEAAAICTAEAOw==\" style=\"--smush-placeholder-width: 1024px; --smush-placeholder-aspect-ratio: 1024\/683;\" \/><noscript><img loading=\"lazy\" decoding=\"async\" width=\"1024\" height=\"683\" src=\"https:\/\/ffcv.es\/wp\/wp-content\/uploads\/2019\/12\/JBH5127-1024x683.jpg\" alt=\"\" class=\"wp-image-40883\" srcset=\"https:\/\/ffcv.es\/wp\/wp-content\/uploads\/2019\/12\/JBH5127-1024x683.jpg 1024w, https:\/\/ffcv.es\/wp\/wp-content\/uploads\/2019\/12\/JBH5127-300x200.jpg 300w, https:\/\/ffcv.es\/wp\/wp-content\/uploads\/2019\/12\/JBH5127-768x512.jpg 768w, https:\/\/ffcv.es\/wp\/wp-content\/uploads\/2019\/12\/JBH5127-1536x1024.jpg 1536w, https:\/\/ffcv.es\/wp\/wp-content\/uploads\/2019\/12\/JBH5127-2048x1365.jpg 2048w, https:\/\/ffcv.es\/wp\/wp-content\/uploads\/2019\/12\/JBH5127-280x187.jpg 280w, https:\/\/ffcv.es\/wp\/wp-content\/uploads\/2019\/12\/JBH5127-1170x780.jpg 1170w, https:\/\/ffcv.es\/wp\/wp-content\/uploads\/2019\/12\/JBH5127-scaled.jpg 1920w\" sizes=\"(max-width: 1024px) 100vw, 1024px\" \/><\/noscript><figcaption>H\u00e9ctor Osca y Bachu celebran un gol de la Selecci\u00f3 Valenciana masculina sub16<\/figcaption><\/figure>\n\n\n\n<h2 class=\"wp-block-heading\">Sistema de clasificaci\u00f3n<\/h2>\n\n\n\n<p>A la vez que en <strong>Tenerife<\/strong>, habr\u00e1 otras cinco sedes de esta <strong>Segunda Fase <\/strong>del CNSA, de las que tambi\u00e9n tendr\u00e1 que estar pendiente la<strong> Selecci\u00f3 Valenciana<\/strong> tanto sub14 como sub16.<\/p>\n\n\n\n<p>Clasifican para la <strong>Fase Final<\/strong> los cuatro equipos sub14 y los cuatro equipos sub16 de entre todas las selecciones auton\u00f3micas que hayan sumado m\u00e1s puntos entre la <strong>Primera<\/strong> y esta <strong>Segunda Fase.<\/strong><\/p>\n\n\n\n<h3 class=\"wp-block-heading\">sub14<\/h3>\n\n\n\n<p>Tras acabar en diciembre la<strong> Primera Fase<\/strong>, en la categor\u00eda sub14 la <strong>Comunitat Valenciana <\/strong>mantiene sus opciones pese a tener dos puntos menos que los cinco equipos que van en cabeza:<\/p>\n\n\n\n<figure class=\"wp-block-image size-large\"><img loading=\"lazy\" decoding=\"async\" width=\"1024\" height=\"576\" data-src=\"https:\/\/ffcv.es\/wp\/wp-content\/uploads\/2019\/12\/Clasificacio\u0301n-1-Fase-sub14-DEFINITIVO-1024x576.png\" alt=\"\" class=\"wp-image-40867 lazyload\" data-srcset=\"https:\/\/ffcv.es\/wp\/wp-content\/uploads\/2019\/12\/Clasificacio\u0301n-1-Fase-sub14-DEFINITIVO-1024x576.png 1024w, https:\/\/ffcv.es\/wp\/wp-content\/uploads\/2019\/12\/Clasificacio\u0301n-1-Fase-sub14-DEFINITIVO-300x169.png 300w, https:\/\/ffcv.es\/wp\/wp-content\/uploads\/2019\/12\/Clasificacio\u0301n-1-Fase-sub14-DEFINITIVO-768x432.png 768w, https:\/\/ffcv.es\/wp\/wp-content\/uploads\/2019\/12\/Clasificacio\u0301n-1-Fase-sub14-DEFINITIVO-1536x864.png 1536w, https:\/\/ffcv.es\/wp\/wp-content\/uploads\/2019\/12\/Clasificacio\u0301n-1-Fase-sub14-DEFINITIVO-280x158.png 280w, https:\/\/ffcv.es\/wp\/wp-content\/uploads\/2019\/12\/Clasificacio\u0301n-1-Fase-sub14-DEFINITIVO-1170x658.png 1170w, https:\/\/ffcv.es\/wp\/wp-content\/uploads\/2019\/12\/Clasificacio\u0301n-1-Fase-sub14-DEFINITIVO.png 1920w\" data-sizes=\"(max-width: 1024px) 100vw, 1024px\" src=\"data:image\/gif;base64,R0lGODlhAQABAAAAACH5BAEKAAEALAAAAAABAAEAAAICTAEAOw==\" style=\"--smush-placeholder-width: 1024px; --smush-placeholder-aspect-ratio: 1024\/576;\" \/><noscript><img loading=\"lazy\" decoding=\"async\" width=\"1024\" height=\"576\" src=\"https:\/\/ffcv.es\/wp\/wp-content\/uploads\/2019\/12\/Clasificacio\u0301n-1-Fase-sub14-DEFINITIVO-1024x576.png\" alt=\"\" class=\"wp-image-40867\" srcset=\"https:\/\/ffcv.es\/wp\/wp-content\/uploads\/2019\/12\/Clasificacio\u0301n-1-Fase-sub14-DEFINITIVO-1024x576.png 1024w, https:\/\/ffcv.es\/wp\/wp-content\/uploads\/2019\/12\/Clasificacio\u0301n-1-Fase-sub14-DEFINITIVO-300x169.png 300w, https:\/\/ffcv.es\/wp\/wp-content\/uploads\/2019\/12\/Clasificacio\u0301n-1-Fase-sub14-DEFINITIVO-768x432.png 768w, https:\/\/ffcv.es\/wp\/wp-content\/uploads\/2019\/12\/Clasificacio\u0301n-1-Fase-sub14-DEFINITIVO-1536x864.png 1536w, https:\/\/ffcv.es\/wp\/wp-content\/uploads\/2019\/12\/Clasificacio\u0301n-1-Fase-sub14-DEFINITIVO-280x158.png 280w, https:\/\/ffcv.es\/wp\/wp-content\/uploads\/2019\/12\/Clasificacio\u0301n-1-Fase-sub14-DEFINITIVO-1170x658.png 1170w, https:\/\/ffcv.es\/wp\/wp-content\/uploads\/2019\/12\/Clasificacio\u0301n-1-Fase-sub14-DEFINITIVO.png 1920w\" sizes=\"(max-width: 1024px) 100vw, 1024px\" \/><\/noscript><figcaption>Clasificaci\u00f3n sub14 tras Primera Fase<\/figcaption><\/figure>\n\n\n\n<p><strong>Canarias<\/strong>, con tres puntos, a\u00fan tiene opciones de meterse, por lo que el primer duelo de esta <strong>Segunda Fase<\/strong> con la <strong>Selecci\u00f3<\/strong> va a ser clave para saber qui\u00e9n de los dos sigue luchando por meterse entre los cuatro primeros. Un empate no le vale a ninguno.<\/p>\n\n\n\n<p>No obstante, el combinado de<strong> Aitor Garc\u00eda <\/strong>no depende de s\u00ed mismo para clasificarse ni a\u00fan  ganando los dos encuentros en <strong>Tenerife<\/strong>.<\/p>\n\n\n\n<h3 class=\"wp-block-heading\">sub16<\/h3>\n\n\n\n<p>En la categor\u00eda sub16 la cosa cambia para la<strong> Selecci\u00f3 Valenciana<\/strong>. Las dos victorias y los goles obtenidos en la <strong>Primera Fase<\/strong> frente a <strong>Extremadura<\/strong> y <strong>Melilla<\/strong> la colocaron en cabeza de la clasificaci\u00f3n y dependiendo de s\u00ed misma en esta <strong>Segunda Fase<\/strong>.<\/p>\n\n\n\n<figure class=\"wp-block-image size-large\"><img loading=\"lazy\" decoding=\"async\" width=\"1024\" height=\"576\" data-src=\"https:\/\/ffcv.es\/wp\/wp-content\/uploads\/2019\/12\/Clasificacio\u0301n-1-Fase-sub16-DEFINITIVA-1024x576.png\" alt=\"\" class=\"wp-image-40908 lazyload\" data-srcset=\"https:\/\/ffcv.es\/wp\/wp-content\/uploads\/2019\/12\/Clasificacio\u0301n-1-Fase-sub16-DEFINITIVA-1024x576.png 1024w, https:\/\/ffcv.es\/wp\/wp-content\/uploads\/2019\/12\/Clasificacio\u0301n-1-Fase-sub16-DEFINITIVA-300x169.png 300w, https:\/\/ffcv.es\/wp\/wp-content\/uploads\/2019\/12\/Clasificacio\u0301n-1-Fase-sub16-DEFINITIVA-768x432.png 768w, https:\/\/ffcv.es\/wp\/wp-content\/uploads\/2019\/12\/Clasificacio\u0301n-1-Fase-sub16-DEFINITIVA-1536x864.png 1536w, https:\/\/ffcv.es\/wp\/wp-content\/uploads\/2019\/12\/Clasificacio\u0301n-1-Fase-sub16-DEFINITIVA-280x158.png 280w, https:\/\/ffcv.es\/wp\/wp-content\/uploads\/2019\/12\/Clasificacio\u0301n-1-Fase-sub16-DEFINITIVA-1170x658.png 1170w, https:\/\/ffcv.es\/wp\/wp-content\/uploads\/2019\/12\/Clasificacio\u0301n-1-Fase-sub16-DEFINITIVA.png 1920w\" data-sizes=\"(max-width: 1024px) 100vw, 1024px\" src=\"data:image\/gif;base64,R0lGODlhAQABAAAAACH5BAEKAAEALAAAAAABAAEAAAICTAEAOw==\" style=\"--smush-placeholder-width: 1024px; --smush-placeholder-aspect-ratio: 1024\/576;\" \/><noscript><img loading=\"lazy\" decoding=\"async\" width=\"1024\" height=\"576\" src=\"https:\/\/ffcv.es\/wp\/wp-content\/uploads\/2019\/12\/Clasificacio\u0301n-1-Fase-sub16-DEFINITIVA-1024x576.png\" alt=\"\" class=\"wp-image-40908\" srcset=\"https:\/\/ffcv.es\/wp\/wp-content\/uploads\/2019\/12\/Clasificacio\u0301n-1-Fase-sub16-DEFINITIVA-1024x576.png 1024w, https:\/\/ffcv.es\/wp\/wp-content\/uploads\/2019\/12\/Clasificacio\u0301n-1-Fase-sub16-DEFINITIVA-300x169.png 300w, https:\/\/ffcv.es\/wp\/wp-content\/uploads\/2019\/12\/Clasificacio\u0301n-1-Fase-sub16-DEFINITIVA-768x432.png 768w, https:\/\/ffcv.es\/wp\/wp-content\/uploads\/2019\/12\/Clasificacio\u0301n-1-Fase-sub16-DEFINITIVA-1536x864.png 1536w, https:\/\/ffcv.es\/wp\/wp-content\/uploads\/2019\/12\/Clasificacio\u0301n-1-Fase-sub16-DEFINITIVA-280x158.png 280w, https:\/\/ffcv.es\/wp\/wp-content\/uploads\/2019\/12\/Clasificacio\u0301n-1-Fase-sub16-DEFINITIVA-1170x658.png 1170w, https:\/\/ffcv.es\/wp\/wp-content\/uploads\/2019\/12\/Clasificacio\u0301n-1-Fase-sub16-DEFINITIVA.png 1920w\" sizes=\"(max-width: 1024px) 100vw, 1024px\" \/><\/noscript><figcaption>Clasificaci\u00f3n sub16 tras Primera Fase<\/figcaption><\/figure>\n\n\n\n<p>A\u00fan as\u00ed los de <strong>Javi Lafora<\/strong> tendr\u00e1n que tener mucho cuidado con el primer encuentro frente a <strong>Canarias<\/strong>. La sub16 que entrena<strong> Juan Carlos Valer\u00f3n<\/strong> tendr\u00eda opciones de meterse tambi\u00e9n en la Fase Final si vence sus dos encuentros.<\/p>\n\n\n\n<p>Hay que tener en cuenta que en caso de empate a puntos entre dos\u00a0<strong>Federaciones<\/strong>, se resolver\u00e1 por la mayor diferencia de goles a favor, teniendo en cuenta los partidos disputados entre ambas.<\/p>\n\n\n\n<p>Si se mantiene el empate, decidir\u00e1 la diferencia de goles a favor y en contra en toda la competici\u00f3n.<\/p>\n\n\n\n<p>Si persiste el empate, se resolver\u00e1 por el mayor n\u00famero de goles a favor.<\/p>\n\n\n\n<figure class=\"wp-block-image size-large\"><img loading=\"lazy\" decoding=\"async\" width=\"1024\" height=\"683\" data-src=\"https:\/\/ffcv.es\/wp\/wp-content\/uploads\/2019\/12\/JBH4549-1024x683.jpg\" alt=\"\" class=\"wp-image-40864 lazyload\" data-srcset=\"https:\/\/ffcv.es\/wp\/wp-content\/uploads\/2019\/12\/JBH4549-1024x683.jpg 1024w, https:\/\/ffcv.es\/wp\/wp-content\/uploads\/2019\/12\/JBH4549-300x200.jpg 300w, https:\/\/ffcv.es\/wp\/wp-content\/uploads\/2019\/12\/JBH4549-768x512.jpg 768w, https:\/\/ffcv.es\/wp\/wp-content\/uploads\/2019\/12\/JBH4549-1536x1024.jpg 1536w, https:\/\/ffcv.es\/wp\/wp-content\/uploads\/2019\/12\/JBH4549-2048x1365.jpg 2048w, https:\/\/ffcv.es\/wp\/wp-content\/uploads\/2019\/12\/JBH4549-280x187.jpg 280w, https:\/\/ffcv.es\/wp\/wp-content\/uploads\/2019\/12\/JBH4549-1170x780.jpg 1170w, https:\/\/ffcv.es\/wp\/wp-content\/uploads\/2019\/12\/JBH4549-scaled.jpg 1920w\" data-sizes=\"(max-width: 1024px) 100vw, 1024px\" src=\"data:image\/gif;base64,R0lGODlhAQABAAAAACH5BAEKAAEALAAAAAABAAEAAAICTAEAOw==\" style=\"--smush-placeholder-width: 1024px; --smush-placeholder-aspect-ratio: 1024\/683;\" \/><noscript><img loading=\"lazy\" decoding=\"async\" width=\"1024\" height=\"683\" src=\"https:\/\/ffcv.es\/wp\/wp-content\/uploads\/2019\/12\/JBH4549-1024x683.jpg\" alt=\"\" class=\"wp-image-40864\" srcset=\"https:\/\/ffcv.es\/wp\/wp-content\/uploads\/2019\/12\/JBH4549-1024x683.jpg 1024w, https:\/\/ffcv.es\/wp\/wp-content\/uploads\/2019\/12\/JBH4549-300x200.jpg 300w, https:\/\/ffcv.es\/wp\/wp-content\/uploads\/2019\/12\/JBH4549-768x512.jpg 768w, https:\/\/ffcv.es\/wp\/wp-content\/uploads\/2019\/12\/JBH4549-1536x1024.jpg 1536w, https:\/\/ffcv.es\/wp\/wp-content\/uploads\/2019\/12\/JBH4549-2048x1365.jpg 2048w, https:\/\/ffcv.es\/wp\/wp-content\/uploads\/2019\/12\/JBH4549-280x187.jpg 280w, https:\/\/ffcv.es\/wp\/wp-content\/uploads\/2019\/12\/JBH4549-1170x780.jpg 1170w, https:\/\/ffcv.es\/wp\/wp-content\/uploads\/2019\/12\/JBH4549-scaled.jpg 1920w\" sizes=\"(max-width: 1024px) 100vw, 1024px\" \/><\/noscript><figcaption>Aitor Garc\u00eda da instrucciones durante la Primera Fase celebrada en Almorad\u00ed<\/figcaption><\/figure>\n\n\n\n<h2 class=\"wp-block-heading\">Edad de los jugadores<\/h2>\n\n\n\n<p>No podr\u00e1n ser alineados simult\u00e1neamente m\u00e1s de tres jugadores pertenecientes a un mismo club (incluidos clubes dependientes o filiales).<\/p>\n\n\n\n<h3 class=\"wp-block-heading\">sub14<\/h3>\n\n\n\n<p>En categor\u00eda sub14, podr\u00e1n participar jugadores nacidos a partir del 1 de enero de 2006.<\/p>\n\n\n\n<p>Ser\u00e1 obligatorio que esten inscritos en el acta al menos cuatro futbolistas nacidos despu\u00e9s del 1 de enero de 2007. <\/p>\n\n\n\n<p>Adem\u00e1s, ser\u00e1 obligatoria la alienaci\u00f3n de dos futbolistas sub13 desde el inicio del partido.<\/p>\n\n\n\n<h3 class=\"wp-block-heading\">sub16<\/h3>\n\n\n\n<p>En categor\u00eda sub16, podr\u00e1n participar jugadores nacidos a partir del 1 de enero de 2004.<\/p>\n\n\n\n<p>Ser\u00e1 obligatorio que est\u00e9n inscritos en acta al menos cuatro futbolistas nacidos despu\u00e9s del 1 de enero de 2005.<\/p>\n\n\n\n<figure class=\"wp-block-image size-large\"><img loading=\"lazy\" decoding=\"async\" width=\"1024\" height=\"683\" data-src=\"https:\/\/ffcv.es\/wp\/wp-content\/uploads\/2019\/12\/JBH5353-1024x683.jpg\" alt=\"\" class=\"wp-image-40885 lazyload\" data-srcset=\"https:\/\/ffcv.es\/wp\/wp-content\/uploads\/2019\/12\/JBH5353-1024x683.jpg 1024w, https:\/\/ffcv.es\/wp\/wp-content\/uploads\/2019\/12\/JBH5353-300x200.jpg 300w, https:\/\/ffcv.es\/wp\/wp-content\/uploads\/2019\/12\/JBH5353-768x512.jpg 768w, https:\/\/ffcv.es\/wp\/wp-content\/uploads\/2019\/12\/JBH5353-1536x1024.jpg 1536w, https:\/\/ffcv.es\/wp\/wp-content\/uploads\/2019\/12\/JBH5353-2048x1365.jpg 2048w, https:\/\/ffcv.es\/wp\/wp-content\/uploads\/2019\/12\/JBH5353-280x187.jpg 280w, https:\/\/ffcv.es\/wp\/wp-content\/uploads\/2019\/12\/JBH5353-1170x780.jpg 1170w, https:\/\/ffcv.es\/wp\/wp-content\/uploads\/2019\/12\/JBH5353-scaled.jpg 1920w\" data-sizes=\"(max-width: 1024px) 100vw, 1024px\" src=\"data:image\/gif;base64,R0lGODlhAQABAAAAACH5BAEKAAEALAAAAAABAAEAAAICTAEAOw==\" style=\"--smush-placeholder-width: 1024px; --smush-placeholder-aspect-ratio: 1024\/683;\" \/><noscript><img loading=\"lazy\" decoding=\"async\" width=\"1024\" height=\"683\" src=\"https:\/\/ffcv.es\/wp\/wp-content\/uploads\/2019\/12\/JBH5353-1024x683.jpg\" alt=\"\" class=\"wp-image-40885\" srcset=\"https:\/\/ffcv.es\/wp\/wp-content\/uploads\/2019\/12\/JBH5353-1024x683.jpg 1024w, https:\/\/ffcv.es\/wp\/wp-content\/uploads\/2019\/12\/JBH5353-300x200.jpg 300w, https:\/\/ffcv.es\/wp\/wp-content\/uploads\/2019\/12\/JBH5353-768x512.jpg 768w, https:\/\/ffcv.es\/wp\/wp-content\/uploads\/2019\/12\/JBH5353-1536x1024.jpg 1536w, https:\/\/ffcv.es\/wp\/wp-content\/uploads\/2019\/12\/JBH5353-2048x1365.jpg 2048w, https:\/\/ffcv.es\/wp\/wp-content\/uploads\/2019\/12\/JBH5353-280x187.jpg 280w, https:\/\/ffcv.es\/wp\/wp-content\/uploads\/2019\/12\/JBH5353-1170x780.jpg 1170w, https:\/\/ffcv.es\/wp\/wp-content\/uploads\/2019\/12\/JBH5353-scaled.jpg 1920w\" sizes=\"(max-width: 1024px) 100vw, 1024px\" \/><\/noscript><figcaption>Mario, uno de los m\u00e1s destacados en la Primera Fase para la Selecci\u00f3 Valenciana masculina sub16<\/figcaption><\/figure>\n\n\n\n<h2 class=\"wp-block-heading\">La Selecci\u00f3 Valenciana<\/h2>\n\n\n\n<p>La <strong>Selecci\u00f3 Valenciana masculina sub14<\/strong> est\u00e1 entrenada por <strong>Aitor Garc\u00eda,<\/strong> y la sub16 por <strong>Javi Lafora<\/strong>.<\/p>\n\n\n\n<p>Estas son las dos convocatorias oficiales de la <strong>Selecci\u00f3<\/strong> para esta <strong>Segunda Fase<\/strong> de <strong>Tenerife<\/strong>:<\/p>\n\n\n\n<figure class=\"wp-block-gallery columns-2 is-cropped wp-block-gallery-1 is-layout-flex wp-block-gallery-is-layout-flex\"><ul class=\"blocks-gallery-grid\"><li class=\"blocks-gallery-item\"><figure><img loading=\"lazy\" decoding=\"async\" width=\"1024\" height=\"576\" data-src=\"https:\/\/ffcv.es\/wp\/wp-content\/uploads\/2020\/03\/Convocatoria-masculino-sub14-Tenerife-1024x576.jpg\" alt=\"\" data-id=\"43853\" data-full-url=\"https:\/\/ffcv.es\/wp\/wp-content\/uploads\/2020\/03\/Convocatoria-masculino-sub14-Tenerife.jpg\" data-link=\"https:\/\/ffcv.es\/wp\/blog\/2020\/03\/02\/oficial-lista-de-convocados-por-la-seleccio-valenciana-masculina-sub14-para-la-segunda-fase-del-campeonato-de-espana\/convocatoria-masculino-sub14-tenerife\/\" class=\"wp-image-43853 lazyload\" data-srcset=\"https:\/\/ffcv.es\/wp\/wp-content\/uploads\/2020\/03\/Convocatoria-masculino-sub14-Tenerife-1024x576.jpg 1024w, https:\/\/ffcv.es\/wp\/wp-content\/uploads\/2020\/03\/Convocatoria-masculino-sub14-Tenerife-300x169.jpg 300w, https:\/\/ffcv.es\/wp\/wp-content\/uploads\/2020\/03\/Convocatoria-masculino-sub14-Tenerife-768x432.jpg 768w, https:\/\/ffcv.es\/wp\/wp-content\/uploads\/2020\/03\/Convocatoria-masculino-sub14-Tenerife-1536x864.jpg 1536w, https:\/\/ffcv.es\/wp\/wp-content\/uploads\/2020\/03\/Convocatoria-masculino-sub14-Tenerife-280x158.jpg 280w, https:\/\/ffcv.es\/wp\/wp-content\/uploads\/2020\/03\/Convocatoria-masculino-sub14-Tenerife-1170x658.jpg 1170w, https:\/\/ffcv.es\/wp\/wp-content\/uploads\/2020\/03\/Convocatoria-masculino-sub14-Tenerife.jpg 1920w\" data-sizes=\"(max-width: 1024px) 100vw, 1024px\" src=\"data:image\/gif;base64,R0lGODlhAQABAAAAACH5BAEKAAEALAAAAAABAAEAAAICTAEAOw==\" style=\"--smush-placeholder-width: 1024px; --smush-placeholder-aspect-ratio: 1024\/576;\" \/><noscript><img loading=\"lazy\" decoding=\"async\" width=\"1024\" height=\"576\" src=\"https:\/\/ffcv.es\/wp\/wp-content\/uploads\/2020\/03\/Convocatoria-masculino-sub14-Tenerife-1024x576.jpg\" alt=\"\" data-id=\"43853\" data-full-url=\"https:\/\/ffcv.es\/wp\/wp-content\/uploads\/2020\/03\/Convocatoria-masculino-sub14-Tenerife.jpg\" data-link=\"https:\/\/ffcv.es\/wp\/blog\/2020\/03\/02\/oficial-lista-de-convocados-por-la-seleccio-valenciana-masculina-sub14-para-la-segunda-fase-del-campeonato-de-espana\/convocatoria-masculino-sub14-tenerife\/\" class=\"wp-image-43853\" srcset=\"https:\/\/ffcv.es\/wp\/wp-content\/uploads\/2020\/03\/Convocatoria-masculino-sub14-Tenerife-1024x576.jpg 1024w, https:\/\/ffcv.es\/wp\/wp-content\/uploads\/2020\/03\/Convocatoria-masculino-sub14-Tenerife-300x169.jpg 300w, https:\/\/ffcv.es\/wp\/wp-content\/uploads\/2020\/03\/Convocatoria-masculino-sub14-Tenerife-768x432.jpg 768w, https:\/\/ffcv.es\/wp\/wp-content\/uploads\/2020\/03\/Convocatoria-masculino-sub14-Tenerife-1536x864.jpg 1536w, https:\/\/ffcv.es\/wp\/wp-content\/uploads\/2020\/03\/Convocatoria-masculino-sub14-Tenerife-280x158.jpg 280w, https:\/\/ffcv.es\/wp\/wp-content\/uploads\/2020\/03\/Convocatoria-masculino-sub14-Tenerife-1170x658.jpg 1170w, https:\/\/ffcv.es\/wp\/wp-content\/uploads\/2020\/03\/Convocatoria-masculino-sub14-Tenerife.jpg 1920w\" sizes=\"(max-width: 1024px) 100vw, 1024px\" \/><\/noscript><\/figure><\/li><li class=\"blocks-gallery-item\"><figure><img loading=\"lazy\" decoding=\"async\" width=\"1024\" height=\"576\" data-src=\"https:\/\/ffcv.es\/wp\/wp-content\/uploads\/2020\/03\/Convocatoria-masculino-sub16-Tenerife-1024x576.jpg\" alt=\"\" data-id=\"43871\" data-full-url=\"https:\/\/ffcv.es\/wp\/wp-content\/uploads\/2020\/03\/Convocatoria-masculino-sub16-Tenerife.jpg\" data-link=\"https:\/\/ffcv.es\/wp\/blog\/2020\/03\/02\/oficial-lista-de-convocados-por-la-seleccio-valenciana-masculina-sub16-para-la-segunda-fase-del-campeonato-de-espana\/convocatoria-masculino-sub16-tenerife\/\" class=\"wp-image-43871 lazyload\" data-srcset=\"https:\/\/ffcv.es\/wp\/wp-content\/uploads\/2020\/03\/Convocatoria-masculino-sub16-Tenerife-1024x576.jpg 1024w, https:\/\/ffcv.es\/wp\/wp-content\/uploads\/2020\/03\/Convocatoria-masculino-sub16-Tenerife-300x169.jpg 300w, https:\/\/ffcv.es\/wp\/wp-content\/uploads\/2020\/03\/Convocatoria-masculino-sub16-Tenerife-768x432.jpg 768w, https:\/\/ffcv.es\/wp\/wp-content\/uploads\/2020\/03\/Convocatoria-masculino-sub16-Tenerife-1536x864.jpg 1536w, https:\/\/ffcv.es\/wp\/wp-content\/uploads\/2020\/03\/Convocatoria-masculino-sub16-Tenerife-280x158.jpg 280w, https:\/\/ffcv.es\/wp\/wp-content\/uploads\/2020\/03\/Convocatoria-masculino-sub16-Tenerife-1170x658.jpg 1170w, https:\/\/ffcv.es\/wp\/wp-content\/uploads\/2020\/03\/Convocatoria-masculino-sub16-Tenerife.jpg 1920w\" data-sizes=\"(max-width: 1024px) 100vw, 1024px\" src=\"data:image\/gif;base64,R0lGODlhAQABAAAAACH5BAEKAAEALAAAAAABAAEAAAICTAEAOw==\" style=\"--smush-placeholder-width: 1024px; --smush-placeholder-aspect-ratio: 1024\/576;\" \/><noscript><img loading=\"lazy\" decoding=\"async\" width=\"1024\" height=\"576\" src=\"https:\/\/ffcv.es\/wp\/wp-content\/uploads\/2020\/03\/Convocatoria-masculino-sub16-Tenerife-1024x576.jpg\" alt=\"\" data-id=\"43871\" data-full-url=\"https:\/\/ffcv.es\/wp\/wp-content\/uploads\/2020\/03\/Convocatoria-masculino-sub16-Tenerife.jpg\" data-link=\"https:\/\/ffcv.es\/wp\/blog\/2020\/03\/02\/oficial-lista-de-convocados-por-la-seleccio-valenciana-masculina-sub16-para-la-segunda-fase-del-campeonato-de-espana\/convocatoria-masculino-sub16-tenerife\/\" class=\"wp-image-43871\" srcset=\"https:\/\/ffcv.es\/wp\/wp-content\/uploads\/2020\/03\/Convocatoria-masculino-sub16-Tenerife-1024x576.jpg 1024w, https:\/\/ffcv.es\/wp\/wp-content\/uploads\/2020\/03\/Convocatoria-masculino-sub16-Tenerife-300x169.jpg 300w, https:\/\/ffcv.es\/wp\/wp-content\/uploads\/2020\/03\/Convocatoria-masculino-sub16-Tenerife-768x432.jpg 768w, https:\/\/ffcv.es\/wp\/wp-content\/uploads\/2020\/03\/Convocatoria-masculino-sub16-Tenerife-1536x864.jpg 1536w, https:\/\/ffcv.es\/wp\/wp-content\/uploads\/2020\/03\/Convocatoria-masculino-sub16-Tenerife-280x158.jpg 280w, https:\/\/ffcv.es\/wp\/wp-content\/uploads\/2020\/03\/Convocatoria-masculino-sub16-Tenerife-1170x658.jpg 1170w, https:\/\/ffcv.es\/wp\/wp-content\/uploads\/2020\/03\/Convocatoria-masculino-sub16-Tenerife.jpg 1920w\" sizes=\"(max-width: 1024px) 100vw, 1024px\" \/><\/noscript><\/figure><\/li><\/ul><figcaption class=\"blocks-gallery-caption\">Convocatorias oficiales de Aitor Garc\u00eda y de Javi Lafora<\/figcaption><\/figure>\n\n\n\n<p>Para m\u00e1s detalles, <a href=\"https:\/\/ffcv.es\/wp\/blog\/2020\/03\/02\/oficial-lista-de-convocados-por-la-seleccio-valenciana-masculina-sub14-para-la-segunda-fase-del-campeonato-de-espana\/\">pincha aqu\u00ed para conocer los convocados de la sub14<\/a> y <a href=\"https:\/\/ffcv.es\/wp\/blog\/2020\/03\/02\/oficial-lista-de-convocados-por-la-seleccio-valenciana-masculina-sub16-para-la-segunda-fase-del-campeonato-de-espana\/\">aqu\u00ed para conocer a los convocados de la sub16<\/a>.<\/p>\n\n\n\n<h2 class=\"wp-block-heading\">D\u00f3nde lo puedo seguir<\/h2>\n\n\n\n<p>Desgraciadamente, esta<strong> Segunda Fase<\/strong> no podr\u00e1 verse por streaming. A\u00fan as\u00ed, podr\u00e1s estar permanentemente informado de los encuentros de la <strong>Selecci\u00f3 Valenciana <\/strong>a trav\u00e9s de esta web y de<a href=\"https:\/\/twitter.com\/FFCV_info\"> <strong>la cuenta de Twitter oficial de la FFCV (@FFCV_info)<\/strong><\/a>, que ofrecer\u00e1 el minuto a minuto con mucho detalle de cada uno de los cuatro partidos de Tenerife.<\/p>\n\n\n\n<p>Al acabar, habr\u00e1 fotos y v\u00eddeos con resumen de los encuentros y detalles de los nuestros en tierras canarias.<\/p>\n","protected":false},"excerpt":{"rendered":"<p>El estadio La Salud de Santa Cruz de Tenerife es una de las sedes este fin de semana de la Segunda Fase del Campeonato Nacional de Selecciones Auton\u00f3micas de f\u00fatbol masculino sub14 y sub16. Las selecciones de Canarias, Regi\u00f3n de Murcia y la Comunitat Valenciana se enfrentar\u00e1n entre s\u00ed en la isla, encuadradas todas ellas<\/p>\n","protected":false},"author":15,"featured_media":44060,"comment_status":"closed","ping_status":"closed","sticky":false,"template":"","format":"standard","meta":{"om_disable_all_campaigns":false,"footnotes":""},"categories":[3450,3448,72,1282],"tags":[1332,1120,783,3636,905,3760,1205,1334,1467,3762],"class_list":["post-44059","post","type-post","status-publish","format-standard","has-post-thumbnail","hentry","category-noticias-seleccio-valenciana-sub14","category-seleccio-valenciana-sub16","category-noticias-selecciones","category-portada","tag-campeonato-espana","tag-campeonato-nacional-selecciones-autonomicas","tag-canarias","tag-fabio-blanco","tag-murcia","tag-pablo-reyes","tag-seleccio-valenciana","tag-sub14","tag-sub16","tag-tenerife"],"aioseo_notices":[],"_links":{"self":[{"href":"https:\/\/ffcv.es\/wp\/wp-json\/wp\/v2\/posts\/44059"}],"collection":[{"href":"https:\/\/ffcv.es\/wp\/wp-json\/wp\/v2\/posts"}],"about":[{"href":"https:\/\/ffcv.es\/wp\/wp-json\/wp\/v2\/types\/post"}],"author":[{"embeddable":true,"href":"https:\/\/ffcv.es\/wp\/wp-json\/wp\/v2\/users\/15"}],"replies":[{"embeddable":true,"href":"https:\/\/ffcv.es\/wp\/wp-json\/wp\/v2\/comments?post=44059"}],"version-history":[{"count":1,"href":"https:\/\/ffcv.es\/wp\/wp-json\/wp\/v2\/posts\/44059\/revisions"}],"predecessor-version":[{"id":44071,"href":"https:\/\/ffcv.es\/wp\/wp-json\/wp\/v2\/posts\/44059\/revisions\/44071"}],"wp:featuredmedia":[{"embeddable":true,"href":"https:\/\/ffcv.es\/wp\/wp-json\/wp\/v2\/media\/44060"}],"wp:attachment":[{"href":"https:\/\/ffcv.es\/wp\/wp-json\/wp\/v2\/media?parent=44059"}],"wp:term":[{"taxonomy":"category","embeddable":true,"href":"https:\/\/ffcv.es\/wp\/wp-json\/wp\/v2\/categories?post=44059"},{"taxonomy":"post_tag","embeddable":true,"href":"https:\/\/ffcv.es\/wp\/wp-json\/wp\/v2\/tags?post=44059"}],"curies":[{"name":"wp","href":"https:\/\/api.w.org\/{rel}","templated":true}]}}