{"id":43980,"date":"2020-03-04T13:54:36","date_gmt":"2020-03-04T11:54:36","guid":{"rendered":"https:\/\/ffcv.es\/wp\/?p=43980"},"modified":"2020-03-04T13:54:37","modified_gmt":"2020-03-04T11:54:37","slug":"convocatoria-seleccio-valenciana-sub10-mixta-de-futsal-para-entrenamiento-en-calpe","status":"publish","type":"post","link":"https:\/\/ffcv.es\/wp\/blog\/2020\/03\/convocatoria-seleccio-valenciana-sub10-mixta-de-futsal-para-entrenamiento-en-calpe\/","title":{"rendered":"Convocatoria Selecci\u00f3 Valenciana sub10 mixta de futsal para entrenamiento en Calpe"},"content":{"rendered":"\n<p>El seleccionador <strong>Patxi Aguilar<\/strong> ha hecho p\u00fablica la lista de jugadores y jugadoras convocados para el entrenamiento de la <strong>Selecci\u00f3 Valenciana sub10 <\/strong>mixta de f\u00fatbol sala.<\/p>\n\n\n\n<p>El domingo 8 de marzo, a las 17:30, se celebrar\u00e1 en el <strong>Pabell\u00f3n Municipal de Calpe<\/strong> una sesi\u00f3n de entrenamiento con los 22 ni\u00f1os y ni\u00f1as convocados.<\/p>\n\n\n\n<div class=\"wp-block-file\"><a href=\"https:\/\/ffcv.es\/wp\/wp-content\/uploads\/2020\/03\/CONV.-SUB-10-MITXA-F.S.-CALPE.pdf\">Convocatoria Selecci\u00f3 Valenciana sub10 mixta futsal Calpe<\/a><a href=\"https:\/\/ffcv.es\/wp\/wp-content\/uploads\/2020\/03\/CONV.-SUB-10-MITXA-F.S.-CALPE.pdf\" class=\"wp-block-file__button\" download>Descarga<\/a><\/div>\n\n\n\n<figure class=\"wp-block-image size-large\"><img loading=\"lazy\" decoding=\"async\" width=\"768\" height=\"576\" data-src=\"https:\/\/ffcv.es\/wp\/wp-content\/uploads\/2020\/02\/2D826DAA-DB9F-4351-911A-A7355613665C.jpg\" alt=\"9 feb- Entrenamiento futsal Seleccion sub10 Caple\" class=\"wp-image-42500 lazyload\" data-srcset=\"https:\/\/ffcv.es\/wp\/wp-content\/uploads\/2020\/02\/2D826DAA-DB9F-4351-911A-A7355613665C.jpg 768w, https:\/\/ffcv.es\/wp\/wp-content\/uploads\/2020\/02\/2D826DAA-DB9F-4351-911A-A7355613665C-300x225.jpg 300w, https:\/\/ffcv.es\/wp\/wp-content\/uploads\/2020\/02\/2D826DAA-DB9F-4351-911A-A7355613665C-249x187.jpg 249w\" data-sizes=\"(max-width: 768px) 100vw, 768px\" src=\"data:image\/gif;base64,R0lGODlhAQABAAAAACH5BAEKAAEALAAAAAABAAEAAAICTAEAOw==\" style=\"--smush-placeholder-width: 768px; --smush-placeholder-aspect-ratio: 768\/576;\" \/><noscript><img loading=\"lazy\" decoding=\"async\" width=\"768\" height=\"576\" src=\"https:\/\/ffcv.es\/wp\/wp-content\/uploads\/2020\/02\/2D826DAA-DB9F-4351-911A-A7355613665C.jpg\" alt=\"9 feb- Entrenamiento futsal Seleccion sub10 Caple\" class=\"wp-image-42500\" srcset=\"https:\/\/ffcv.es\/wp\/wp-content\/uploads\/2020\/02\/2D826DAA-DB9F-4351-911A-A7355613665C.jpg 768w, https:\/\/ffcv.es\/wp\/wp-content\/uploads\/2020\/02\/2D826DAA-DB9F-4351-911A-A7355613665C-300x225.jpg 300w, https:\/\/ffcv.es\/wp\/wp-content\/uploads\/2020\/02\/2D826DAA-DB9F-4351-911A-A7355613665C-249x187.jpg 249w\" sizes=\"(max-width: 768px) 100vw, 768px\" \/><\/noscript><figcaption>Convocatoria del \u00faltimo entrenamiento en Calpe.<\/figcaption><\/figure>\n\n\n\n<p>Esta <strong>Selecci\u00f3n<\/strong> disputar\u00e1 en abril el <strong>Campeonato de Espa\u00f1a <\/strong>en <strong>Huelva<\/strong>. <\/p>\n","protected":false},"excerpt":{"rendered":"<p>El seleccionador Patxi Aguilar ha hecho p\u00fablica la lista de jugadores y jugadoras convocados para el entrenamiento de la Selecci\u00f3 Valenciana sub10 mixta de f\u00fatbol sala. El domingo 8 de marzo, a las 17:30, se celebrar\u00e1 en el Pabell\u00f3n Municipal de Calpe una sesi\u00f3n de entrenamiento con los 22 ni\u00f1os y ni\u00f1as convocados. Esta Selecci\u00f3n<\/p>\n","protected":false},"author":16,"featured_media":42498,"comment_status":"closed","ping_status":"closed","sticky":false,"template":"","format":"standard","meta":{"om_disable_all_campaigns":false,"footnotes":""},"categories":[3462,72,1282],"tags":[3703,102,51,3672,3423,1205,3671],"class_list":["post-43980","post","type-post","status-publish","format-standard","has-post-thumbnail","hentry","category-seleccio-valenciana-futsal-sub10","category-noticias-selecciones","category-portada","tag-calpe","tag-convocatoria","tag-futbol-sala","tag-mixta","tag-patxi-aguilar","tag-seleccio-valenciana","tag-sub10"],"aioseo_notices":[],"_links":{"self":[{"href":"https:\/\/ffcv.es\/wp\/wp-json\/wp\/v2\/posts\/43980"}],"collection":[{"href":"https:\/\/ffcv.es\/wp\/wp-json\/wp\/v2\/posts"}],"about":[{"href":"https:\/\/ffcv.es\/wp\/wp-json\/wp\/v2\/types\/post"}],"author":[{"embeddable":true,"href":"https:\/\/ffcv.es\/wp\/wp-json\/wp\/v2\/users\/16"}],"replies":[{"embeddable":true,"href":"https:\/\/ffcv.es\/wp\/wp-json\/wp\/v2\/comments?post=43980"}],"version-history":[{"count":2,"href":"https:\/\/ffcv.es\/wp\/wp-json\/wp\/v2\/posts\/43980\/revisions"}],"predecessor-version":[{"id":43986,"href":"https:\/\/ffcv.es\/wp\/wp-json\/wp\/v2\/posts\/43980\/revisions\/43986"}],"wp:featuredmedia":[{"embeddable":true,"href":"https:\/\/ffcv.es\/wp\/wp-json\/wp\/v2\/media\/42498"}],"wp:attachment":[{"href":"https:\/\/ffcv.es\/wp\/wp-json\/wp\/v2\/media?parent=43980"}],"wp:term":[{"taxonomy":"category","embeddable":true,"href":"https:\/\/ffcv.es\/wp\/wp-json\/wp\/v2\/categories?post=43980"},{"taxonomy":"post_tag","embeddable":true,"href":"https:\/\/ffcv.es\/wp\/wp-json\/wp\/v2\/tags?post=43980"}],"curies":[{"name":"wp","href":"https:\/\/api.w.org\/{rel}","templated":true}]}}