{"id":43619,"date":"2020-02-26T13:54:48","date_gmt":"2020-02-26T11:54:48","guid":{"rendered":"https:\/\/ffcv.es\/wp\/?p=43619"},"modified":"2020-02-26T13:54:49","modified_gmt":"2020-02-26T11:54:49","slug":"convocatoria-seleccio-valenciana-sub14-de-futsal-masculino","status":"publish","type":"post","link":"https:\/\/ffcv.es\/wp\/blog\/2020\/02\/convocatoria-seleccio-valenciana-sub14-de-futsal-masculino\/","title":{"rendered":"Convocatoria Selecci\u00f3 Valenciana sub14 de futsal masculino"},"content":{"rendered":"\n<p>El seleccionador <strong>Borja Palomero<\/strong> ha hecho p\u00fablica la lista de jugadores convocados para el pr\u00f3ximo entrenamiento de la <strong>Selecci\u00f3 Valenciana sub14<\/strong> de f\u00fatbol sala masculina. <\/p>\n\n\n\n<p>El <strong>Pabell\u00f3n Municipal \u00abLa Bosca\u00bb<\/strong> de <strong>Burriana<\/strong> (<strong>Castell\u00f3n<\/strong>) acoger\u00e1 esta sesi\u00f3n de trabajo el pr\u00f3ximo domingo 1 de marzo a las 17:00.<\/p>\n\n\n\n<div class=\"wp-block-file\"><a href=\"https:\/\/ffcv.es\/wp\/wp-content\/uploads\/2020\/02\/CONV.-SUB-14-MASC.-F.S.-BURRIANA.pdf\">Convocatoria Selecci\u00f3 Valenciana sub14 futsal<\/a><a href=\"https:\/\/ffcv.es\/wp\/wp-content\/uploads\/2020\/02\/CONV.-SUB-14-MASC.-F.S.-BURRIANA.pdf\" class=\"wp-block-file__button\" download>Descarga<\/a><\/div>\n\n\n\n<figure class=\"wp-block-image size-large\"><img loading=\"lazy\" decoding=\"async\" width=\"1024\" height=\"768\" data-src=\"https:\/\/ffcv.es\/wp\/wp-content\/uploads\/2020\/02\/f3af0409-bac5-4c99-89fb-37005b6c63c0-1024x768.jpg\" alt=\"9 feb. Entrenamiento Selecci\u00f3 sub14 futsal en Calpe\" class=\"wp-image-42502 lazyload\" data-srcset=\"https:\/\/ffcv.es\/wp\/wp-content\/uploads\/2020\/02\/f3af0409-bac5-4c99-89fb-37005b6c63c0-1024x768.jpg 1024w, https:\/\/ffcv.es\/wp\/wp-content\/uploads\/2020\/02\/f3af0409-bac5-4c99-89fb-37005b6c63c0-300x225.jpg 300w, https:\/\/ffcv.es\/wp\/wp-content\/uploads\/2020\/02\/f3af0409-bac5-4c99-89fb-37005b6c63c0-768x576.jpg 768w, https:\/\/ffcv.es\/wp\/wp-content\/uploads\/2020\/02\/f3af0409-bac5-4c99-89fb-37005b6c63c0-1536x1152.jpg 1536w, https:\/\/ffcv.es\/wp\/wp-content\/uploads\/2020\/02\/f3af0409-bac5-4c99-89fb-37005b6c63c0-249x187.jpg 249w, https:\/\/ffcv.es\/wp\/wp-content\/uploads\/2020\/02\/f3af0409-bac5-4c99-89fb-37005b6c63c0-1170x878.jpg 1170w, https:\/\/ffcv.es\/wp\/wp-content\/uploads\/2020\/02\/f3af0409-bac5-4c99-89fb-37005b6c63c0.jpg 1600w\" data-sizes=\"(max-width: 1024px) 100vw, 1024px\" src=\"data:image\/gif;base64,R0lGODlhAQABAAAAACH5BAEKAAEALAAAAAABAAEAAAICTAEAOw==\" style=\"--smush-placeholder-width: 1024px; --smush-placeholder-aspect-ratio: 1024\/768;\" \/><noscript><img loading=\"lazy\" decoding=\"async\" width=\"1024\" height=\"768\" src=\"https:\/\/ffcv.es\/wp\/wp-content\/uploads\/2020\/02\/f3af0409-bac5-4c99-89fb-37005b6c63c0-1024x768.jpg\" alt=\"9 feb. Entrenamiento Selecci\u00f3 sub14 futsal en Calpe\" class=\"wp-image-42502\" srcset=\"https:\/\/ffcv.es\/wp\/wp-content\/uploads\/2020\/02\/f3af0409-bac5-4c99-89fb-37005b6c63c0-1024x768.jpg 1024w, https:\/\/ffcv.es\/wp\/wp-content\/uploads\/2020\/02\/f3af0409-bac5-4c99-89fb-37005b6c63c0-300x225.jpg 300w, https:\/\/ffcv.es\/wp\/wp-content\/uploads\/2020\/02\/f3af0409-bac5-4c99-89fb-37005b6c63c0-768x576.jpg 768w, https:\/\/ffcv.es\/wp\/wp-content\/uploads\/2020\/02\/f3af0409-bac5-4c99-89fb-37005b6c63c0-1536x1152.jpg 1536w, https:\/\/ffcv.es\/wp\/wp-content\/uploads\/2020\/02\/f3af0409-bac5-4c99-89fb-37005b6c63c0-249x187.jpg 249w, https:\/\/ffcv.es\/wp\/wp-content\/uploads\/2020\/02\/f3af0409-bac5-4c99-89fb-37005b6c63c0-1170x878.jpg 1170w, https:\/\/ffcv.es\/wp\/wp-content\/uploads\/2020\/02\/f3af0409-bac5-4c99-89fb-37005b6c63c0.jpg 1600w\" sizes=\"(max-width: 1024px) 100vw, 1024px\" \/><\/noscript><figcaption>\u00daltima convocatoria de la Selecci\u00f3 sub14 de futsal. <\/figcaption><\/figure>\n","protected":false},"excerpt":{"rendered":"<p>El seleccionador Borja Palomero ha hecho p\u00fablica la lista de jugadores convocados para el pr\u00f3ximo entrenamiento de la Selecci\u00f3 Valenciana sub14 de f\u00fatbol sala masculina. El Pabell\u00f3n Municipal \u00abLa Bosca\u00bb de Burriana (Castell\u00f3n) acoger\u00e1 esta sesi\u00f3n de trabajo el pr\u00f3ximo domingo 1 de marzo a las 17:00.<\/p>\n","protected":false},"author":16,"featured_media":42303,"comment_status":"closed","ping_status":"closed","sticky":false,"template":"","format":"standard","meta":{"om_disable_all_campaigns":false,"footnotes":""},"categories":[3458,72],"tags":[3475,869,102,395,3399],"class_list":["post-43619","post","type-post","status-publish","format-standard","has-post-thumbnail","hentry","category-seleccio-valenciana-futsal-sub14","category-noticias-selecciones","tag-borja-palomero","tag-burriana","tag-convocatoria","tag-futsal","tag-seleccio-valenciana-sub14"],"aioseo_notices":[],"_links":{"self":[{"href":"https:\/\/ffcv.es\/wp\/wp-json\/wp\/v2\/posts\/43619"}],"collection":[{"href":"https:\/\/ffcv.es\/wp\/wp-json\/wp\/v2\/posts"}],"about":[{"href":"https:\/\/ffcv.es\/wp\/wp-json\/wp\/v2\/types\/post"}],"author":[{"embeddable":true,"href":"https:\/\/ffcv.es\/wp\/wp-json\/wp\/v2\/users\/16"}],"replies":[{"embeddable":true,"href":"https:\/\/ffcv.es\/wp\/wp-json\/wp\/v2\/comments?post=43619"}],"version-history":[{"count":1,"href":"https:\/\/ffcv.es\/wp\/wp-json\/wp\/v2\/posts\/43619\/revisions"}],"predecessor-version":[{"id":43621,"href":"https:\/\/ffcv.es\/wp\/wp-json\/wp\/v2\/posts\/43619\/revisions\/43621"}],"wp:featuredmedia":[{"embeddable":true,"href":"https:\/\/ffcv.es\/wp\/wp-json\/wp\/v2\/media\/42303"}],"wp:attachment":[{"href":"https:\/\/ffcv.es\/wp\/wp-json\/wp\/v2\/media?parent=43619"}],"wp:term":[{"taxonomy":"category","embeddable":true,"href":"https:\/\/ffcv.es\/wp\/wp-json\/wp\/v2\/categories?post=43619"},{"taxonomy":"post_tag","embeddable":true,"href":"https:\/\/ffcv.es\/wp\/wp-json\/wp\/v2\/tags?post=43619"}],"curies":[{"name":"wp","href":"https:\/\/api.w.org\/{rel}","templated":true}]}}