{"id":43079,"date":"2020-02-19T14:53:01","date_gmt":"2020-02-19T12:53:01","guid":{"rendered":"https:\/\/ffcv.es\/wp\/?p=43079"},"modified":"2020-02-19T14:53:02","modified_gmt":"2020-02-19T12:53:02","slug":"maravillas-sansano-presente-jornadas-tecnificacion-rfef","status":"publish","type":"post","link":"https:\/\/ffcv.es\/wp\/blog\/2020\/02\/maravillas-sansano-presente-jornadas-tecnificacion-rfef\/","title":{"rendered":"Maravillas Sansano, presente en las Jornadas de Tecnificaci\u00f3n de la RFEF"},"content":{"rendered":"\n<p>La seleccionadora auton\u00f3mica sub19 de f\u00fatbol sala femenino, <strong>Maravillas Sansano<\/strong>, ha participado en las <strong>Jornadas de Tecnificaci\u00f3n<\/strong> de la <strong>Real Federaci\u00f3n Espa\u00f1ola de F\u00fatbol<\/strong>.<\/p>\n\n\n\n<p>El programa de Tecnificaci\u00f3n de f\u00fatbol sala 2019\/20 de la <strong>RFEF<\/strong> sigue avanzando, y el pasado fin de semana fueron los p\u00edvots los protagonistas de las sesiones dirigidas por el seleccionador nacional absoluto, <strong>Fede Vidal<\/strong>.<\/p>\n\n\n\n<figure class=\"wp-block-image size-large\"><img loading=\"lazy\" decoding=\"async\" width=\"1024\" height=\"584\" data-src=\"https:\/\/ffcv.es\/wp\/wp-content\/uploads\/2020\/02\/mavi-1024x584.jpg\" alt=\"\" class=\"wp-image-43082 lazyload\" data-srcset=\"https:\/\/ffcv.es\/wp\/wp-content\/uploads\/2020\/02\/mavi-1024x584.jpg 1024w, https:\/\/ffcv.es\/wp\/wp-content\/uploads\/2020\/02\/mavi-300x171.jpg 300w, https:\/\/ffcv.es\/wp\/wp-content\/uploads\/2020\/02\/mavi-768x438.jpg 768w, https:\/\/ffcv.es\/wp\/wp-content\/uploads\/2020\/02\/mavi-1536x875.jpg 1536w, https:\/\/ffcv.es\/wp\/wp-content\/uploads\/2020\/02\/mavi-280x160.jpg 280w, https:\/\/ffcv.es\/wp\/wp-content\/uploads\/2020\/02\/mavi-1170x667.jpg 1170w, https:\/\/ffcv.es\/wp\/wp-content\/uploads\/2020\/02\/mavi.jpg 1753w\" data-sizes=\"(max-width: 1024px) 100vw, 1024px\" src=\"data:image\/gif;base64,R0lGODlhAQABAAAAACH5BAEKAAEALAAAAAABAAEAAAICTAEAOw==\" style=\"--smush-placeholder-width: 1024px; --smush-placeholder-aspect-ratio: 1024\/584;\" \/><noscript><img loading=\"lazy\" decoding=\"async\" width=\"1024\" height=\"584\" src=\"https:\/\/ffcv.es\/wp\/wp-content\/uploads\/2020\/02\/mavi-1024x584.jpg\" alt=\"\" class=\"wp-image-43082\" srcset=\"https:\/\/ffcv.es\/wp\/wp-content\/uploads\/2020\/02\/mavi-1024x584.jpg 1024w, https:\/\/ffcv.es\/wp\/wp-content\/uploads\/2020\/02\/mavi-300x171.jpg 300w, https:\/\/ffcv.es\/wp\/wp-content\/uploads\/2020\/02\/mavi-768x438.jpg 768w, https:\/\/ffcv.es\/wp\/wp-content\/uploads\/2020\/02\/mavi-1536x875.jpg 1536w, https:\/\/ffcv.es\/wp\/wp-content\/uploads\/2020\/02\/mavi-280x160.jpg 280w, https:\/\/ffcv.es\/wp\/wp-content\/uploads\/2020\/02\/mavi-1170x667.jpg 1170w, https:\/\/ffcv.es\/wp\/wp-content\/uploads\/2020\/02\/mavi.jpg 1753w\" sizes=\"(max-width: 1024px) 100vw, 1024px\" \/><\/noscript><\/figure>\n\n\n\n<p>Coordinadas por el director deportivo, <strong>Jos\u00e9 Venancio L\u00f3pez Hierro<\/strong>, estas Jornadas cuentan siempre con la presencia como invitados de miembros del cuerpo t\u00e9cnico de las federaciones territoriales. <\/p>\n\n\n\n<figure class=\"wp-block-image size-large\"><img loading=\"lazy\" decoding=\"async\" width=\"768\" height=\"1024\" data-src=\"https:\/\/ffcv.es\/wp\/wp-content\/uploads\/2020\/02\/17-feb-Maravillas-Sansano-en-tecnificacio\u0301n-de-pivots-RFEF-2-768x1024.jpeg\" alt=\"17 feb- Maravillas en Tecnificaci\u00f3n p\u00edvots RFEF\" class=\"wp-image-43089 lazyload\" data-srcset=\"https:\/\/ffcv.es\/wp\/wp-content\/uploads\/2020\/02\/17-feb-Maravillas-Sansano-en-tecnificacio\u0301n-de-pivots-RFEF-2-768x1024.jpeg 768w, https:\/\/ffcv.es\/wp\/wp-content\/uploads\/2020\/02\/17-feb-Maravillas-Sansano-en-tecnificacio\u0301n-de-pivots-RFEF-2-225x300.jpeg 225w, https:\/\/ffcv.es\/wp\/wp-content\/uploads\/2020\/02\/17-feb-Maravillas-Sansano-en-tecnificacio\u0301n-de-pivots-RFEF-2-140x187.jpeg 140w, https:\/\/ffcv.es\/wp\/wp-content\/uploads\/2020\/02\/17-feb-Maravillas-Sansano-en-tecnificacio\u0301n-de-pivots-RFEF-2.jpeg 1062w\" data-sizes=\"(max-width: 768px) 100vw, 768px\" src=\"data:image\/gif;base64,R0lGODlhAQABAAAAACH5BAEKAAEALAAAAAABAAEAAAICTAEAOw==\" style=\"--smush-placeholder-width: 768px; --smush-placeholder-aspect-ratio: 768\/1024;\" \/><noscript><img loading=\"lazy\" decoding=\"async\" width=\"768\" height=\"1024\" src=\"https:\/\/ffcv.es\/wp\/wp-content\/uploads\/2020\/02\/17-feb-Maravillas-Sansano-en-tecnificacio\u0301n-de-pivots-RFEF-2-768x1024.jpeg\" alt=\"17 feb- Maravillas en Tecnificaci\u00f3n p\u00edvots RFEF\" class=\"wp-image-43089\" srcset=\"https:\/\/ffcv.es\/wp\/wp-content\/uploads\/2020\/02\/17-feb-Maravillas-Sansano-en-tecnificacio\u0301n-de-pivots-RFEF-2-768x1024.jpeg 768w, https:\/\/ffcv.es\/wp\/wp-content\/uploads\/2020\/02\/17-feb-Maravillas-Sansano-en-tecnificacio\u0301n-de-pivots-RFEF-2-225x300.jpeg 225w, https:\/\/ffcv.es\/wp\/wp-content\/uploads\/2020\/02\/17-feb-Maravillas-Sansano-en-tecnificacio\u0301n-de-pivots-RFEF-2-140x187.jpeg 140w, https:\/\/ffcv.es\/wp\/wp-content\/uploads\/2020\/02\/17-feb-Maravillas-Sansano-en-tecnificacio\u0301n-de-pivots-RFEF-2.jpeg 1062w\" sizes=\"(max-width: 768px) 100vw, 768px\" \/><\/noscript><figcaption>Maravillas con seleccionadores nacionales de futsal.<\/figcaption><\/figure>\n\n\n\n<p>En esta ocasi\u00f3n, fue nuestra seleccionadora femenina sub19, <strong>Maravillas Sansano<\/strong>, la representante del f\u00fatbol sala valenciano.<\/p>\n\n\n\n<p>El objetivo es compartir la <strong>metodolog\u00eda de trabajo<\/strong> en cuanto a planificaci\u00f3n deportiva y entrenamientos de la <strong>Selecci\u00f3n Espa\u00f1ola<\/strong>. De este modo, se coordina de manera m\u00e1s eficiente tanto el seguimiento como la evoluci\u00f3n de los jugadores que son susceptibles de ser convocados por la <strong>RFEF<\/strong>.<\/p>\n","protected":false},"excerpt":{"rendered":"<p>La seleccionadora auton\u00f3mica sub19 de f\u00fatbol sala femenino, Maravillas Sansano, ha participado en las Jornadas de Tecnificaci\u00f3n de la Real Federaci\u00f3n Espa\u00f1ola de F\u00fatbol. El programa de Tecnificaci\u00f3n de f\u00fatbol sala 2019\/20 de la RFEF sigue avanzando, y el pasado fin de semana fueron los p\u00edvots los protagonistas de las sesiones dirigidas por el seleccionador<\/p>\n","protected":false},"author":5,"featured_media":43084,"comment_status":"closed","ping_status":"closed","sticky":false,"template":"","format":"standard","meta":{"om_disable_all_campaigns":false,"footnotes":""},"categories":[16,69,4,72],"tags":[425,137,86,81,1074],"class_list":["post-43079","post","type-post","status-publish","format-standard","has-post-thumbnail","hentry","category-actualidad","category-noticias-ffcv","category-noticias-futbol-sala","category-noticias-selecciones","tag-comite-de-futbol-sala","tag-rfef","tag-selecciones","tag-tecnicos","tag-tecnificacion"],"aioseo_notices":[],"_links":{"self":[{"href":"https:\/\/ffcv.es\/wp\/wp-json\/wp\/v2\/posts\/43079"}],"collection":[{"href":"https:\/\/ffcv.es\/wp\/wp-json\/wp\/v2\/posts"}],"about":[{"href":"https:\/\/ffcv.es\/wp\/wp-json\/wp\/v2\/types\/post"}],"author":[{"embeddable":true,"href":"https:\/\/ffcv.es\/wp\/wp-json\/wp\/v2\/users\/5"}],"replies":[{"embeddable":true,"href":"https:\/\/ffcv.es\/wp\/wp-json\/wp\/v2\/comments?post=43079"}],"version-history":[{"count":3,"href":"https:\/\/ffcv.es\/wp\/wp-json\/wp\/v2\/posts\/43079\/revisions"}],"predecessor-version":[{"id":43090,"href":"https:\/\/ffcv.es\/wp\/wp-json\/wp\/v2\/posts\/43079\/revisions\/43090"}],"wp:featuredmedia":[{"embeddable":true,"href":"https:\/\/ffcv.es\/wp\/wp-json\/wp\/v2\/media\/43084"}],"wp:attachment":[{"href":"https:\/\/ffcv.es\/wp\/wp-json\/wp\/v2\/media?parent=43079"}],"wp:term":[{"taxonomy":"category","embeddable":true,"href":"https:\/\/ffcv.es\/wp\/wp-json\/wp\/v2\/categories?post=43079"},{"taxonomy":"post_tag","embeddable":true,"href":"https:\/\/ffcv.es\/wp\/wp-json\/wp\/v2\/tags?post=43079"}],"curies":[{"name":"wp","href":"https:\/\/api.w.org\/{rel}","templated":true}]}}