{"id":42961,"date":"2020-02-17T12:57:43","date_gmt":"2020-02-17T10:57:43","guid":{"rendered":"https:\/\/ffcv.es\/wp\/?p=42961"},"modified":"2020-02-17T14:35:40","modified_gmt":"2020-02-17T12:35:40","slug":"17-jugadoras-convocadas-para-entrenamiento-de-la-seleccio-valenciana-sub12-de-futbol","status":"publish","type":"post","link":"https:\/\/ffcv.es\/wp\/blog\/2020\/02\/17-jugadoras-convocadas-para-entrenamiento-de-la-seleccio-valenciana-sub12-de-futbol\/","title":{"rendered":"17 jugadoras convocadas para entrenamiento de la Selecci\u00f3 Valenciana sub12 de f\u00fatbol"},"content":{"rendered":"\n<p><strong>Ana G\u00f3mez<\/strong> ha convocado a 17 jugadoras para el entrenamiento de la <strong>Selecci\u00f3 Valenciana Valenta sub12<\/strong> del pr\u00f3ximo jueves.<\/p>\n\n\n\n<p>El <strong>Campo de F\u00fatbol &#8216;Miguel Monle\u00f3n&#8217; <\/strong>de <strong>Picassent<\/strong> ser\u00e1 el escenario de esta sesi\u00f3n preparatoria del <strong>Campeonato Nacional de Selecciones Auton\u00f3micas sub12 <\/strong>del pr\u00f3ximo mes de mayo.<\/p>\n\n\n\n<figure class=\"wp-block-image size-large\"><img loading=\"lazy\" decoding=\"async\" width=\"1024\" height=\"1024\" data-src=\"https:\/\/ffcv.es\/wp\/wp-content\/uploads\/2020\/02\/convo-ana-1024x1024.jpeg\" alt=\"\" class=\"wp-image-42962 lazyload\" data-srcset=\"https:\/\/ffcv.es\/wp\/wp-content\/uploads\/2020\/02\/convo-ana-1024x1024.jpeg 1024w, https:\/\/ffcv.es\/wp\/wp-content\/uploads\/2020\/02\/convo-ana-300x300.jpeg 300w, https:\/\/ffcv.es\/wp\/wp-content\/uploads\/2020\/02\/convo-ana-150x150.jpeg 150w, https:\/\/ffcv.es\/wp\/wp-content\/uploads\/2020\/02\/convo-ana-768x768.jpeg 768w, https:\/\/ffcv.es\/wp\/wp-content\/uploads\/2020\/02\/convo-ana-187x187.jpeg 187w, https:\/\/ffcv.es\/wp\/wp-content\/uploads\/2020\/02\/convo-ana.jpeg 1080w\" data-sizes=\"(max-width: 1024px) 100vw, 1024px\" src=\"data:image\/gif;base64,R0lGODlhAQABAAAAACH5BAEKAAEALAAAAAABAAEAAAICTAEAOw==\" style=\"--smush-placeholder-width: 1024px; --smush-placeholder-aspect-ratio: 1024\/1024;\" \/><noscript><img loading=\"lazy\" decoding=\"async\" width=\"1024\" height=\"1024\" src=\"https:\/\/ffcv.es\/wp\/wp-content\/uploads\/2020\/02\/convo-ana-1024x1024.jpeg\" alt=\"\" class=\"wp-image-42962\" srcset=\"https:\/\/ffcv.es\/wp\/wp-content\/uploads\/2020\/02\/convo-ana-1024x1024.jpeg 1024w, https:\/\/ffcv.es\/wp\/wp-content\/uploads\/2020\/02\/convo-ana-300x300.jpeg 300w, https:\/\/ffcv.es\/wp\/wp-content\/uploads\/2020\/02\/convo-ana-150x150.jpeg 150w, https:\/\/ffcv.es\/wp\/wp-content\/uploads\/2020\/02\/convo-ana-768x768.jpeg 768w, https:\/\/ffcv.es\/wp\/wp-content\/uploads\/2020\/02\/convo-ana-187x187.jpeg 187w, https:\/\/ffcv.es\/wp\/wp-content\/uploads\/2020\/02\/convo-ana.jpeg 1080w\" sizes=\"(max-width: 1024px) 100vw, 1024px\" \/><\/noscript><\/figure>\n\n\n\n<div class=\"wp-block-file\"><a href=\"https:\/\/ffcv.es\/wp\/wp-content\/uploads\/2020\/02\/CONV.-SUB-12-FEM.-PICASSENT.pdf\">Convocatoria Selecci\u00f3 sub12 Valenta<\/a><a href=\"https:\/\/ffcv.es\/wp\/wp-content\/uploads\/2020\/02\/CONV.-SUB-12-FEM.-PICASSENT.pdf\" class=\"wp-block-file__button\" download>Descarga<\/a><\/div>\n","protected":false},"excerpt":{"rendered":"<p>Ana G\u00f3mez ha convocado a 17 jugadoras para el entrenamiento de la Selecci\u00f3 Valenciana Valenta sub12 del pr\u00f3ximo jueves. El Campo de F\u00fatbol &#8216;Miguel Monle\u00f3n&#8217; de Picassent ser\u00e1 el escenario de esta sesi\u00f3n preparatoria del Campeonato Nacional de Selecciones Auton\u00f3micas sub12 del pr\u00f3ximo mes de mayo.<\/p>\n","protected":false},"author":16,"featured_media":41566,"comment_status":"closed","ping_status":"closed","sticky":false,"template":"","format":"standard","meta":{"om_disable_all_campaigns":false,"footnotes":""},"categories":[3442,1361,1177],"tags":[],"class_list":["post-42961","post","type-post","status-publish","format-standard","has-post-thumbnail","hentry","category-noticias-seleccio-valenta-sub12","category-noticias-sub12","category-noticias-valenta"],"aioseo_notices":[],"_links":{"self":[{"href":"https:\/\/ffcv.es\/wp\/wp-json\/wp\/v2\/posts\/42961"}],"collection":[{"href":"https:\/\/ffcv.es\/wp\/wp-json\/wp\/v2\/posts"}],"about":[{"href":"https:\/\/ffcv.es\/wp\/wp-json\/wp\/v2\/types\/post"}],"author":[{"embeddable":true,"href":"https:\/\/ffcv.es\/wp\/wp-json\/wp\/v2\/users\/16"}],"replies":[{"embeddable":true,"href":"https:\/\/ffcv.es\/wp\/wp-json\/wp\/v2\/comments?post=42961"}],"version-history":[{"count":2,"href":"https:\/\/ffcv.es\/wp\/wp-json\/wp\/v2\/posts\/42961\/revisions"}],"predecessor-version":[{"id":42975,"href":"https:\/\/ffcv.es\/wp\/wp-json\/wp\/v2\/posts\/42961\/revisions\/42975"}],"wp:featuredmedia":[{"embeddable":true,"href":"https:\/\/ffcv.es\/wp\/wp-json\/wp\/v2\/media\/41566"}],"wp:attachment":[{"href":"https:\/\/ffcv.es\/wp\/wp-json\/wp\/v2\/media?parent=42961"}],"wp:term":[{"taxonomy":"category","embeddable":true,"href":"https:\/\/ffcv.es\/wp\/wp-json\/wp\/v2\/categories?post=42961"},{"taxonomy":"post_tag","embeddable":true,"href":"https:\/\/ffcv.es\/wp\/wp-json\/wp\/v2\/tags?post=42961"}],"curies":[{"name":"wp","href":"https:\/\/api.w.org\/{rel}","templated":true}]}}