{"id":42731,"date":"2020-02-13T12:56:45","date_gmt":"2020-02-13T10:56:45","guid":{"rendered":"https:\/\/ffcv.es\/wp\/?p=42731"},"modified":"2020-02-13T12:56:47","modified_gmt":"2020-02-13T10:56:47","slug":"peniscola-cae-puertas-historia-copa-rey","status":"publish","type":"post","link":"https:\/\/ffcv.es\/wp\/blog\/2020\/02\/peniscola-cae-puertas-historia-copa-rey\/","title":{"rendered":"Pe\u00f1\u00edscola cae a las puertas de hacer historia en Copa del Rey"},"content":{"rendered":"\n<p>El <strong>Servigroup Pe\u00f1\u00edscola FS <\/strong>cay\u00f3 por la m\u00ednima (2-1) anoche en <strong>Sevilla<\/strong> ante el <strong>Real Betis<\/strong> y se despidi\u00f3 de su sue\u00f1o de estar en la <strong>Final Four<\/strong> de la <strong>Copa de Su Majestad el Rey<\/strong>.<\/p>\n\n\n\n<p>No pudo ser. Un mal inicio de partido conden\u00f3 a los de<strong> Juanlu Alonso<\/strong>, que no pudieron superar en la segunda parte el 2-0 en contra con que se lleg\u00f3 al descanso.<\/p>\n\n\n\n<figure class=\"wp-block-image size-large\"><img loading=\"lazy\" decoding=\"async\" width=\"1024\" height=\"683\" data-src=\"https:\/\/ffcv.es\/wp\/wp-content\/uploads\/2020\/02\/EQmUK14WkAI6vBd-1024x683.jpg\" alt=\"\" class=\"wp-image-42734 lazyload\" data-srcset=\"https:\/\/ffcv.es\/wp\/wp-content\/uploads\/2020\/02\/EQmUK14WkAI6vBd-1024x683.jpg 1024w, https:\/\/ffcv.es\/wp\/wp-content\/uploads\/2020\/02\/EQmUK14WkAI6vBd-300x200.jpg 300w, https:\/\/ffcv.es\/wp\/wp-content\/uploads\/2020\/02\/EQmUK14WkAI6vBd-768x512.jpg 768w, https:\/\/ffcv.es\/wp\/wp-content\/uploads\/2020\/02\/EQmUK14WkAI6vBd-280x187.jpg 280w, https:\/\/ffcv.es\/wp\/wp-content\/uploads\/2020\/02\/EQmUK14WkAI6vBd-1170x781.jpg 1170w, https:\/\/ffcv.es\/wp\/wp-content\/uploads\/2020\/02\/EQmUK14WkAI6vBd.jpg 1280w\" data-sizes=\"(max-width: 1024px) 100vw, 1024px\" src=\"data:image\/gif;base64,R0lGODlhAQABAAAAACH5BAEKAAEALAAAAAABAAEAAAICTAEAOw==\" style=\"--smush-placeholder-width: 1024px; --smush-placeholder-aspect-ratio: 1024\/683;\" \/><noscript><img loading=\"lazy\" decoding=\"async\" width=\"1024\" height=\"683\" src=\"https:\/\/ffcv.es\/wp\/wp-content\/uploads\/2020\/02\/EQmUK14WkAI6vBd-1024x683.jpg\" alt=\"\" class=\"wp-image-42734\" srcset=\"https:\/\/ffcv.es\/wp\/wp-content\/uploads\/2020\/02\/EQmUK14WkAI6vBd-1024x683.jpg 1024w, https:\/\/ffcv.es\/wp\/wp-content\/uploads\/2020\/02\/EQmUK14WkAI6vBd-300x200.jpg 300w, https:\/\/ffcv.es\/wp\/wp-content\/uploads\/2020\/02\/EQmUK14WkAI6vBd-768x512.jpg 768w, https:\/\/ffcv.es\/wp\/wp-content\/uploads\/2020\/02\/EQmUK14WkAI6vBd-280x187.jpg 280w, https:\/\/ffcv.es\/wp\/wp-content\/uploads\/2020\/02\/EQmUK14WkAI6vBd-1170x781.jpg 1170w, https:\/\/ffcv.es\/wp\/wp-content\/uploads\/2020\/02\/EQmUK14WkAI6vBd.jpg 1280w\" sizes=\"(max-width: 1024px) 100vw, 1024px\" \/><\/noscript><\/figure>\n\n\n\n<p>Los cuartos de final de <strong>Copa<\/strong> se le atragantaron al <strong>Pe\u00f1\u00edscola<\/strong>, que se vio superado en la primera parte ante el equipo-revelaci\u00f3n de la<strong> Segunda Divisi\u00f3n<\/strong> espa\u00f1ola. <\/p>\n\n\n\n<p>Los andaluces gestionaron bien el ritmo del encuentro desde la defensa, y <strong>Eric <\/strong>(16&#8242;) y <strong>Rub\u00e9n <\/strong>(20&#8242;) marcaron los goles para el <strong>Betis<\/strong>.<\/p>\n\n\n\n<figure class=\"wp-block-image size-large\"><img loading=\"lazy\" decoding=\"async\" width=\"1024\" height=\"682\" data-src=\"https:\/\/ffcv.es\/wp\/wp-content\/uploads\/2020\/02\/EQmXThzXUAEjfJA-1024x682.jpg\" alt=\"\" class=\"wp-image-42736 lazyload\" data-srcset=\"https:\/\/ffcv.es\/wp\/wp-content\/uploads\/2020\/02\/EQmXThzXUAEjfJA-1024x682.jpg 1024w, https:\/\/ffcv.es\/wp\/wp-content\/uploads\/2020\/02\/EQmXThzXUAEjfJA-300x200.jpg 300w, https:\/\/ffcv.es\/wp\/wp-content\/uploads\/2020\/02\/EQmXThzXUAEjfJA-768x512.jpg 768w, https:\/\/ffcv.es\/wp\/wp-content\/uploads\/2020\/02\/EQmXThzXUAEjfJA-1536x1023.jpg 1536w, https:\/\/ffcv.es\/wp\/wp-content\/uploads\/2020\/02\/EQmXThzXUAEjfJA-280x187.jpg 280w, https:\/\/ffcv.es\/wp\/wp-content\/uploads\/2020\/02\/EQmXThzXUAEjfJA-1170x780.jpg 1170w, https:\/\/ffcv.es\/wp\/wp-content\/uploads\/2020\/02\/EQmXThzXUAEjfJA.jpg 1600w\" data-sizes=\"(max-width: 1024px) 100vw, 1024px\" src=\"data:image\/gif;base64,R0lGODlhAQABAAAAACH5BAEKAAEALAAAAAABAAEAAAICTAEAOw==\" style=\"--smush-placeholder-width: 1024px; --smush-placeholder-aspect-ratio: 1024\/682;\" \/><noscript><img loading=\"lazy\" decoding=\"async\" width=\"1024\" height=\"682\" src=\"https:\/\/ffcv.es\/wp\/wp-content\/uploads\/2020\/02\/EQmXThzXUAEjfJA-1024x682.jpg\" alt=\"\" class=\"wp-image-42736\" srcset=\"https:\/\/ffcv.es\/wp\/wp-content\/uploads\/2020\/02\/EQmXThzXUAEjfJA-1024x682.jpg 1024w, https:\/\/ffcv.es\/wp\/wp-content\/uploads\/2020\/02\/EQmXThzXUAEjfJA-300x200.jpg 300w, https:\/\/ffcv.es\/wp\/wp-content\/uploads\/2020\/02\/EQmXThzXUAEjfJA-768x512.jpg 768w, https:\/\/ffcv.es\/wp\/wp-content\/uploads\/2020\/02\/EQmXThzXUAEjfJA-1536x1023.jpg 1536w, https:\/\/ffcv.es\/wp\/wp-content\/uploads\/2020\/02\/EQmXThzXUAEjfJA-280x187.jpg 280w, https:\/\/ffcv.es\/wp\/wp-content\/uploads\/2020\/02\/EQmXThzXUAEjfJA-1170x780.jpg 1170w, https:\/\/ffcv.es\/wp\/wp-content\/uploads\/2020\/02\/EQmXThzXUAEjfJA.jpg 1600w\" sizes=\"(max-width: 1024px) 100vw, 1024px\" \/><\/noscript><\/figure>\n\n\n\n<p>En la reanudaci\u00f3n, <strong>Claudino <\/strong>logr\u00f3 recortar (2-1, 24&#8242;) en lo que fueron los mejores minutos del <strong>Pe\u00f1\u00edscola<\/strong> en el duelo. Sin embargo, el reloj corr\u00eda a favor de los andaluces, que hasta pudieron ampliar diferencias y sentenciar el partido, aunque se encontraron con un serio <strong>Molina <\/strong>bajo palos. <\/p>\n\n\n\n<p>De este modo, el <strong>Betis<\/strong> hace historia y ser\u00e1 el primer equipo de <strong>Segunda<\/strong> <strong>Divisi\u00f3n<\/strong> en jugar unas semifinales de la competici\u00f3n del KO.<\/p>\n","protected":false},"excerpt":{"rendered":"<p>El Servigroup Pe\u00f1\u00edscola FS cay\u00f3 por la m\u00ednima (2-1) anoche en Sevilla ante el Real Betis y se despidi\u00f3 de su sue\u00f1o de estar en la Final Four de la Copa de Su Majestad el Rey. No pudo ser. Un mal inicio de partido conden\u00f3 a los de Juanlu Alonso, que no pudieron superar en<\/p>\n","protected":false},"author":5,"featured_media":42737,"comment_status":"closed","ping_status":"closed","sticky":false,"template":"","format":"standard","meta":{"om_disable_all_campaigns":false,"footnotes":""},"categories":[16,69,4],"tags":[136,230,789,51,137],"class_list":["post-42731","post","type-post","status-publish","format-standard","has-post-thumbnail","hentry","category-actualidad","category-noticias-ffcv","category-noticias-futbol-sala","tag-copa-del-rey","tag-ctfs","tag-cuartos","tag-futbol-sala","tag-rfef"],"aioseo_notices":[],"_links":{"self":[{"href":"https:\/\/ffcv.es\/wp\/wp-json\/wp\/v2\/posts\/42731"}],"collection":[{"href":"https:\/\/ffcv.es\/wp\/wp-json\/wp\/v2\/posts"}],"about":[{"href":"https:\/\/ffcv.es\/wp\/wp-json\/wp\/v2\/types\/post"}],"author":[{"embeddable":true,"href":"https:\/\/ffcv.es\/wp\/wp-json\/wp\/v2\/users\/5"}],"replies":[{"embeddable":true,"href":"https:\/\/ffcv.es\/wp\/wp-json\/wp\/v2\/comments?post=42731"}],"version-history":[{"count":2,"href":"https:\/\/ffcv.es\/wp\/wp-json\/wp\/v2\/posts\/42731\/revisions"}],"predecessor-version":[{"id":42741,"href":"https:\/\/ffcv.es\/wp\/wp-json\/wp\/v2\/posts\/42731\/revisions\/42741"}],"wp:featuredmedia":[{"embeddable":true,"href":"https:\/\/ffcv.es\/wp\/wp-json\/wp\/v2\/media\/42737"}],"wp:attachment":[{"href":"https:\/\/ffcv.es\/wp\/wp-json\/wp\/v2\/media?parent=42731"}],"wp:term":[{"taxonomy":"category","embeddable":true,"href":"https:\/\/ffcv.es\/wp\/wp-json\/wp\/v2\/categories?post=42731"},{"taxonomy":"post_tag","embeddable":true,"href":"https:\/\/ffcv.es\/wp\/wp-json\/wp\/v2\/tags?post=42731"}],"curies":[{"name":"wp","href":"https:\/\/api.w.org\/{rel}","templated":true}]}}