{"id":4216,"date":"2016-05-26T09:01:16","date_gmt":"2016-05-26T09:01:16","guid":{"rendered":"https:\/\/ffcv.es\/wp\/?p=4216"},"modified":"2016-05-26T09:02:27","modified_gmt":"2016-05-26T09:02:27","slug":"gines-melendez-la-formacion-es-la-clave-de-la-evolucion","status":"publish","type":"post","link":"https:\/\/ffcv.es\/wp\/blog\/2016\/05\/gines-melendez-la-formacion-es-la-clave-de-la-evolucion\/","title":{"rendered":"Gin\u00e9s Mel\u00e9ndez: \u00abLa formaci\u00f3n es la clave de la evoluci\u00f3n\u00bb"},"content":{"rendered":"<p>Gin\u00e9z Mel\u00e9ndez, coordinador de las categor\u00edas inferiores de la Selecci\u00f3n Espa\u00f1ola de F\u00fatbol, estuvo en Pego en la Jornada para Entrenadores Valencianos con el &#8216;staff&#8217; de la Real Federaci\u00f3n Espa\u00f1ola de F\u00fatbol, y habl\u00f3 de la importancia de la formaci\u00f3n en la evoluci\u00f3n de los t\u00e9cnicos y jugadores de nuestro deporte.<\/p>\n<div align=\"center\"><script src=\"\/\/pagead2.googlesyndication.com\/pagead\/js\/adsbygoogle.js\" async=\"\"><\/script><!-- cabecera_paginas_adaptable --> <ins class=\"adsbygoogle\" style=\"display: block; background: none !important;\" data-ad-client=\"ca-pub-8508993344894927\" data-ad-slot=\"8273813495\" data-ad-format=\"auto\"><\/ins><script>\/\/ <![CDATA[\n(adsbygoogle = window.adsbygoogle || []).push({});\n\/\/ ]]><\/script><\/div>\n<p><em><img loading=\"lazy\" decoding=\"async\" class=\"size-medium wp-image-4211 alignright lazyload\" data-src=\"https:\/\/ffcv.es\/wp\/wp-content\/uploads\/2016\/05\/20160524_1848311-300x169.jpg\" alt=\"20160524_184831[1]\" width=\"300\" height=\"169\" data-srcset=\"https:\/\/ffcv.es\/wp\/wp-content\/uploads\/2016\/05\/20160524_1848311-300x169.jpg 300w, https:\/\/ffcv.es\/wp\/wp-content\/uploads\/2016\/05\/20160524_1848311-768x432.jpg 768w, https:\/\/ffcv.es\/wp\/wp-content\/uploads\/2016\/05\/20160524_1848311-1024x576.jpg 1024w\" data-sizes=\"(max-width: 300px) 100vw, 300px\" src=\"data:image\/gif;base64,R0lGODlhAQABAAAAACH5BAEKAAEALAAAAAABAAEAAAICTAEAOw==\" style=\"--smush-placeholder-width: 300px; --smush-placeholder-aspect-ratio: 300\/169;\" \/><noscript><img loading=\"lazy\" decoding=\"async\" class=\"size-medium wp-image-4211 alignright\" src=\"https:\/\/ffcv.es\/wp\/wp-content\/uploads\/2016\/05\/20160524_1848311-300x169.jpg\" alt=\"20160524_184831[1]\" width=\"300\" height=\"169\" srcset=\"https:\/\/ffcv.es\/wp\/wp-content\/uploads\/2016\/05\/20160524_1848311-300x169.jpg 300w, https:\/\/ffcv.es\/wp\/wp-content\/uploads\/2016\/05\/20160524_1848311-768x432.jpg 768w, https:\/\/ffcv.es\/wp\/wp-content\/uploads\/2016\/05\/20160524_1848311-1024x576.jpg 1024w\" sizes=\"(max-width: 300px) 100vw, 300px\" \/><\/noscript>&#8211; Esta es la segunda ocasi\u00f3n en que el cuerpo t\u00e9cnico de la RFEF se desplaza en bloque para compartir su trabajo con otros entrenadores, y ambas han sido en la Comunidad Valenciana&#8230;<\/em><\/p>\n<p>&#8211; S\u00ed, es un honor para nosotros, ya que tenemos una gran relaci\u00f3n con la Federaci\u00f3n de F\u00fatbol de la Comunidad Valenciana y su presidente, Vicente Mu\u00f1oz, as\u00ed como con el delegado en Alicante, Dami\u00e1n L\u00f3pez, y hacemos aqu\u00ed lo que pr\u00e1cticamente no hacemos en ning\u00fan otro sitio porque no podemos por problemas de agenda. Lo hicimos en Crevillente hace tres temporadas y ahora <a href=\"https:\/\/ffcv.es\/wp\/centenar-tecnicos-valencianos-disfrutaron-staff-la-seleccion-espanola-pego\/\">hemos repetido en Pego y lo hemos hecho muy satisfechos<\/a> y contentos, la verdad.<\/p>\n<p><em>&#8211; La respuesta de los entrenadores valencianos fue r\u00e1pida y masiva en cuanto se dio a conocer la noticia de esta Jornada&#8230;<\/em><\/p>\n<p>&#8211; S\u00ed, s\u00ed, tuvimos que cerrar la inscripci\u00f3n r\u00e1pidamente porque los t\u00e9cnicos valencianos se volcaron y estas Jornadas de Formaci\u00f3n no pueden ser masivas. No buscamos la cantidad, sino la calidad, y que a la gente que asiste, si es en grupo reducido, la podamos atender de una manera m\u00e1s cercana, tanto en lo personal como en lo profesional.<\/p>\n<p><em>&#8211; \u00bfC\u00f3mo valora la oportunidad de compartir los conocimientos de los t\u00e9cnicos de RFEF con entrenadores de categor\u00edas de base o de categor\u00edas regionales?<\/em><\/p>\n<p>&#8211; Important\u00edsimo, sobre todo con gente que de normal no puede tener acceso a grandes eventos; nosotros lo que hacemos es acudir a donde ellos no pueden llegar y compartir con ellos nuestras experiencias. No somos ni m\u00e1s listos ni sabemos m\u00e1s que nadie, pero s\u00ed queremos trasladar nuestros conocimientos para que ellos a su vez puedan, si lo consideran, transmitirlo a los chicos que entrenan, lo cual siempre es gratificante. La formaci\u00f3n es la clave de la evoluci\u00f3n, y el f\u00fatbol est\u00e1 en constante evoluci\u00f3n.<\/p>\n<p><em><img loading=\"lazy\" decoding=\"async\" class=\"size-medium wp-image-4217 alignright lazyload\" data-src=\"https:\/\/ffcv.es\/wp\/wp-content\/uploads\/2016\/05\/20160524_1941161-300x169.jpg\" alt=\"20160524_194116[1]\" width=\"300\" height=\"169\" data-srcset=\"https:\/\/ffcv.es\/wp\/wp-content\/uploads\/2016\/05\/20160524_1941161-300x169.jpg 300w, https:\/\/ffcv.es\/wp\/wp-content\/uploads\/2016\/05\/20160524_1941161-768x432.jpg 768w, https:\/\/ffcv.es\/wp\/wp-content\/uploads\/2016\/05\/20160524_1941161-1024x576.jpg 1024w\" data-sizes=\"(max-width: 300px) 100vw, 300px\" src=\"data:image\/gif;base64,R0lGODlhAQABAAAAACH5BAEKAAEALAAAAAABAAEAAAICTAEAOw==\" style=\"--smush-placeholder-width: 300px; --smush-placeholder-aspect-ratio: 300\/169;\" \/><noscript><img loading=\"lazy\" decoding=\"async\" class=\"size-medium wp-image-4217 alignright\" src=\"https:\/\/ffcv.es\/wp\/wp-content\/uploads\/2016\/05\/20160524_1941161-300x169.jpg\" alt=\"20160524_194116[1]\" width=\"300\" height=\"169\" srcset=\"https:\/\/ffcv.es\/wp\/wp-content\/uploads\/2016\/05\/20160524_1941161-300x169.jpg 300w, https:\/\/ffcv.es\/wp\/wp-content\/uploads\/2016\/05\/20160524_1941161-768x432.jpg 768w, https:\/\/ffcv.es\/wp\/wp-content\/uploads\/2016\/05\/20160524_1941161-1024x576.jpg 1024w\" sizes=\"(max-width: 300px) 100vw, 300px\" \/><\/noscript>&#8211; La Selecci\u00f3n Sub-17 acaba de volver de Azerbaiy\u00e1n con una nueva Plata en su palmar\u00e9s, \u00bfqu\u00e9 tal la experiencia con las nuevas generaciones del f\u00fatbol espa\u00f1ol?<\/em><\/p>\n<p>&#8211; En general muy contentos. Estamos muy tristes pero al tiempo muy satisfechos con el trabajo realizado. El equipo t\u00e9cnico y la plantilla han hecho una magn\u00edfica labor por la que les he felicitado. La medalla de Plata es importante, porque ya hemos jugado seis finales en esta categor\u00eda. Nadie en Europa ha conseguido jugar seis Finales, s\u00f3lo Espa\u00f1a. Tenemos cuatro Platas y dos Oros, algo que ninguna naci\u00f3n ha logrado, y que tardar\u00e1n a\u00f1os para que puedan cogernos. Estamos muy satisfechos y muy orgullosos.<\/p>\n<p><em>Autor: Prensa FFCV<\/em><\/p>\n","protected":false},"excerpt":{"rendered":"<p>Gin\u00e9z Mel\u00e9ndez, coordinador de las categor\u00edas inferiores de la Selecci\u00f3n Espa\u00f1ola de F\u00fatbol, estuvo en Pego en la Jornada para Entrenadores Valencianos con el &#8216;staff&#8217; de la Real Federaci\u00f3n Espa\u00f1ola de F\u00fatbol, y habl\u00f3 de la importancia de la formaci\u00f3n en la evoluci\u00f3n de los t\u00e9cnicos y jugadores de nuestro deporte. &#8211; Esta es la<\/p>\n","protected":false},"author":5,"featured_media":4211,"comment_status":"closed","ping_status":"closed","sticky":false,"template":"","format":"standard","meta":{"om_disable_all_campaigns":false,"footnotes":""},"categories":[16,69,72],"tags":[129,92,98,137,81],"class_list":["post-4216","post","type-post","status-publish","format-standard","has-post-thumbnail","hentry","category-actualidad","category-noticias-ffcv","category-noticias-selecciones","tag-entrenadores","tag-formacion","tag-futbol","tag-rfef","tag-tecnicos"],"aioseo_notices":[],"_links":{"self":[{"href":"https:\/\/ffcv.es\/wp\/wp-json\/wp\/v2\/posts\/4216"}],"collection":[{"href":"https:\/\/ffcv.es\/wp\/wp-json\/wp\/v2\/posts"}],"about":[{"href":"https:\/\/ffcv.es\/wp\/wp-json\/wp\/v2\/types\/post"}],"author":[{"embeddable":true,"href":"https:\/\/ffcv.es\/wp\/wp-json\/wp\/v2\/users\/5"}],"replies":[{"embeddable":true,"href":"https:\/\/ffcv.es\/wp\/wp-json\/wp\/v2\/comments?post=4216"}],"version-history":[{"count":1,"href":"https:\/\/ffcv.es\/wp\/wp-json\/wp\/v2\/posts\/4216\/revisions"}],"predecessor-version":[{"id":4218,"href":"https:\/\/ffcv.es\/wp\/wp-json\/wp\/v2\/posts\/4216\/revisions\/4218"}],"wp:featuredmedia":[{"embeddable":true,"href":"https:\/\/ffcv.es\/wp\/wp-json\/wp\/v2\/media\/4211"}],"wp:attachment":[{"href":"https:\/\/ffcv.es\/wp\/wp-json\/wp\/v2\/media?parent=4216"}],"wp:term":[{"taxonomy":"category","embeddable":true,"href":"https:\/\/ffcv.es\/wp\/wp-json\/wp\/v2\/categories?post=4216"},{"taxonomy":"post_tag","embeddable":true,"href":"https:\/\/ffcv.es\/wp\/wp-json\/wp\/v2\/tags?post=4216"}],"curies":[{"name":"wp","href":"https:\/\/api.w.org\/{rel}","templated":true}]}}