{"id":42156,"date":"2020-02-01T12:17:38","date_gmt":"2020-02-01T10:17:38","guid":{"rendered":"https:\/\/ffcv.es\/wp\/?p=42156"},"modified":"2020-02-01T12:20:52","modified_gmt":"2020-02-01T10:20:52","slug":"emotiva-fiesta-de-50-aniversario-del-cd-atletico-nazaret","status":"publish","type":"post","link":"https:\/\/ffcv.es\/wp\/blog\/2020\/02\/emotiva-fiesta-de-50-aniversario-del-cd-atletico-nazaret\/","title":{"rendered":"Emotiva fiesta de 50 aniversario del CD Atl\u00e9tico Nazaret"},"content":{"rendered":"\n<p>El <strong>CD Atl\u00e9tico Nazaret<\/strong> celebr\u00f3 este viernes su 50 aniversario en una emotiva fiesta a la que asistieron centenares de amigos del club valenciano.<\/p>\n\n\n\n<p><strong>Felipe S\u00e1nchez<\/strong>, actual presidente del club nazareno, fue el vivo reflejo de la emotividad de un acto cargado de simbolismo.<\/p>\n\n\n\n<iframe loading=\"lazy\" width=\"560\" height=\"315\" data-src=\"https:\/\/www.youtube.com\/embed\/m9WHMMo3izs\" frameborder=\"0\" allow=\"accelerometer; autoplay; encrypted-media; gyroscope; picture-in-picture\" allowfullscreen=\"\" src=\"data:image\/gif;base64,R0lGODlhAQABAAAAACH5BAEKAAEALAAAAAABAAEAAAICTAEAOw==\" class=\"lazyload\" data-load-mode=\"1\"><\/iframe>\n\n\n\n<p>Los protagonistas dela gala fueron todos los chavales de la cantera del<strong> CD Atl\u00e9tico Nazaret<\/strong>, que desfilaron uno a uno y posaron para acabar aplaudiendo a toda la gente que se reuni\u00f3 en este aniversario.<\/p>\n\n\n\n<figure class=\"wp-block-image size-large\"><img loading=\"lazy\" decoding=\"async\" width=\"900\" height=\"506\" data-src=\"https:\/\/ffcv.es\/wp\/wp-content\/uploads\/2020\/02\/C30141CA-5CCB-4E2B-AE20-0E819020E6ED.jpg\" alt=\"31 enero- 50 Aniversario Atl\u00e9tico Nazaret\" class=\"wp-image-42158 lazyload\" data-srcset=\"https:\/\/ffcv.es\/wp\/wp-content\/uploads\/2020\/02\/C30141CA-5CCB-4E2B-AE20-0E819020E6ED.jpg 900w, https:\/\/ffcv.es\/wp\/wp-content\/uploads\/2020\/02\/C30141CA-5CCB-4E2B-AE20-0E819020E6ED-300x169.jpg 300w, https:\/\/ffcv.es\/wp\/wp-content\/uploads\/2020\/02\/C30141CA-5CCB-4E2B-AE20-0E819020E6ED-768x432.jpg 768w, https:\/\/ffcv.es\/wp\/wp-content\/uploads\/2020\/02\/C30141CA-5CCB-4E2B-AE20-0E819020E6ED-280x157.jpg 280w\" data-sizes=\"(max-width: 900px) 100vw, 900px\" src=\"data:image\/gif;base64,R0lGODlhAQABAAAAACH5BAEKAAEALAAAAAABAAEAAAICTAEAOw==\" style=\"--smush-placeholder-width: 900px; --smush-placeholder-aspect-ratio: 900\/506;\" \/><noscript><img loading=\"lazy\" decoding=\"async\" width=\"900\" height=\"506\" src=\"https:\/\/ffcv.es\/wp\/wp-content\/uploads\/2020\/02\/C30141CA-5CCB-4E2B-AE20-0E819020E6ED.jpg\" alt=\"31 enero- 50 Aniversario Atl\u00e9tico Nazaret\" class=\"wp-image-42158\" srcset=\"https:\/\/ffcv.es\/wp\/wp-content\/uploads\/2020\/02\/C30141CA-5CCB-4E2B-AE20-0E819020E6ED.jpg 900w, https:\/\/ffcv.es\/wp\/wp-content\/uploads\/2020\/02\/C30141CA-5CCB-4E2B-AE20-0E819020E6ED-300x169.jpg 300w, https:\/\/ffcv.es\/wp\/wp-content\/uploads\/2020\/02\/C30141CA-5CCB-4E2B-AE20-0E819020E6ED-768x432.jpg 768w, https:\/\/ffcv.es\/wp\/wp-content\/uploads\/2020\/02\/C30141CA-5CCB-4E2B-AE20-0E819020E6ED-280x157.jpg 280w\" sizes=\"(max-width: 900px) 100vw, 900px\" \/><\/noscript><figcaption>Felipe S\u00e1nchez ense\u00f1a la camiseta con su nombre en el dorsal.<\/figcaption><\/figure>\n\n\n\n<p>El presidente de la <strong>Federaci\u00f3 de Futbol de la Comunitat Valenciana<\/strong>, <strong>Salvador<\/strong> <strong>Gomar<\/strong>, le entreg\u00f3 una camiseta de la <strong>Selecci\u00f3 Valenciana <\/strong>con su nombre y otra con el nombre del club.<\/p>\n\n\n\n<p>Adem\u00e1s, <strong>Gomar<\/strong> le entreg\u00f3 una camiseta de la <strong>Selecci\u00f3n Espa\u00f1ola<\/strong> en nombre de <strong>Luis Rubiales<\/strong>, presidente de la <strong>RFEF<\/strong>, y de todo el f\u00fatbol espa\u00f1ol.<\/p>\n\n\n\n<figure class=\"wp-block-image size-large\"><img loading=\"lazy\" decoding=\"async\" width=\"1024\" height=\"682\" data-src=\"https:\/\/ffcv.es\/wp\/wp-content\/uploads\/2020\/02\/WhatsApp-Image-2020-01-31-at-20.36.20-1024x682.jpeg\" alt=\"\" class=\"wp-image-42163 lazyload\" data-srcset=\"https:\/\/ffcv.es\/wp\/wp-content\/uploads\/2020\/02\/WhatsApp-Image-2020-01-31-at-20.36.20-1024x682.jpeg 1024w, https:\/\/ffcv.es\/wp\/wp-content\/uploads\/2020\/02\/WhatsApp-Image-2020-01-31-at-20.36.20-300x200.jpeg 300w, https:\/\/ffcv.es\/wp\/wp-content\/uploads\/2020\/02\/WhatsApp-Image-2020-01-31-at-20.36.20-768x512.jpeg 768w, https:\/\/ffcv.es\/wp\/wp-content\/uploads\/2020\/02\/WhatsApp-Image-2020-01-31-at-20.36.20-1536x1023.jpeg 1536w, https:\/\/ffcv.es\/wp\/wp-content\/uploads\/2020\/02\/WhatsApp-Image-2020-01-31-at-20.36.20-280x187.jpeg 280w, https:\/\/ffcv.es\/wp\/wp-content\/uploads\/2020\/02\/WhatsApp-Image-2020-01-31-at-20.36.20-1170x780.jpeg 1170w, https:\/\/ffcv.es\/wp\/wp-content\/uploads\/2020\/02\/WhatsApp-Image-2020-01-31-at-20.36.20.jpeg 1600w\" data-sizes=\"(max-width: 1024px) 100vw, 1024px\" src=\"data:image\/gif;base64,R0lGODlhAQABAAAAACH5BAEKAAEALAAAAAABAAEAAAICTAEAOw==\" style=\"--smush-placeholder-width: 1024px; --smush-placeholder-aspect-ratio: 1024\/682;\" \/><noscript><img loading=\"lazy\" decoding=\"async\" width=\"1024\" height=\"682\" src=\"https:\/\/ffcv.es\/wp\/wp-content\/uploads\/2020\/02\/WhatsApp-Image-2020-01-31-at-20.36.20-1024x682.jpeg\" alt=\"\" class=\"wp-image-42163\" srcset=\"https:\/\/ffcv.es\/wp\/wp-content\/uploads\/2020\/02\/WhatsApp-Image-2020-01-31-at-20.36.20-1024x682.jpeg 1024w, https:\/\/ffcv.es\/wp\/wp-content\/uploads\/2020\/02\/WhatsApp-Image-2020-01-31-at-20.36.20-300x200.jpeg 300w, https:\/\/ffcv.es\/wp\/wp-content\/uploads\/2020\/02\/WhatsApp-Image-2020-01-31-at-20.36.20-768x512.jpeg 768w, https:\/\/ffcv.es\/wp\/wp-content\/uploads\/2020\/02\/WhatsApp-Image-2020-01-31-at-20.36.20-1536x1023.jpeg 1536w, https:\/\/ffcv.es\/wp\/wp-content\/uploads\/2020\/02\/WhatsApp-Image-2020-01-31-at-20.36.20-280x187.jpeg 280w, https:\/\/ffcv.es\/wp\/wp-content\/uploads\/2020\/02\/WhatsApp-Image-2020-01-31-at-20.36.20-1170x780.jpeg 1170w, https:\/\/ffcv.es\/wp\/wp-content\/uploads\/2020\/02\/WhatsApp-Image-2020-01-31-at-20.36.20.jpeg 1600w\" sizes=\"(max-width: 1024px) 100vw, 1024px\" \/><\/noscript><figcaption>Todos los jugadores del CD Atl\u00e9tico Nazaret, presentes en el 50 Aniversario del club<\/figcaption><\/figure>\n\n\n\n<p>El acto incluy\u00f3 tambi\u00e9n la presentaci\u00f3n de los equipos de la escuela y finaliz\u00f3 con el estreno del himno dedicado al 50 aniversario del <strong>Atl\u00e9tico Nazaret<\/strong>.<\/p>\n\n\n\n<figure class=\"wp-block-image size-large\"><img loading=\"lazy\" decoding=\"async\" width=\"900\" height=\"506\" data-src=\"https:\/\/ffcv.es\/wp\/wp-content\/uploads\/2020\/02\/3D6B1B0B-68C5-44EF-9CBA-8EB020F1E2DB.jpg\" alt=\"31 enero- 50 Aniversario Atl\u00e9tico Nazaret\" class=\"wp-image-42159 lazyload\" data-srcset=\"https:\/\/ffcv.es\/wp\/wp-content\/uploads\/2020\/02\/3D6B1B0B-68C5-44EF-9CBA-8EB020F1E2DB.jpg 900w, https:\/\/ffcv.es\/wp\/wp-content\/uploads\/2020\/02\/3D6B1B0B-68C5-44EF-9CBA-8EB020F1E2DB-300x169.jpg 300w, https:\/\/ffcv.es\/wp\/wp-content\/uploads\/2020\/02\/3D6B1B0B-68C5-44EF-9CBA-8EB020F1E2DB-768x432.jpg 768w, https:\/\/ffcv.es\/wp\/wp-content\/uploads\/2020\/02\/3D6B1B0B-68C5-44EF-9CBA-8EB020F1E2DB-280x157.jpg 280w\" data-sizes=\"(max-width: 900px) 100vw, 900px\" src=\"data:image\/gif;base64,R0lGODlhAQABAAAAACH5BAEKAAEALAAAAAABAAEAAAICTAEAOw==\" style=\"--smush-placeholder-width: 900px; --smush-placeholder-aspect-ratio: 900\/506;\" \/><noscript><img loading=\"lazy\" decoding=\"async\" width=\"900\" height=\"506\" src=\"https:\/\/ffcv.es\/wp\/wp-content\/uploads\/2020\/02\/3D6B1B0B-68C5-44EF-9CBA-8EB020F1E2DB.jpg\" alt=\"31 enero- 50 Aniversario Atl\u00e9tico Nazaret\" class=\"wp-image-42159\" srcset=\"https:\/\/ffcv.es\/wp\/wp-content\/uploads\/2020\/02\/3D6B1B0B-68C5-44EF-9CBA-8EB020F1E2DB.jpg 900w, https:\/\/ffcv.es\/wp\/wp-content\/uploads\/2020\/02\/3D6B1B0B-68C5-44EF-9CBA-8EB020F1E2DB-300x169.jpg 300w, https:\/\/ffcv.es\/wp\/wp-content\/uploads\/2020\/02\/3D6B1B0B-68C5-44EF-9CBA-8EB020F1E2DB-768x432.jpg 768w, https:\/\/ffcv.es\/wp\/wp-content\/uploads\/2020\/02\/3D6B1B0B-68C5-44EF-9CBA-8EB020F1E2DB-280x157.jpg 280w\" sizes=\"(max-width: 900px) 100vw, 900px\" \/><\/noscript><figcaption>Salvador Gomar asisti\u00f3 al evento del At. Nazaret.<\/figcaption><\/figure>\n","protected":false},"excerpt":{"rendered":"<p>El CD Atl\u00e9tico Nazaret celebr\u00f3 este viernes su 50 aniversario en una emotiva fiesta a la que asistieron centenares de amigos del club valenciano. Felipe S\u00e1nchez, actual presidente del club nazareno, fue el vivo reflejo de la emotividad de un acto cargado de simbolismo. Los protagonistas dela gala fueron todos los chavales de la cantera<\/p>\n","protected":false},"author":16,"featured_media":42160,"comment_status":"closed","ping_status":"closed","sticky":false,"template":"","format":"standard","meta":{"om_disable_all_campaigns":false,"footnotes":""},"categories":[69],"tags":[3696,3694,3695,3692],"class_list":["post-42156","post","type-post","status-publish","format-standard","has-post-thumbnail","hentry","category-noticias-ffcv","tag-3696","tag-cd-atletico-nazaret","tag-felipe","tag-nazaret"],"aioseo_notices":[],"_links":{"self":[{"href":"https:\/\/ffcv.es\/wp\/wp-json\/wp\/v2\/posts\/42156"}],"collection":[{"href":"https:\/\/ffcv.es\/wp\/wp-json\/wp\/v2\/posts"}],"about":[{"href":"https:\/\/ffcv.es\/wp\/wp-json\/wp\/v2\/types\/post"}],"author":[{"embeddable":true,"href":"https:\/\/ffcv.es\/wp\/wp-json\/wp\/v2\/users\/16"}],"replies":[{"embeddable":true,"href":"https:\/\/ffcv.es\/wp\/wp-json\/wp\/v2\/comments?post=42156"}],"version-history":[{"count":3,"href":"https:\/\/ffcv.es\/wp\/wp-json\/wp\/v2\/posts\/42156\/revisions"}],"predecessor-version":[{"id":42165,"href":"https:\/\/ffcv.es\/wp\/wp-json\/wp\/v2\/posts\/42156\/revisions\/42165"}],"wp:featuredmedia":[{"embeddable":true,"href":"https:\/\/ffcv.es\/wp\/wp-json\/wp\/v2\/media\/42160"}],"wp:attachment":[{"href":"https:\/\/ffcv.es\/wp\/wp-json\/wp\/v2\/media?parent=42156"}],"wp:term":[{"taxonomy":"category","embeddable":true,"href":"https:\/\/ffcv.es\/wp\/wp-json\/wp\/v2\/categories?post=42156"},{"taxonomy":"post_tag","embeddable":true,"href":"https:\/\/ffcv.es\/wp\/wp-json\/wp\/v2\/tags?post=42156"}],"curies":[{"name":"wp","href":"https:\/\/api.w.org\/{rel}","templated":true}]}}