{"id":4208,"date":"2016-05-25T15:09:09","date_gmt":"2016-05-25T15:09:09","guid":{"rendered":"https:\/\/ffcv.es\/wp\/?p=4208"},"modified":"2016-05-25T15:09:09","modified_gmt":"2016-05-25T15:09:09","slug":"centenar-tecnicos-valencianos-disfrutaron-staff-la-seleccion-espanola-pego","status":"publish","type":"post","link":"https:\/\/ffcv.es\/wp\/blog\/2016\/05\/centenar-tecnicos-valencianos-disfrutaron-staff-la-seleccion-espanola-pego\/","title":{"rendered":"Un centenar de t\u00e9cnicos valencianos disfrutaron con el &#8216;staff&#8217; de la Selecci\u00f3n Espa\u00f1ola en Pego"},"content":{"rendered":"<p>Excepcional ambiente el vivido en la tarde de ayer en la localidad alicantina de Pego con la Jornada de Actualizaci\u00f3n para Entrenadores que cont\u00f3 con buena parte del &#8216;staff&#8217; t\u00e9cnico de la Selecci\u00f3n Espa\u00f1ola de F\u00fatbol.<\/p>\n<div align=\"center\"><script src=\"\/\/pagead2.googlesyndication.com\/pagead\/js\/adsbygoogle.js\" async=\"\"><\/script><!-- cabecera_paginas_adaptable --> <ins class=\"adsbygoogle\" style=\"display: block; background: none !important;\" data-ad-client=\"ca-pub-8508993344894927\" data-ad-slot=\"8273813495\" data-ad-format=\"auto\"><\/ins><script>\/\/ <![CDATA[\n(adsbygoogle = window.adsbygoogle || []).push({});\n\/\/ ]]><\/script><\/div>\n<p><img loading=\"lazy\" decoding=\"async\" class=\"size-medium wp-image-4209 alignright lazyload\" data-src=\"https:\/\/ffcv.es\/wp\/wp-content\/uploads\/2016\/05\/20160524_18123401-300x169.jpg\" alt=\"20160524_181234(0)[1]\" width=\"300\" height=\"169\" data-srcset=\"https:\/\/ffcv.es\/wp\/wp-content\/uploads\/2016\/05\/20160524_18123401-300x169.jpg 300w, https:\/\/ffcv.es\/wp\/wp-content\/uploads\/2016\/05\/20160524_18123401-768x432.jpg 768w, https:\/\/ffcv.es\/wp\/wp-content\/uploads\/2016\/05\/20160524_18123401-1024x576.jpg 1024w\" data-sizes=\"(max-width: 300px) 100vw, 300px\" src=\"data:image\/gif;base64,R0lGODlhAQABAAAAACH5BAEKAAEALAAAAAABAAEAAAICTAEAOw==\" style=\"--smush-placeholder-width: 300px; --smush-placeholder-aspect-ratio: 300\/169;\" \/><noscript><img loading=\"lazy\" decoding=\"async\" class=\"size-medium wp-image-4209 alignright\" src=\"https:\/\/ffcv.es\/wp\/wp-content\/uploads\/2016\/05\/20160524_18123401-300x169.jpg\" alt=\"20160524_181234(0)[1]\" width=\"300\" height=\"169\" srcset=\"https:\/\/ffcv.es\/wp\/wp-content\/uploads\/2016\/05\/20160524_18123401-300x169.jpg 300w, https:\/\/ffcv.es\/wp\/wp-content\/uploads\/2016\/05\/20160524_18123401-768x432.jpg 768w, https:\/\/ffcv.es\/wp\/wp-content\/uploads\/2016\/05\/20160524_18123401-1024x576.jpg 1024w\" sizes=\"(max-width: 300px) 100vw, 300px\" \/><\/noscript>Organizado por el Comit\u00e9 de Entrenadores de la Federaci\u00f3n de F\u00fatbol de la Comunidad Valenciana y la Delegaci\u00f3n federativa de Alicante, en colaboraci\u00f3n con el Ayuntamiento de la localidad, el Campo &#8216;Cervantes&#8217; de Pego alberg\u00f3 en la tarde de ayer una interesante Jornada de Actualizaci\u00f3n para Entrenadores con la inestimable presencia del responsable de las categor\u00edas inferiores de la Selecci\u00f3n Espa\u00f1ola, Gin\u00e9z Mel\u00e9ndez, y de los miembros del cuerpo t\u00e9cnico de la Real Federaci\u00f3n Espa\u00f1ola de F\u00fatbol Miguel Angel Espa\u00f1a, Juan Carlos G\u00f3mez, David Gordo, Santi Denia y Luis de la Fuente. Junto al equipo juvenil del Pego CF, los t\u00e9cnicos de la Selecci\u00f3n Espa\u00f1ola desarrollaron ante un centenar de entrenadores valencianos diferentes ejercicios espec\u00edficos de porteros, de preparaci\u00f3n f\u00edsica y activaci\u00f3n, situaciones de defensa y ataque y de recuperaci\u00f3n de los jugadores.<\/p>\n<p><img loading=\"lazy\" decoding=\"async\" class=\"alignnone size-medium wp-image-4210 lazyload\" data-src=\"https:\/\/ffcv.es\/wp\/wp-content\/uploads\/2016\/05\/20160524_1631551-300x169.jpg\" alt=\"20160524_163155[1]\" width=\"300\" height=\"169\" data-srcset=\"https:\/\/ffcv.es\/wp\/wp-content\/uploads\/2016\/05\/20160524_1631551-300x169.jpg 300w, https:\/\/ffcv.es\/wp\/wp-content\/uploads\/2016\/05\/20160524_1631551-768x432.jpg 768w, https:\/\/ffcv.es\/wp\/wp-content\/uploads\/2016\/05\/20160524_1631551-1024x576.jpg 1024w\" data-sizes=\"(max-width: 300px) 100vw, 300px\" src=\"data:image\/gif;base64,R0lGODlhAQABAAAAACH5BAEKAAEALAAAAAABAAEAAAICTAEAOw==\" style=\"--smush-placeholder-width: 300px; --smush-placeholder-aspect-ratio: 300\/169;\" \/><noscript><img loading=\"lazy\" decoding=\"async\" class=\"alignnone size-medium wp-image-4210\" src=\"https:\/\/ffcv.es\/wp\/wp-content\/uploads\/2016\/05\/20160524_1631551-300x169.jpg\" alt=\"20160524_163155[1]\" width=\"300\" height=\"169\" srcset=\"https:\/\/ffcv.es\/wp\/wp-content\/uploads\/2016\/05\/20160524_1631551-300x169.jpg 300w, https:\/\/ffcv.es\/wp\/wp-content\/uploads\/2016\/05\/20160524_1631551-768x432.jpg 768w, https:\/\/ffcv.es\/wp\/wp-content\/uploads\/2016\/05\/20160524_1631551-1024x576.jpg 1024w\" sizes=\"(max-width: 300px) 100vw, 300px\" \/><\/noscript><\/p>\n<p><img loading=\"lazy\" decoding=\"async\" class=\"size-medium wp-image-4211 alignright lazyload\" data-src=\"https:\/\/ffcv.es\/wp\/wp-content\/uploads\/2016\/05\/20160524_1848311-300x169.jpg\" alt=\"20160524_184831[1]\" width=\"300\" height=\"169\" data-srcset=\"https:\/\/ffcv.es\/wp\/wp-content\/uploads\/2016\/05\/20160524_1848311-300x169.jpg 300w, https:\/\/ffcv.es\/wp\/wp-content\/uploads\/2016\/05\/20160524_1848311-768x432.jpg 768w, https:\/\/ffcv.es\/wp\/wp-content\/uploads\/2016\/05\/20160524_1848311-1024x576.jpg 1024w\" data-sizes=\"(max-width: 300px) 100vw, 300px\" src=\"data:image\/gif;base64,R0lGODlhAQABAAAAACH5BAEKAAEALAAAAAABAAEAAAICTAEAOw==\" style=\"--smush-placeholder-width: 300px; --smush-placeholder-aspect-ratio: 300\/169;\" \/><noscript><img loading=\"lazy\" decoding=\"async\" class=\"size-medium wp-image-4211 alignright\" src=\"https:\/\/ffcv.es\/wp\/wp-content\/uploads\/2016\/05\/20160524_1848311-300x169.jpg\" alt=\"20160524_184831[1]\" width=\"300\" height=\"169\" srcset=\"https:\/\/ffcv.es\/wp\/wp-content\/uploads\/2016\/05\/20160524_1848311-300x169.jpg 300w, https:\/\/ffcv.es\/wp\/wp-content\/uploads\/2016\/05\/20160524_1848311-768x432.jpg 768w, https:\/\/ffcv.es\/wp\/wp-content\/uploads\/2016\/05\/20160524_1848311-1024x576.jpg 1024w\" sizes=\"(max-width: 300px) 100vw, 300px\" \/><\/noscript>Posteriormente, la Jornada se traslad\u00f3 a la Casa de la Cultura de Pego, donde tuvo lugar una sesi\u00f3n te\u00f3rica y de video de todo lo visto anteriormente sobre el c\u00e9sped, y donde los entrenadores valencianos pudieron compartir un tiempo de debate con los representantes del &#8216;staff&#8217; de la RFEF. En palabras de Gin\u00e9s Mel\u00e9ndez, <em>\u00abes todo un honor poder compartir con los t\u00e9cnicos de la Comunidad Valenciana parte de nuestro trabajo, y s\u00f3lo podemos que agradecer al presidente Vicente Mu\u00f1oz, al delegado en Alicante, Dami\u00e1n L\u00f3pez, y al responsable de los entrenadores valencianos, Pepe Mart\u00ednez, que hayan querido que hoy, aunque fuera tan s\u00f3lo por unas horas, estuvi\u00e9semos aqu\u00ed en Pego disfrutando con lo que m\u00e1s nos gusta, el f\u00fatbol, e intentando transmitir la labor que realizamos d\u00eda a d\u00eda desde la Real Federaci\u00f3n Espa\u00f1ola de F\u00fatbol\u00bb<\/em>.<\/p>\n<p><img loading=\"lazy\" decoding=\"async\" class=\"alignnone size-medium wp-image-4212 lazyload\" data-src=\"https:\/\/ffcv.es\/wp\/wp-content\/uploads\/2016\/05\/20160524_18495101-300x169.jpg\" alt=\"20160524_184951(0)[1]\" width=\"300\" height=\"169\" data-srcset=\"https:\/\/ffcv.es\/wp\/wp-content\/uploads\/2016\/05\/20160524_18495101-300x169.jpg 300w, https:\/\/ffcv.es\/wp\/wp-content\/uploads\/2016\/05\/20160524_18495101-768x432.jpg 768w, https:\/\/ffcv.es\/wp\/wp-content\/uploads\/2016\/05\/20160524_18495101-1024x576.jpg 1024w\" data-sizes=\"(max-width: 300px) 100vw, 300px\" src=\"data:image\/gif;base64,R0lGODlhAQABAAAAACH5BAEKAAEALAAAAAABAAEAAAICTAEAOw==\" style=\"--smush-placeholder-width: 300px; --smush-placeholder-aspect-ratio: 300\/169;\" \/><noscript><img loading=\"lazy\" decoding=\"async\" class=\"alignnone size-medium wp-image-4212\" src=\"https:\/\/ffcv.es\/wp\/wp-content\/uploads\/2016\/05\/20160524_18495101-300x169.jpg\" alt=\"20160524_184951(0)[1]\" width=\"300\" height=\"169\" srcset=\"https:\/\/ffcv.es\/wp\/wp-content\/uploads\/2016\/05\/20160524_18495101-300x169.jpg 300w, https:\/\/ffcv.es\/wp\/wp-content\/uploads\/2016\/05\/20160524_18495101-768x432.jpg 768w, https:\/\/ffcv.es\/wp\/wp-content\/uploads\/2016\/05\/20160524_18495101-1024x576.jpg 1024w\" sizes=\"(max-width: 300px) 100vw, 300px\" \/><\/noscript><\/p>\n<p><em>Autor: Prensa FFCV<\/em><\/p>\n","protected":false},"excerpt":{"rendered":"<p>Excepcional ambiente el vivido en la tarde de ayer en la localidad alicantina de Pego con la Jornada de Actualizaci\u00f3n para Entrenadores que cont\u00f3 con buena parte del &#8216;staff&#8217; t\u00e9cnico de la Selecci\u00f3n Espa\u00f1ola de F\u00fatbol. Organizado por el Comit\u00e9 de Entrenadores de la Federaci\u00f3n de F\u00fatbol de la Comunidad Valenciana y la Delegaci\u00f3n federativa<\/p>\n","protected":false},"author":5,"featured_media":4210,"comment_status":"closed","ping_status":"closed","sticky":false,"template":"","format":"standard","meta":{"om_disable_all_campaigns":false,"footnotes":""},"categories":[16,70,69],"tags":[129,98,137,81],"class_list":["post-4208","post","type-post","status-publish","format-standard","has-post-thumbnail","hentry","category-actualidad","category-noticias-entrenadores-noticias-arbitros","category-noticias-ffcv","tag-entrenadores","tag-futbol","tag-rfef","tag-tecnicos"],"aioseo_notices":[],"_links":{"self":[{"href":"https:\/\/ffcv.es\/wp\/wp-json\/wp\/v2\/posts\/4208"}],"collection":[{"href":"https:\/\/ffcv.es\/wp\/wp-json\/wp\/v2\/posts"}],"about":[{"href":"https:\/\/ffcv.es\/wp\/wp-json\/wp\/v2\/types\/post"}],"author":[{"embeddable":true,"href":"https:\/\/ffcv.es\/wp\/wp-json\/wp\/v2\/users\/5"}],"replies":[{"embeddable":true,"href":"https:\/\/ffcv.es\/wp\/wp-json\/wp\/v2\/comments?post=4208"}],"version-history":[{"count":1,"href":"https:\/\/ffcv.es\/wp\/wp-json\/wp\/v2\/posts\/4208\/revisions"}],"predecessor-version":[{"id":4213,"href":"https:\/\/ffcv.es\/wp\/wp-json\/wp\/v2\/posts\/4208\/revisions\/4213"}],"wp:featuredmedia":[{"embeddable":true,"href":"https:\/\/ffcv.es\/wp\/wp-json\/wp\/v2\/media\/4210"}],"wp:attachment":[{"href":"https:\/\/ffcv.es\/wp\/wp-json\/wp\/v2\/media?parent=4208"}],"wp:term":[{"taxonomy":"category","embeddable":true,"href":"https:\/\/ffcv.es\/wp\/wp-json\/wp\/v2\/categories?post=4208"},{"taxonomy":"post_tag","embeddable":true,"href":"https:\/\/ffcv.es\/wp\/wp-json\/wp\/v2\/tags?post=4208"}],"curies":[{"name":"wp","href":"https:\/\/api.w.org\/{rel}","templated":true}]}}