{"id":40468,"date":"2019-12-19T10:47:01","date_gmt":"2019-12-19T08:47:01","guid":{"rendered":"https:\/\/ffcv.es\/wp\/?p=40468"},"modified":"2019-12-19T10:58:45","modified_gmt":"2019-12-19T08:58:45","slug":"santi-triguero-jugar-en-casa-en-peniscola-nos-motiva","status":"publish","type":"post","link":"https:\/\/ffcv.es\/wp\/blog\/2019\/12\/santi-triguero-jugar-en-casa-en-peniscola-nos-motiva\/","title":{"rendered":"Santi Triguero: \u00abJugar en casa, en Pe\u00f1\u00edscola, nos motiva todav\u00eda m\u00e1s\u00bb"},"content":{"rendered":"\n<p>El seleccionador valenciano <strong>Santi Triguero<\/strong> destac\u00f3 el factor campo como una de las claves del <strong>Campeonato Nacional de Selecciones Auton\u00f3micas<\/strong> que disputa este fin de semana la <strong>Selecci\u00f3n Valenciana Valenta sub17<\/strong> en <strong>Pe\u00f1\u00edscola<\/strong>.<\/p>\n\n\n\n<p>\u00abMis jugadoras est\u00e1n muy motivadas, entusiasmadas por jugar esta fase en <strong>Pe\u00f1\u00edscola<\/strong>, delante de nuestro p\u00fablico. Es un factor importante y nos motiva todav\u00eda m\u00e1s\u00bb, se\u00f1ala <strong>Triguero<\/strong>.<\/p>\n\n\n\n<p>La <strong>Selecci\u00f3 Valenciana sub17 <\/strong>se enfrentar\u00e1 el viernes y el domingo a <strong>La Rioja<\/strong> y a <strong>Castilla y Le\u00f3n<\/strong> en el<strong> Campo de F\u00fatbol Benedicto XII de Pe\u00f1\u00edscola<\/strong>.<\/p>\n\n\n\n<figure class=\"wp-block-embed-youtube wp-block-embed is-type-video is-provider-youtube wp-embed-aspect-16-9 wp-has-aspect-ratio\"><div class=\"wp-block-embed__wrapper\">\n<iframe loading=\"lazy\" title=\"Entrevista a Santi Triguero, seleccionador Valenta sub17\" width=\"500\" height=\"281\" data-src=\"https:\/\/www.youtube.com\/embed\/1lRI6v1wuFs?feature=oembed\" frameborder=\"0\" allow=\"accelerometer; autoplay; clipboard-write; encrypted-media; gyroscope; picture-in-picture; web-share\" referrerpolicy=\"strict-origin-when-cross-origin\" allowfullscreen src=\"data:image\/gif;base64,R0lGODlhAQABAAAAACH5BAEKAAEALAAAAAABAAEAAAICTAEAOw==\" class=\"lazyload\" data-load-mode=\"1\"><\/iframe>\n<\/div><figcaption>Entrevista a Santi Triguero.<\/figcaption><\/figure>\n\n\n\n<p>\u00abLa idea es sumar los seis puntos para, sumando los puntos de la Selecci\u00f3 sub15, pasar como primeras de grupo a la siguiente fase\u00bb, a\u00f1adi\u00f3.<\/p>\n\n\n\n<p>Respecto al nivel de los rivales, <strong>Triguero<\/strong> reconoci\u00f3 haber estudiado a ambas selecciones.<\/p>\n\n\n\n<p>\u00abCreo que por sus caracter\u00edsticas, el f\u00fatbol de <strong>La Rioja<\/strong> nos puede venir mejor\u00bb, apunt\u00f3.<\/p>\n\n\n\n<p>Si bien reconoci\u00f3 que \u00abhoy en d\u00eda no hay rivales fuertes ni d\u00e9biles porque las selecciones progresan cada vez m\u00e1s\u00bb.<\/p>\n\n\n\n<p>El viernes a las 12:30 ser\u00e1 el debut de la <strong>Selecci\u00f3 Valenciana sub17<\/strong> de <strong>Santi Triguero <\/strong>ante <strong>La Rioja<\/strong>.<\/p>\n\n\n\n<figure class=\"wp-block-image size-large\"><img loading=\"lazy\" decoding=\"async\" width=\"1024\" height=\"576\" data-src=\"https:\/\/ffcv.es\/wp\/wp-content\/uploads\/2019\/12\/Convocatoria-Valenta-sub17-Pen\u0303i\u0301scola-1024x576.jpg\" alt=\"\" class=\"wp-image-40291 lazyload\" data-srcset=\"https:\/\/ffcv.es\/wp\/wp-content\/uploads\/2019\/12\/Convocatoria-Valenta-sub17-Pen\u0303i\u0301scola-1024x576.jpg 1024w, https:\/\/ffcv.es\/wp\/wp-content\/uploads\/2019\/12\/Convocatoria-Valenta-sub17-Pen\u0303i\u0301scola-300x169.jpg 300w, https:\/\/ffcv.es\/wp\/wp-content\/uploads\/2019\/12\/Convocatoria-Valenta-sub17-Pen\u0303i\u0301scola-768x432.jpg 768w, https:\/\/ffcv.es\/wp\/wp-content\/uploads\/2019\/12\/Convocatoria-Valenta-sub17-Pen\u0303i\u0301scola-1536x864.jpg 1536w, https:\/\/ffcv.es\/wp\/wp-content\/uploads\/2019\/12\/Convocatoria-Valenta-sub17-Pen\u0303i\u0301scola-280x158.jpg 280w, https:\/\/ffcv.es\/wp\/wp-content\/uploads\/2019\/12\/Convocatoria-Valenta-sub17-Pen\u0303i\u0301scola-1170x658.jpg 1170w, https:\/\/ffcv.es\/wp\/wp-content\/uploads\/2019\/12\/Convocatoria-Valenta-sub17-Pen\u0303i\u0301scola.jpg 1920w\" data-sizes=\"(max-width: 1024px) 100vw, 1024px\" src=\"data:image\/gif;base64,R0lGODlhAQABAAAAACH5BAEKAAEALAAAAAABAAEAAAICTAEAOw==\" style=\"--smush-placeholder-width: 1024px; --smush-placeholder-aspect-ratio: 1024\/576;\" \/><noscript><img loading=\"lazy\" decoding=\"async\" width=\"1024\" height=\"576\" src=\"https:\/\/ffcv.es\/wp\/wp-content\/uploads\/2019\/12\/Convocatoria-Valenta-sub17-Pen\u0303i\u0301scola-1024x576.jpg\" alt=\"\" class=\"wp-image-40291\" srcset=\"https:\/\/ffcv.es\/wp\/wp-content\/uploads\/2019\/12\/Convocatoria-Valenta-sub17-Pen\u0303i\u0301scola-1024x576.jpg 1024w, https:\/\/ffcv.es\/wp\/wp-content\/uploads\/2019\/12\/Convocatoria-Valenta-sub17-Pen\u0303i\u0301scola-300x169.jpg 300w, https:\/\/ffcv.es\/wp\/wp-content\/uploads\/2019\/12\/Convocatoria-Valenta-sub17-Pen\u0303i\u0301scola-768x432.jpg 768w, https:\/\/ffcv.es\/wp\/wp-content\/uploads\/2019\/12\/Convocatoria-Valenta-sub17-Pen\u0303i\u0301scola-1536x864.jpg 1536w, https:\/\/ffcv.es\/wp\/wp-content\/uploads\/2019\/12\/Convocatoria-Valenta-sub17-Pen\u0303i\u0301scola-280x158.jpg 280w, https:\/\/ffcv.es\/wp\/wp-content\/uploads\/2019\/12\/Convocatoria-Valenta-sub17-Pen\u0303i\u0301scola-1170x658.jpg 1170w, https:\/\/ffcv.es\/wp\/wp-content\/uploads\/2019\/12\/Convocatoria-Valenta-sub17-Pen\u0303i\u0301scola.jpg 1920w\" sizes=\"(max-width: 1024px) 100vw, 1024px\" \/><\/noscript><figcaption>Jugadoras convocadas por Santi Triguero para esta primera fase del CNSA.<\/figcaption><\/figure>\n","protected":false},"excerpt":{"rendered":"<p>El seleccionador valenciano Santi Triguero destac\u00f3 el factor campo como una de las claves del Campeonato Nacional de Selecciones Auton\u00f3micas que disputa este fin de semana la Selecci\u00f3n Valenciana Valenta sub17 en Pe\u00f1\u00edscola. \u00abMis jugadoras est\u00e1n muy motivadas, entusiasmadas por jugar esta fase en Pe\u00f1\u00edscola, delante de nuestro p\u00fablico. Es un factor importante y nos<\/p>\n","protected":false},"author":16,"featured_media":37436,"comment_status":"closed","ping_status":"closed","sticky":false,"template":"","format":"standard","meta":{"om_disable_all_campaigns":false,"footnotes":""},"categories":[3438,72,1282],"tags":[],"class_list":["post-40468","post","type-post","status-publish","format-standard","has-post-thumbnail","hentry","category-noticias-seleccion-valenta-sub16","category-noticias-selecciones","category-portada"],"aioseo_notices":[],"_links":{"self":[{"href":"https:\/\/ffcv.es\/wp\/wp-json\/wp\/v2\/posts\/40468"}],"collection":[{"href":"https:\/\/ffcv.es\/wp\/wp-json\/wp\/v2\/posts"}],"about":[{"href":"https:\/\/ffcv.es\/wp\/wp-json\/wp\/v2\/types\/post"}],"author":[{"embeddable":true,"href":"https:\/\/ffcv.es\/wp\/wp-json\/wp\/v2\/users\/16"}],"replies":[{"embeddable":true,"href":"https:\/\/ffcv.es\/wp\/wp-json\/wp\/v2\/comments?post=40468"}],"version-history":[{"count":2,"href":"https:\/\/ffcv.es\/wp\/wp-json\/wp\/v2\/posts\/40468\/revisions"}],"predecessor-version":[{"id":40471,"href":"https:\/\/ffcv.es\/wp\/wp-json\/wp\/v2\/posts\/40468\/revisions\/40471"}],"wp:featuredmedia":[{"embeddable":true,"href":"https:\/\/ffcv.es\/wp\/wp-json\/wp\/v2\/media\/37436"}],"wp:attachment":[{"href":"https:\/\/ffcv.es\/wp\/wp-json\/wp\/v2\/media?parent=40468"}],"wp:term":[{"taxonomy":"category","embeddable":true,"href":"https:\/\/ffcv.es\/wp\/wp-json\/wp\/v2\/categories?post=40468"},{"taxonomy":"post_tag","embeddable":true,"href":"https:\/\/ffcv.es\/wp\/wp-json\/wp\/v2\/tags?post=40468"}],"curies":[{"name":"wp","href":"https:\/\/api.w.org\/{rel}","templated":true}]}}