{"id":40416,"date":"2019-12-17T13:35:54","date_gmt":"2019-12-17T11:35:54","guid":{"rendered":"https:\/\/ffcv.es\/wp\/?p=40416"},"modified":"2019-12-17T13:36:19","modified_gmt":"2019-12-17T11:36:19","slug":"convocatoria-seleccio-valenciana-sub16-masculina-2","status":"publish","type":"post","link":"https:\/\/ffcv.es\/wp\/blog\/2019\/12\/convocatoria-seleccio-valenciana-sub16-masculina-2\/","title":{"rendered":"Convocatoria Selecci\u00f3 Valenciana sub16 masculina de f\u00fatbol sala"},"content":{"rendered":"\n<p>El seleccionador sub16 de futsal masculino <strong>Javier Lozano<\/strong> ha citado a 15 jugadores para la sesi\u00f3n de entrenamiento y el partido amistoso que se celebrar\u00e1n el lunes 23 de diciembre en <strong>Alfafar<\/strong>.<\/p>\n\n\n\n<p>El combinado auton\u00f3mico realizar\u00e1 una sesi\u00f3n de trabajo matinal en la v\u00edspera de <strong>Nochebuena<\/strong> y por la tarde se enfrentar\u00e1 al <strong>Salesianos San Antonio Abad<\/strong> de categor\u00eda juvenil.<\/p>\n\n\n\n<p>El partido comenzar\u00e1 a las 17:00 en el <strong>Pabell\u00f3n del Complejo Deportivo Municipal de Alfafar<\/strong>, donde la <strong>Selecci\u00f3<\/strong> se habr\u00e1 entrenado por la ma\u00f1ana.<\/p>\n\n\n\n<div class=\"wp-block-file\"><a href=\"https:\/\/ffcv.es\/wp\/wp-content\/uploads\/2019\/12\/CONV.-SUB-16-F.S.-ALFAFAR-1.pdf\">Convocatoria Selecci\u00f3 sub16 masculina futsal<\/a><a href=\"https:\/\/ffcv.es\/wp\/wp-content\/uploads\/2019\/12\/CONV.-SUB-16-F.S.-ALFAFAR-1.pdf\" class=\"wp-block-file__button\" download>Descarga<\/a><\/div>\n\n\n\n<figure class=\"wp-block-image size-large\"><img loading=\"lazy\" decoding=\"async\" width=\"1024\" height=\"800\" data-src=\"https:\/\/ffcv.es\/wp\/wp-content\/uploads\/2019\/01\/IMG_20190126_130122-1024x800.jpg\" alt=\"\" class=\"wp-image-24665 lazyload\" data-srcset=\"https:\/\/ffcv.es\/wp\/wp-content\/uploads\/2019\/01\/IMG_20190126_130122-1024x800.jpg 1024w, https:\/\/ffcv.es\/wp\/wp-content\/uploads\/2019\/01\/IMG_20190126_130122-300x234.jpg 300w, https:\/\/ffcv.es\/wp\/wp-content\/uploads\/2019\/01\/IMG_20190126_130122-768x600.jpg 768w\" data-sizes=\"(max-width: 1024px) 100vw, 1024px\" src=\"data:image\/gif;base64,R0lGODlhAQABAAAAACH5BAEKAAEALAAAAAABAAEAAAICTAEAOw==\" style=\"--smush-placeholder-width: 1024px; --smush-placeholder-aspect-ratio: 1024\/800;\" \/><noscript><img loading=\"lazy\" decoding=\"async\" width=\"1024\" height=\"800\" src=\"https:\/\/ffcv.es\/wp\/wp-content\/uploads\/2019\/01\/IMG_20190126_130122-1024x800.jpg\" alt=\"\" class=\"wp-image-24665\" srcset=\"https:\/\/ffcv.es\/wp\/wp-content\/uploads\/2019\/01\/IMG_20190126_130122-1024x800.jpg 1024w, https:\/\/ffcv.es\/wp\/wp-content\/uploads\/2019\/01\/IMG_20190126_130122-300x234.jpg 300w, https:\/\/ffcv.es\/wp\/wp-content\/uploads\/2019\/01\/IMG_20190126_130122-768x600.jpg 768w\" sizes=\"(max-width: 1024px) 100vw, 1024px\" \/><\/noscript><\/figure>\n","protected":false},"excerpt":{"rendered":"<p>El seleccionador sub16 de futsal masculino Javier Lozano ha citado a 15 jugadores para la sesi\u00f3n de entrenamiento y el partido amistoso que se celebrar\u00e1n el lunes 23 de diciembre en Alfafar. El combinado auton\u00f3mico realizar\u00e1 una sesi\u00f3n de trabajo matinal en la v\u00edspera de Nochebuena y por la tarde se enfrentar\u00e1 al Salesianos San<\/p>\n","protected":false},"author":16,"featured_media":37178,"comment_status":"closed","ping_status":"closed","sticky":false,"template":"","format":"standard","meta":{"om_disable_all_campaigns":false,"footnotes":""},"categories":[3456,69],"tags":[],"class_list":["post-40416","post","type-post","status-publish","format-standard","has-post-thumbnail","hentry","category-seleccio-valenciana-futsal-sub16","category-noticias-ffcv"],"aioseo_notices":[],"_links":{"self":[{"href":"https:\/\/ffcv.es\/wp\/wp-json\/wp\/v2\/posts\/40416"}],"collection":[{"href":"https:\/\/ffcv.es\/wp\/wp-json\/wp\/v2\/posts"}],"about":[{"href":"https:\/\/ffcv.es\/wp\/wp-json\/wp\/v2\/types\/post"}],"author":[{"embeddable":true,"href":"https:\/\/ffcv.es\/wp\/wp-json\/wp\/v2\/users\/16"}],"replies":[{"embeddable":true,"href":"https:\/\/ffcv.es\/wp\/wp-json\/wp\/v2\/comments?post=40416"}],"version-history":[{"count":2,"href":"https:\/\/ffcv.es\/wp\/wp-json\/wp\/v2\/posts\/40416\/revisions"}],"predecessor-version":[{"id":40419,"href":"https:\/\/ffcv.es\/wp\/wp-json\/wp\/v2\/posts\/40416\/revisions\/40419"}],"wp:featuredmedia":[{"embeddable":true,"href":"https:\/\/ffcv.es\/wp\/wp-json\/wp\/v2\/media\/37178"}],"wp:attachment":[{"href":"https:\/\/ffcv.es\/wp\/wp-json\/wp\/v2\/media?parent=40416"}],"wp:term":[{"taxonomy":"category","embeddable":true,"href":"https:\/\/ffcv.es\/wp\/wp-json\/wp\/v2\/categories?post=40416"},{"taxonomy":"post_tag","embeddable":true,"href":"https:\/\/ffcv.es\/wp\/wp-json\/wp\/v2\/tags?post=40416"}],"curies":[{"name":"wp","href":"https:\/\/api.w.org\/{rel}","templated":true}]}}